{"id":125286,"date":"2025-09-19T13:41:07","date_gmt":"2025-09-19T13:41:07","guid":{"rendered":"https:\/\/www.europesays.com\/es\/125286\/"},"modified":"2025-09-19T13:41:07","modified_gmt":"2025-09-19T13:41:07","slug":"todos-somos-jimmy-kimmel-los-grandes-humoristas-de-eeuu-muestran-su-apoyo-al-presentador-tras-la-cancelacion-de-su-programa-internacional","status":"publish","type":"post","link":"https:\/\/www.europesays.com\/es\/125286\/","title":{"rendered":"\u00abTodos somos Jimmy Kimmel\u00bb: los grandes humoristas de EEUU muestran su apoyo al presentador tras la cancelaci\u00f3n de su programa | Internacional"},"content":{"rendered":"<p class=\"loc\">Madrid<\/p>\n<p>La cancelaci\u00f3n del programa de Jimmy Kimmel ha provocado un aut\u00e9ntico terremoto pol\u00edtico en EEUU. La cadena de televisi\u00f3n ABC, propiedad de Disney, anunci\u00f3 la retirada \u00abindefinida\u00bb de uno de los late night m\u00e1s importantes del pa\u00eds tras un mon\u00f3logo sobre el asesino de Charlie Kirk. El movimiento MAGA, que ya le ten\u00eda ganas, se sinti\u00f3 herido por las palabras de Kimmel acus\u00e1ndoles de intentar sacar r\u00e9dito pol\u00edtico de la muerte del activista ultraconservador. <\/p>\n<p>M\u00e1s informaci\u00f3n<\/p>\n<p>Las reacciones a la cancelaci\u00f3n del programa han llegado de todos los lados, desde el mundo de la cultura hasta la pol\u00edtica estadounidense, principalmente miembros del partido dem\u00f3crata como el expresidente Barack Obama. La cultura de la cancelaci\u00f3n de la que tanto se ha quejado Donald Trump est\u00e1 afectando a los humoristas en EEUU, algo que muchos ven como un s\u00edntoma de que el pa\u00eds est\u00e1 girando cada vez m\u00e1s hacia un r\u00e9gimen autocr\u00e1tico donde se persigue la libertad de expresi\u00f3n. <\/p>\n<p>Stephen Colbert, el presentador del late night con m\u00e1s audiencia de Estados Unidos y ganador de un Emmy el pasado domingo, ha abierto esta madrugada su programa con un sentido \u00abtodos somos Jimmy Kimmel\u00bb en homenaje al presentador. Precisamente, el propio Colbert ha visto como cancelaban su espacio en la CBS despu\u00e9s de una d\u00e9cada exitosa tras la presi\u00f3n de Trump. El humorista dejar\u00e1 su programa a partir de mayo y su cancelaci\u00f3n se parece bastante a la del presentador de la ABC. <\/p>\n<p>Es necesario recordar que cuando se anunci\u00f3 la cancelaci\u00f3n de Colbert el presidente estadounidense dijo que los siguiente ser\u00edan Jimmy Kimmel y Jimmy Fallon. Uno ya ha ca\u00eddo y el otro ha bromeado sobre el parecido entre ABC (American Broadcasting Company, FCC (Federal Communications Commission) y la expresi\u00f3n WTF (que no necesita traducci\u00f3n).<\/p>\n<p>Otro programa, The Daily Show, con Jon Stewart en Comedy Central, ha cambiado su cabecera para, con toda la iron\u00eda, decir que ahora cuentan con la aprobaci\u00f3n del Gobierno. El que mejor lo ha resumido es el hist\u00f3rico presentador David Letterman. \u00abEs absurdo, es rid\u00edculo. No se puede ir por ah\u00ed despidiendo a gente porque se tiene miedo o porque se quiere quedar bien con una administraci\u00f3n autoritaria y criminal que ocupa el Despacho Oval. As\u00ed no es como funcionan las cosas\u00bb, ha sentenciado el c\u00f3mico. <\/p>\n<p>El alegato de Francino a favor de Jimmy Kimmel<\/p>\n<p>La cancelaci\u00f3n del programa de Kimmel ha tenido tambi\u00e9n su repercusi\u00f3n en Espa\u00f1a. Sin ir m\u00e1s lejos, el presentador de La Ventana, Carles Francino, comenz\u00f3 este jueves su programa con un di\u00e1logo de la pel\u00edcula Buenas noches, buena suerte, donde un famoso periodista y presentador intenta defender el periodismo independiente frente a un poderoso senador anticomunista.<\/p>\n<p>\u00abLa historia se repite, y de qu\u00e9 manera\u00bb, indic\u00f3 Francino, que puso el foco en los peligros de coartar a los humoristas, periodistas, c\u00f3micos y presentadores, que en muchas ocasiones representan a un espectro de la sociedad que merece tener voz. <\/p>\n<p><img loading=\"lazy\" decoding=\"async\" src=\"https:\/\/www.europesays.com\/es\/wp-content\/uploads\/2025\/09\/https:\/\/sdmedia.playser.cadenaser.com\/mcv\/playser\/multimedia\/20250918\/1090825_150644_still.0000001.j.jpeg\" width=\"16\" height=\"9\"\/><\/p>\n","protected":false},"excerpt":{"rendered":"Madrid La cancelaci\u00f3n del programa de Jimmy Kimmel ha provocado un aut\u00e9ntico terremoto pol\u00edtico en EEUU. La cadena&hellip;\n","protected":false},"author":2,"featured_media":125287,"comment_status":"","ping_status":"","sticky":false,"template":"","format":"standard","meta":{"footnotes":""},"categories":[171],"tags":[146,147,25,24,23,214],"class_list":{"0":"post-125286","1":"post","2":"type-post","3":"status-publish","4":"format-standard","5":"has-post-thumbnail","7":"category-tv","8":"tag-entertainment","9":"tag-entretenimiento","10":"tag-es","11":"tag-espana","12":"tag-spain","13":"tag-tv"},"share_on_mastodon":{"url":"","error":""},"_links":{"self":[{"href":"https:\/\/www.europesays.com\/es\/wp-json\/wp\/v2\/posts\/125286","targetHints":{"allow":["GET"]}}],"collection":[{"href":"https:\/\/www.europesays.com\/es\/wp-json\/wp\/v2\/posts"}],"about":[{"href":"https:\/\/www.europesays.com\/es\/wp-json\/wp\/v2\/types\/post"}],"author":[{"embeddable":true,"href":"https:\/\/www.europesays.com\/es\/wp-json\/wp\/v2\/users\/2"}],"replies":[{"embeddable":true,"href":"https:\/\/www.europesays.com\/es\/wp-json\/wp\/v2\/comments?post=125286"}],"version-history":[{"count":0,"href":"https:\/\/www.europesays.com\/es\/wp-json\/wp\/v2\/posts\/125286\/revisions"}],"wp:featuredmedia":[{"embeddable":true,"href":"https:\/\/www.europesays.com\/es\/wp-json\/wp\/v2\/media\/125287"}],"wp:attachment":[{"href":"https:\/\/www.europesays.com\/es\/wp-json\/wp\/v2\/media?parent=125286"}],"wp:term":[{"taxonomy":"category","embeddable":true,"href":"https:\/\/www.europesays.com\/es\/wp-json\/wp\/v2\/categories?post=125286"},{"taxonomy":"post_tag","embeddable":true,"href":"https:\/\/www.europesays.com\/es\/wp-json\/wp\/v2\/tags?post=125286"}],"curies":[{"name":"wp","href":"https:\/\/api.w.org\/{rel}","templated":true}]}}