{"id":12529,"date":"2025-07-29T21:23:22","date_gmt":"2025-07-29T21:23:22","guid":{"rendered":"https:\/\/www.europesays.com\/es\/12529\/"},"modified":"2025-07-29T21:23:22","modified_gmt":"2025-07-29T21:23:22","slug":"red-bull-decide-no-seguir-con-checo-perez-y-analiza-las-formas-de-su-salida-fox-sports","status":"publish","type":"post","link":"https:\/\/www.europesays.com\/es\/12529\/","title":{"rendered":"Red Bull decide no seguir con Checo P\u00e9rez y analiza las formas de su salida \u2013 Fox Sports"},"content":{"rendered":"<p class=\"c-paragraph\"><b>Red Bull<\/b> est\u00e1 convencido de <a href=\"https:\/\/www.foxsports.com.mx\/2024\/12\/03\/checo-perez-confirma-primera-aparicion-no-f1-red-bull-viene-mexico-feria-leon\/\" target=\"_self\" rel=\"nofollow noopener\"><b>no seguir con Checo P\u00e9rez<\/b><\/a> tras su calamitoso 2024 y lo que la escuder\u00eda analiza estos d\u00edas es la manera en que <b>terminar\u00e1n su relaci\u00f3n<\/b>.<\/p>\n<p class=\"c-paragraph\"><b>Fox Sports M\u00e9xico<\/b> ha conocido de <b>fuentes cercanas<\/b> al equipo el deseo de no continuar, pese a que el <b>mexicano tiene contrato hasta el 2026<\/b>, esto tras una renovaci\u00f3n anunciada apenas en junio pasado, cuando su situaci\u00f3n era radicalmente distinta a la que vive actualmente.<\/p>\n<p class=\"c-paragraph\">Afectado por la <b>debacle que Red Bull ha vivido<\/b> con el rendimiento de su coche durante los \u00faltimos meses, <b>Checo P\u00e9rez es octavo lugar<\/b> en el campeonato de pilotos y, con 152 puntos, cerrar\u00e1 la <b>peor de sus cuatro temporadas<\/b> en esta escuder\u00eda, luego de sumar 190 unidades en 2021, 205 en 2022 y 285 en 2023.<\/p>\n<p>Horner ya daba pistas de posible salida de Checo P\u00e9rez<\/p>\n<p class=\"c-paragraph\">Hablando con la prensa en el circuito de Lusail despu\u00e9s del Gran Premio de Qatar, el jefe del equipo <b>Christian Horner<\/b> fue interrogado por varios medios sobre la situaci\u00f3n del mexicano y sobre si esperaba que fuera el piloto quien decidiera poner fin anticipadamente a su lapso con el equipo.<\/p>\n<p class=\"c-paragraph\"><a href=\"https:\/\/www.foxsports.com.mx\/2024\/12\/01\/horner-deja-en-manos-de-checo-su-continuidad-con-red-bull-sera-su-decision-al-final-del-dia-conoce-las-presiones-del-negocio\/\" target=\"_self\" rel=\"nofollow noopener\">\u201cVoy a dejar que Checo llegue a sus propias conclusiones\u201d<\/a>, respondi\u00f3 Horner. \u201cNadie le est\u00e1 obligando de una manera u otra, voy a dejarlo\u2026 no es una situaci\u00f3n agradable para \u00e9l, obviamente\u201d.<\/p>\n<p class=\"c-paragraph\">Mientras Horner a\u00f1adi\u00f3 que <b>Checo <\/b>\u201ces lo suficientemente mayor y sabio para saber cu\u00e1l es la situaci\u00f3n\u201d, el asesor de Red Bull para deportes de motor, <b>Helmut Marko<\/b>, atiz\u00f3 al mexicano al afirmar que al interior de Red Bull hay <b>inconformidad con Checo<\/b> porque <a href=\"https:\/\/www.foxsports.com.mx\/2024\/12\/02\/marko-refiere-perdida-de-confianza-en-checo-por-parte-de-empleados-de-red-bull-al-perder-titulo-de-constructores\/\" target=\"_self\" rel=\"nofollow noopener\">no obtendr\u00e1n las bonificaciones econ\u00f3micas<\/a> por ganar el Mundial de Constructores, ya que la escuder\u00eda ocupa el tercer lugar en el campeonato, con una diferencia de puntos entre Max Verstappen y el mexicano de 227 unidades.<\/p>\n<p>\u00bfCu\u00e1nto tendr\u00eda que pagarle Red Bull a Checo P\u00e9rez si lo despide?<\/p>\n<p class=\"c-paragraph\">Hasta los \u00faltimos d\u00edas, <b>P\u00e9rez ha reiterado<\/b> en muchas ocasiones su intenci\u00f3n de <b>cumplir con su contrato<\/b>, pero las declaraciones del domingo pasado de Horner y Marko, ya han ido m\u00e1s all\u00e1 de expresar inconformidad con el rendimiento de Checo.<\/p>\n<p class=\"c-paragraph\">La respuesta del piloto ante la decisi\u00f3n del equipo de no continuar determinar\u00e1 la forma en la que termine su relaci\u00f3n, ya que una<b> rescisi\u00f3n de contrato le costar\u00eda a Red Bull una cifra de seis d\u00edgitos<\/b> (USD).<\/p>\n<p class=\"c-paragraph\"><b>P\u00e9rez lleg\u00f3 a Red Bull en 2021<\/b>, cuando colabor\u00f3 para el primer campeonato mundial de Max Verstappen, mismo que ha repetido los siguientes a\u00f1os, siempre al lado de Checo, sumando adem\u00e1s los t\u00edtulos de constructores en 2022 y 2023.<\/p>\n<p class=\"c-paragraph\">El <b>\u00faltimo podio de Checo fue en abril pasado<\/b>, cuando fue tercero en el Gran Premio de China. Durante ese inicio de temporada, P\u00e9rez subi\u00f3 al podio en cuatro de las primeras cinco carreras del a\u00f1o, aunque sin victorias.<\/p>\n<p class=\"c-paragraph\">Su compa\u00f1ero de equipo, <b>Max Verstappen, gan\u00f3 siete de las diez primeras carreras<\/b>, pero luego solo volvi\u00f3 a ganar hasta once carreras despu\u00e9s en el Gran Premio de Brasil, antes de asegurar su <b>cuarto t\u00edtulo<\/b> en el Gran Premio de Las Vegas.<\/p>\n<p class=\"c-paragraph\">Una de las opciones para que el mexicano pueda continuar en <b>F\u00f3rmula 1,<\/b> es esperar al 2026 cuando se integre el equipo 11 en la parrilla,<a href=\"https:\/\/www.foxsports.com.mx\/2024\/11\/25\/oficial-formula-1-confirma-a-la-nueva-escuderia-para-el-2026-y-sera-estadounidense\/\" target=\"_blank\" rel=\"nofollow noopener\"> el conformado por Cadillac y General Motors.<\/a><\/p>\n<p class=\"c-paragraph\">Los pilotos que apuntan a ocupar el lugar de Checo en Red Bull son <b>Yuki Tsunoda<\/b> o <b>Liam Lawson.<\/b> Alguno de ellos deber\u00e1 permanecer en el Visa Cash App RB, donde el segundo integrante ser\u00eda el franc\u00e9s <b>Isack Hadjar.<\/b><\/p>\n","protected":false},"excerpt":{"rendered":"Red Bull est\u00e1 convencido de no seguir con Checo P\u00e9rez tras su calamitoso 2024 y lo que la&hellip;\n","protected":false},"author":2,"featured_media":12530,"comment_status":"","ping_status":"","sticky":false,"template":"","format":"standard","meta":{"footnotes":""},"categories":[270],"tags":[5332,8697,8695,8696,168,25,24,306,7683,271,8699,272,8700,8698,23,167],"class_list":{"0":"post-12529","1":"post","2":"type-post","3":"status-publish","4":"format-standard","5":"has-post-thumbnail","7":"category-formula-1","8":"tag-checo-perez","9":"tag-checo-perez-2025","10":"tag-checo-perez-despedido","11":"tag-checo-perez-se-va-de-red-bull","12":"tag-deportes","13":"tag-es","14":"tag-espana","15":"tag-f1","16":"tag-f1-2024","17":"tag-formula-1","18":"tag-formula-1-hoy","19":"tag-formula1","20":"tag-prv","21":"tag-red-bull-pilotos","22":"tag-spain","23":"tag-sports"},"share_on_mastodon":{"url":"","error":""},"_links":{"self":[{"href":"https:\/\/www.europesays.com\/es\/wp-json\/wp\/v2\/posts\/12529","targetHints":{"allow":["GET"]}}],"collection":[{"href":"https:\/\/www.europesays.com\/es\/wp-json\/wp\/v2\/posts"}],"about":[{"href":"https:\/\/www.europesays.com\/es\/wp-json\/wp\/v2\/types\/post"}],"author":[{"embeddable":true,"href":"https:\/\/www.europesays.com\/es\/wp-json\/wp\/v2\/users\/2"}],"replies":[{"embeddable":true,"href":"https:\/\/www.europesays.com\/es\/wp-json\/wp\/v2\/comments?post=12529"}],"version-history":[{"count":0,"href":"https:\/\/www.europesays.com\/es\/wp-json\/wp\/v2\/posts\/12529\/revisions"}],"wp:featuredmedia":[{"embeddable":true,"href":"https:\/\/www.europesays.com\/es\/wp-json\/wp\/v2\/media\/12530"}],"wp:attachment":[{"href":"https:\/\/www.europesays.com\/es\/wp-json\/wp\/v2\/media?parent=12529"}],"wp:term":[{"taxonomy":"category","embeddable":true,"href":"https:\/\/www.europesays.com\/es\/wp-json\/wp\/v2\/categories?post=12529"},{"taxonomy":"post_tag","embeddable":true,"href":"https:\/\/www.europesays.com\/es\/wp-json\/wp\/v2\/tags?post=12529"}],"curies":[{"name":"wp","href":"https:\/\/api.w.org\/{rel}","templated":true}]}}