{"id":125290,"date":"2025-09-19T13:43:04","date_gmt":"2025-09-19T13:43:04","guid":{"rendered":"https:\/\/www.europesays.com\/es\/125290\/"},"modified":"2025-09-19T13:43:04","modified_gmt":"2025-09-19T13:43:04","slug":"tatiana-maslany-actriz-de-she-hulk-anima-a-sus-seguidores-a-cancelar-sus-suscripciones-a-servicios-como-disney","status":"publish","type":"post","link":"https:\/\/www.europesays.com\/es\/125290\/","title":{"rendered":"Tatiana Maslany, actriz de She-Hulk, anima a sus seguidores a cancelar sus suscripciones a servicios como Disney+"},"content":{"rendered":"<p>La actriz Tatiana Maslany ha pedido un boicot a Disney+, la plataforma de streaming que estren\u00f3 la serie de Marvel que ella protagoniza, en respuesta a <strong>la decisi\u00f3n de la ABC de suspender Jimmy Kimmel Live!<\/strong><\/p>\n<p>En su mon\u00f3logo del lunes, Jimmy Kimmel dijo que la \u00abbanda de MAGA\u00bb estaba \u00abintentando desesperadamente caracterizar a este chico que asesin\u00f3 a Charlie Kirk como algo <strong>distinto <\/strong>a uno de los suyos\u00bb y haciendo \u00abtodo lo posible\u00bb para \u00absacar provecho pol\u00edtico de ello\u00bb.<\/p>\n<p>Tambi\u00e9n compar\u00f3 la reacci\u00f3n de Trump ante la muerte de Kirk con \u00abla forma en que un ni\u00f1o de cuatro a\u00f1os llora la p\u00e9rdida de un pez dorado\u00bb. Kimmel hab\u00eda <strong>condenado el ataque<\/strong> y enviado \u00abamor\u00bb a la familia Kirk tras el tiroteo.<\/p>\n<blockquote class=\"twitter-tweet\">\n<p dir=\"ltr\" lang=\"en\">Jimmy Kimmel claims \u00abWe hit some new lows over the weekend with the MAGA gang desperately trying to characterize this kid who murdered Charlie Kirk as anything other than one of them and doing everything they can to score political points from it\u00bb and \u00abThis is not how an adult\u2026 <a href=\"https:\/\/t.co\/KMhnskaYWD\" rel=\"nofollow\">pic.twitter.com\/KMhnskaYWD<\/a><br \/>\n\u2014 Alex Christy (@alexchristy17) <a href=\"https:\/\/twitter.com\/alexchristy17\/status\/1967937093805445354?ref_src=twsrc%5Etfw\" rel=\"nofollow noopener\" target=\"_blank\">September 16, 2025<\/a><\/p>\n<\/blockquote>\n<p>El presidente de la FCC, Brendan Carr, acus\u00f3 a Kimmel de \u00abtener una conducta totalmente inaceptable\u00bb y afirm\u00f3 que cadenas como la ABC, propiedad de Disney, deber\u00edan \u00abbuscar maneras de cambiar su comportamiento y tomar medidas&#8230; <strong>o de lo contrario la FCC tendr\u00e1 que intervenir<\/strong>\u00ab.<\/p>\n<p>Algunos creativos han mostrado su apoyo a Jimmy Kimmel<\/p>\n<p>Ahora, la actriz Tatiana Maslany, que interpret\u00f3 a She-Hulk en la serie spin-off de Disney+ She-Hulk: Abogada Hulka durante su \u00fanica temporada, <strong>ha pedido un boicot a la plataforma de streaming<\/strong>. En una publicaci\u00f3n en Instagram, Maslany inst\u00f3 a su medio mill\u00f3n de seguidores a cancelar sus suscripciones a Disney+, Hulu y ESPN en respuesta a la suspensi\u00f3n, utilizando una foto detr\u00e1s de c\u00e1maras de su tiempo grabando She-Hulk para reforzar su implicaci\u00f3n. Disney a\u00fan no ha respondido.<\/p>\n<p>Por otro lado, el creador de Perdidos, Damon Lindelof, ha prometido <strong>no trabajar con Disney <\/strong>hasta que Jimmy Kimmel Live! vuelva a la ABC.<\/p>\n<p>\u00abMe sorprendi\u00f3, entristeci\u00f3 y enfureci\u00f3 la suspensi\u00f3n de ayer y <strong>espero que se revierta pronto<\/strong>\u00ab, dijo Lindelof en una publicaci\u00f3n en <a href=\"https:\/\/www.instagram.com\/p\/DOwIihziT9Z\/?utm_source=ig_web_copy_link\" rel=\"noopener nofollow\" target=\"_blank\">Instagram<\/a>. \u00abSi no es as\u00ed, no puedo, en conciencia, trabajar para la empresa que la impuso\u00bb.<\/p>\n<p>El guionista y director de Perdona que te moleste, Boots Riley, <a href=\"http:\/\/x.com\/BootsRiley\/status\/1968581998902964649\" rel=\"noopener nofollow\" target=\"_blank\">tuite\u00f3<\/a> que si los miembros del Sindicato de Directores de Am\u00e9rica se negaran a participar en cualquier producci\u00f3n de la ABC, Disney, Hulu o Marvel hasta que Kimmel fuera readmitido, \u00abrevertir\u00edan la decisi\u00f3n <strong>en cuesti\u00f3n de horas como mucho<\/strong>\u00ab.<\/p>\n<p><img decoding=\"async\" alt=\"null\" class=\"article-image-full-size\" data-position=\"0\" src=\"https:\/\/www.europesays.com\/es\/wp-content\/uploads\/2025\/09\/she-hulk-actress-tatiana-maslany-tells-her-social-media-foll_c62x.jpg\"  viewbox=\"0 0 16 9\"\/><br \/>\nla publicaci\u00f3n de Tatiana Maslany en las redes sociales (cr\u00e9ditos: <a href=\"https:\/\/www.instagram.com\/tatianamaslany\/?hl=en\" rel=\"noopener nofollow\" target=\"_blank\">Maslany en Instagram<\/a>)<\/p>\n<p>El presidente de Estados Unidos, Donald Trump, ha sugerido ahora que algunas cadenas de televisi\u00f3n que est\u00e1n en su contra <strong>deber\u00edan \u00abperder sus licencias\u00bb<\/strong>. Seg\u00fan inform\u00f3 la <a href=\"https:\/\/www.bbc.co.uk\/news\/articles\/cr4qe0rz2zvo\" rel=\"noopener nofollow\" target=\"_blank\">BBC<\/a>, Trump habl\u00f3 del tema con los periodistas a bordo del Air Force One el jueves, mientras regresaba de una visita de Estado a Reino Unido.<\/p>\n<p>\u00abHe le\u00eddo en alguna parte que las cadenas estaban en un 97% en mi contra, y aun as\u00ed <strong>gan\u00e9 f\u00e1cilmente<\/strong> [las elecciones del a\u00f1o pasado]\u00bb, dijo Trump. \u00abSolo me dan mala prensa y publicidad. Quiero decir, tienen una licencia. Creo que tal vez deber\u00edan perderla\u00bb.<\/p>\n<p>                <script async src=\"https:\/\/platform.twitter.com\/widgets.js\" charset=\"utf-8\"><\/script><script async src=\"\/\/www.instagram.com\/embed.js\"><\/script><\/p>\n","protected":false},"excerpt":{"rendered":"La actriz Tatiana Maslany ha pedido un boicot a Disney+, la plataforma de streaming que estren\u00f3 la serie&hellip;\n","protected":false},"author":2,"featured_media":125291,"comment_status":"","ping_status":"","sticky":false,"template":"","format":"standard","meta":{"footnotes":""},"categories":[169],"tags":[177,146,147,25,24,176,175,23],"class_list":{"0":"post-125290","1":"post","2":"type-post","3":"status-publish","4":"format-standard","5":"has-post-thumbnail","7":"category-cine","8":"tag-cine","9":"tag-entertainment","10":"tag-entretenimiento","11":"tag-es","12":"tag-espana","13":"tag-film","14":"tag-movies","15":"tag-spain"},"share_on_mastodon":{"url":"","error":""},"_links":{"self":[{"href":"https:\/\/www.europesays.com\/es\/wp-json\/wp\/v2\/posts\/125290","targetHints":{"allow":["GET"]}}],"collection":[{"href":"https:\/\/www.europesays.com\/es\/wp-json\/wp\/v2\/posts"}],"about":[{"href":"https:\/\/www.europesays.com\/es\/wp-json\/wp\/v2\/types\/post"}],"author":[{"embeddable":true,"href":"https:\/\/www.europesays.com\/es\/wp-json\/wp\/v2\/users\/2"}],"replies":[{"embeddable":true,"href":"https:\/\/www.europesays.com\/es\/wp-json\/wp\/v2\/comments?post=125290"}],"version-history":[{"count":0,"href":"https:\/\/www.europesays.com\/es\/wp-json\/wp\/v2\/posts\/125290\/revisions"}],"wp:featuredmedia":[{"embeddable":true,"href":"https:\/\/www.europesays.com\/es\/wp-json\/wp\/v2\/media\/125291"}],"wp:attachment":[{"href":"https:\/\/www.europesays.com\/es\/wp-json\/wp\/v2\/media?parent=125290"}],"wp:term":[{"taxonomy":"category","embeddable":true,"href":"https:\/\/www.europesays.com\/es\/wp-json\/wp\/v2\/categories?post=125290"},{"taxonomy":"post_tag","embeddable":true,"href":"https:\/\/www.europesays.com\/es\/wp-json\/wp\/v2\/tags?post=125290"}],"curies":[{"name":"wp","href":"https:\/\/api.w.org\/{rel}","templated":true}]}}