{"id":125304,"date":"2025-09-19T13:50:11","date_gmt":"2025-09-19T13:50:11","guid":{"rendered":"https:\/\/www.europesays.com\/es\/125304\/"},"modified":"2025-09-19T13:50:11","modified_gmt":"2025-09-19T13:50:11","slug":"consumo-regulara-la-publicidad-de-alimentos-insanos-para-ninos","status":"publish","type":"post","link":"https:\/\/www.europesays.com\/es\/125304\/","title":{"rendered":"Consumo regular\u00e1 la publicidad de alimentos insanos para ni\u00f1os"},"content":{"rendered":"<p>El ministro de Derechos Sociales, Consumo y Agenda 2030, Pablo Bustinduy, ha anunciado este viernes en Albacete que el Gobierno dar\u00e1 un paso m\u00e1s en su lucha contra la obesidad infantil con una nueva ley que regular\u00e1 la <strong>publicidad de alimentos insanos<\/strong> dirigida a menores. <\/p>\n<p>Este anuncio se produce tras la visita del ministro a un comedor escolar en el <strong>CEIP Ana Soto de Albacete<\/strong> para conocer de primera mano la aplicaci\u00f3n del Real Decreto de Comedores Escolares, que garantiza que los estudiantes tengan acceso a cinco comidas saludables a la semana.<\/p>\n<p>\u00abYa hemos regulado el derecho a comer saludablemente en los comedores escolares, ahora vamos a proteger a ni\u00f1os y ni\u00f1as de la publicidad de los alimentos\u00bb, afirm\u00f3 el ministro. Bustinduy ha subrayado que la exposici\u00f3n a la publicidad de alimentos con <strong>alto contenido en grasas, az\u00facares o sal <\/strong>tiene un efecto negativo en la salud de los escolares, especialmente en aquellos de familias con menos recursos. <\/p>\n<p>Hasta once anuncios diarios en horario infantil<\/p>\n<p>Seg\u00fan datos citados por el ministro, los ni\u00f1os espa\u00f1oles se ven expuestos a m\u00e1s de <strong>4.000 anuncios de comida insana al a\u00f1o<\/strong>, lo que se traduce en<strong> once anuncios diarios<\/strong>. La <strong>Organizaci\u00f3n Mundial de la Salud (OMS) <\/strong>ha se\u00f1alado que la mayor\u00eda de los alimentos y bebidas <strong>anunciados en Espa\u00f1a en horario infantil <\/strong>son de baja calidad nutricional.<\/p>\n<p>El ministro de Consumo, Pablo Bustinduy, durante su visita al comedor escolar del CEIP Ana Soto en Albacete.\u00a0EUROPA PRESS \/ EUSEBIO GARC\u00cdA DEL CASTILLO<\/p>\n<p>Esta medida se alinea con las <a href=\"https:\/\/www.aesan.gob.es\/AECOSAN\/docs\/documentos\/nutricion\/Conjunto_recomendaciones_OMS_2010.pdf\" target=\"_blank\" rel=\"nofollow noopener\">recomendaciones de organismos internacionales<\/a> como la OMS, que insiste en la importancia de restringir la publicidad de alimentos seg\u00fan su calidad nutricional para atajar la obesidad infantil. <\/p>\n<p>A pesar de que el anuncio es reciente, la preocupaci\u00f3n por la publicidad de alimentos para ni\u00f1os no es nueva. En 2021, el ministro de Consumo de ese entonces, <strong>Alberto Garz\u00f3n<\/strong>, ya se refiri\u00f3 a la necesidad de <strong>regular este tipo de anuncios.<\/strong><\/p>\n<p>Garz\u00f3n ya citaba datos alarmantes sobre la obesidad infantil en Espa\u00f1a y mencionaba que <a href=\"https:\/\/www.rtve.es\/noticias\/20230302\/garzon-urge-psoe-desbloquear-ley-publicidad-alimentos-infantiles\/2429006.shtml\" target=\"_blank\" rel=\"nofollow noopener\">el Gobierno estaba trabajando en un borrador<\/a> de un decreto para <strong>prohibir la publicidad de productos insanos<\/strong> dirigida a menores. Pero en aquel momento la medida gener\u00f3 <strong>controversia en el sector publicitario<\/strong> y en la industria alimentaria.<\/p>\n<p>La iniciativa del Gobierno sigue los pasos de otros pa\u00edses de Europa, como <strong>Reino Unido, Portugal o Noruega<\/strong>, que ya han implementado <strong>restricciones similares<\/strong> para proteger la salud alimentaria de la infancia.<\/p>\n","protected":false},"excerpt":{"rendered":"El ministro de Derechos Sociales, Consumo y Agenda 2030, Pablo Bustinduy, ha anunciado este viernes en Albacete que&hellip;\n","protected":false},"author":2,"featured_media":125305,"comment_status":"","ping_status":"","sticky":false,"template":"","format":"standard","meta":{"footnotes":""},"categories":[8],"tags":[17,18,25,24,13,14,11,19,20,9,10,15,16,23,12,21,22],"class_list":{"0":"post-125304","1":"post","2":"type-post","3":"status-publish","4":"format-standard","5":"has-post-thumbnail","7":"category-espana","8":"tag-breaking-news","9":"tag-breakingnews","10":"tag-es","11":"tag-espana","12":"tag-featured-news","13":"tag-featurednews","14":"tag-headlines","15":"tag-latest-news","16":"tag-latestnews","17":"tag-news","18":"tag-noticias","19":"tag-noticias-destacadas","20":"tag-noticiasdestacadas","21":"tag-spain","22":"tag-titulares","23":"tag-ultimas-noticias","24":"tag-ultimasnoticias"},"share_on_mastodon":{"url":"","error":""},"_links":{"self":[{"href":"https:\/\/www.europesays.com\/es\/wp-json\/wp\/v2\/posts\/125304","targetHints":{"allow":["GET"]}}],"collection":[{"href":"https:\/\/www.europesays.com\/es\/wp-json\/wp\/v2\/posts"}],"about":[{"href":"https:\/\/www.europesays.com\/es\/wp-json\/wp\/v2\/types\/post"}],"author":[{"embeddable":true,"href":"https:\/\/www.europesays.com\/es\/wp-json\/wp\/v2\/users\/2"}],"replies":[{"embeddable":true,"href":"https:\/\/www.europesays.com\/es\/wp-json\/wp\/v2\/comments?post=125304"}],"version-history":[{"count":0,"href":"https:\/\/www.europesays.com\/es\/wp-json\/wp\/v2\/posts\/125304\/revisions"}],"wp:featuredmedia":[{"embeddable":true,"href":"https:\/\/www.europesays.com\/es\/wp-json\/wp\/v2\/media\/125305"}],"wp:attachment":[{"href":"https:\/\/www.europesays.com\/es\/wp-json\/wp\/v2\/media?parent=125304"}],"wp:term":[{"taxonomy":"category","embeddable":true,"href":"https:\/\/www.europesays.com\/es\/wp-json\/wp\/v2\/categories?post=125304"},{"taxonomy":"post_tag","embeddable":true,"href":"https:\/\/www.europesays.com\/es\/wp-json\/wp\/v2\/tags?post=125304"}],"curies":[{"name":"wp","href":"https:\/\/api.w.org\/{rel}","templated":true}]}}