{"id":12531,"date":"2025-07-29T21:24:10","date_gmt":"2025-07-29T21:24:10","guid":{"rendered":"https:\/\/www.europesays.com\/es\/12531\/"},"modified":"2025-07-29T21:24:10","modified_gmt":"2025-07-29T21:24:10","slug":"magic-johnson-amarra-su-yate-en-barcelona-y-juega-a-baloncesto-en-su-cubierta","status":"publish","type":"post","link":"https:\/\/www.europesays.com\/es\/12531\/","title":{"rendered":"Magic Johnson amarra su yate en Barcelona y juega a baloncesto en su cubierta"},"content":{"rendered":"<p class=\"ft-text\"><strong>Mallorca<\/strong>,\u00a0<strong>Italia<\/strong>,\u00a0<strong>Ibiza\u00a0<\/strong>y\u00a0<strong>Barcelona<\/strong>. Esta es la ruta que est\u00e1 haciendo <strong>Magic Johnson <\/strong>junto a su familia en su yate. La superestrella del baloncesto ha amarrado hace horas en el puerto de Barcelona y ya llamado la atenci\u00f3n de todos los all\u00ed presentes. Un\u00a0imponente\u00a0yate de lujo\u00a0<strong>Whisper,<\/strong>\u00a0propiedad del expresidente de Google,\u00a0<strong>Eric Schmidt.<\/strong> Decenas de curiosos se han acercado al puerto de la capital catalana para ver la embarcaci\u00f3n y a sus tripulantes.<\/p>\n<p class=\"ft-text\">\u201cFue un placer volver a Barcelona, Espa\u00f1a, donde gan\u00e9 mi medalla de oro con el Dream Team. \u00a1He vuelto a lanzar a canasta, esta vez no en un estadio, sino en un yate!\u201d, dice en el post de Instagram donde ha ense\u00f1ado la proa del yate y la pista de baloncesto que hay instalada.<\/p>\n<p class=\"ft-text\">Hace 33 a\u00f1os la selecci\u00f3n estadounidense de baloncesto consigui\u00f3 la medalla de oro en los Juegos Ol\u00edmpicos de Barcelona, en 1992, con un equipo repleto de leyendas como Larry Bird, David Robinson, Michael Jordan o el mismo Magic Johnson, que conformaron el original &#8216;Dream Team&#8217;.<\/p>\n<p><img decoding=\"async\" src=\"https:\/\/www.europesays.com\/es\/wp-content\/uploads\/2025\/07\/f7d460a6-34df-40d8-9e7f-a6e63b4e8477_alta-libre-aspect-ratio_default_0.jpg\" width=\"1200\" height=\"670\" alt=\"Earvin Magic Johnson, del equipo americano de baloncesto en la ceremonia de entrega de medallas.\" class=\"ft-helper-img-rd\" loading=\"lazy\" hasdataaida=\"true\"\/><\/p>\n<p class=\"ft-helper-fontColor-quaternary ft-helper-fontSize-body-S ft-helper-spacer-t-xxs\">Earvin Magic Johnson, del equipo americano de baloncesto en la ceremonia de entrega de medallas.  \/ EFE<\/p>\n<p class=\"ft-text\">La embarcaci\u00f3n, de 95 metros de eslora que cuenta con todos los lujos posibles, como\u00a0<strong>piscina<\/strong>,\u00a0<strong>gimnasio<\/strong>,\u00a0<strong>sala de cine<\/strong>,\u00a0<strong>sauna<\/strong>,\u00a0<strong>chimenea abierta\u00a0<\/strong>y un<strong>a pared de video<\/strong>\u00a0de dos pisos compuesta por 42 monitores individuales. Todo lujo sobre el mar que est\u00e1 disfrutando <strong>Magic Johnson<\/strong> junto a su familia y que le ha traido hasta la capital catalana.<\/p>\n<p>Planos de Barcelona<\/p>\n<p class=\"ft-text\">En el v\u00eddeo, se ve al legendario base de los Lakers echando unos tiros a una canasta situada en la cubierta del espectacular yate. Aunque no aparece la ubicaci\u00f3n, es f\u00e1cil percatarse de que los edificios que hay detr\u00e1s corresponden con los de la zona del Moll de la Fusta.<\/p>\n<p class=\"ft-text\">Adem\u00e1s, los planos elevados permiten tener una panor\u00e1mica del final de la Via Laietana y al final un dron a\u00f1ade una \u00faltima perspectiva de la zona y del parque de la Ciutadella, con la Torre Gl\u00f2ries al fondo.<\/p>\n","protected":false},"excerpt":{"rendered":"Mallorca,\u00a0Italia,\u00a0Ibiza\u00a0y\u00a0Barcelona. Esta es la ruta que est\u00e1 haciendo Magic Johnson junto a su familia en su yate. La&hellip;\n","protected":false},"author":2,"featured_media":12532,"comment_status":"","ping_status":"","sticky":false,"template":"","format":"standard","meta":{"footnotes":""},"categories":[269],"tags":[8701,299,210,298,168,25,24,613,5679,612,23,167,8702],"class_list":{"0":"post-12531","1":"post","2":"type-post","3":"status-publish","4":"format-standard","5":"has-post-thumbnail","7":"category-baloncesto","8":"tag-amarra","9":"tag-baloncesto","10":"tag-barcelona","11":"tag-basketball","12":"tag-deportes","13":"tag-es","14":"tag-espana","15":"tag-johnson","16":"tag-los-angeles-lakers","17":"tag-magic","18":"tag-spain","19":"tag-sports","20":"tag-yate"},"share_on_mastodon":{"url":"","error":""},"_links":{"self":[{"href":"https:\/\/www.europesays.com\/es\/wp-json\/wp\/v2\/posts\/12531","targetHints":{"allow":["GET"]}}],"collection":[{"href":"https:\/\/www.europesays.com\/es\/wp-json\/wp\/v2\/posts"}],"about":[{"href":"https:\/\/www.europesays.com\/es\/wp-json\/wp\/v2\/types\/post"}],"author":[{"embeddable":true,"href":"https:\/\/www.europesays.com\/es\/wp-json\/wp\/v2\/users\/2"}],"replies":[{"embeddable":true,"href":"https:\/\/www.europesays.com\/es\/wp-json\/wp\/v2\/comments?post=12531"}],"version-history":[{"count":0,"href":"https:\/\/www.europesays.com\/es\/wp-json\/wp\/v2\/posts\/12531\/revisions"}],"wp:featuredmedia":[{"embeddable":true,"href":"https:\/\/www.europesays.com\/es\/wp-json\/wp\/v2\/media\/12532"}],"wp:attachment":[{"href":"https:\/\/www.europesays.com\/es\/wp-json\/wp\/v2\/media?parent=12531"}],"wp:term":[{"taxonomy":"category","embeddable":true,"href":"https:\/\/www.europesays.com\/es\/wp-json\/wp\/v2\/categories?post=12531"},{"taxonomy":"post_tag","embeddable":true,"href":"https:\/\/www.europesays.com\/es\/wp-json\/wp\/v2\/tags?post=12531"}],"curies":[{"name":"wp","href":"https:\/\/api.w.org\/{rel}","templated":true}]}}