{"id":125317,"date":"2025-09-19T13:58:13","date_gmt":"2025-09-19T13:58:13","guid":{"rendered":"https:\/\/www.europesays.com\/es\/125317\/"},"modified":"2025-09-19T13:58:13","modified_gmt":"2025-09-19T13:58:13","slug":"una-estrella-de-la-indycar-quiere-correr-en-f1-para-que-pueda-hacerlo-van-a-obligarle-a-pasar-antes-por-la-formula-2","status":"publish","type":"post","link":"https:\/\/www.europesays.com\/es\/125317\/","title":{"rendered":"Una estrella de la IndyCar quiere correr en F1. Para que pueda hacerlo van a obligarle a pasar antes por la F\u00f3rmula 2"},"content":{"rendered":"<p>Que un piloto de IndyCar se pase a la F\u00f3rmula 1 es raro, pero hay casos. Pero lo que va a suceder la pr\u00f3xima temporada es pr\u00e1cticamente in\u00e9dito en el mundo del automovilismo. <strong>Una estrella de la IndyCar va a correr en la F\u00f3rmula 2<\/strong>. Y la raz\u00f3n \u00fanicamente es que la F\u00f3rmula 1 no le conced\u00eda la s\u00faper licencia si no lo hac\u00eda.<\/p>\n<p>Se trata de <strong>Colton Herta, piloto estadounidense de 25 a\u00f1os<\/strong> que en su palmar\u00e9s cuenta ya con <a rel=\"noopener, noreferrer nofollow\" href=\"https:\/\/www.motorpasion.com\/otras-competiciones\/colton-herta-gana-laguna-seca-alex-palou-consigue-podio-oro-que-le-deja-a-puertas-titulo\" target=\"_blank\">nueve carreras ganadas\u00a0<\/a>en la IndyCar y fue subcampe\u00f3n de la misma la temporada pasada. <a rel=\"noopener, noreferrer nofollow\" href=\"https:\/\/www.motorpasion.com\/formula1\/cadillac-tendria-elegido-su-primer-piloto-para-entrar-f1-autentico-desconocido-europa\" target=\"_blank\">Cadillac quer\u00eda ficharlo para su equipo<\/a> de F\u00f3rmula 1, pero no le han dado la s\u00faper licencia y va a tener que pasar antes por la F\u00f3rmula 2 para obtenerla.<\/p>\n<p>Colton Herta correr\u00e1 en F\u00f3rmula 2 el a\u00f1o que viene<\/p>\n<p>A muchos les sorprendi\u00f3 cuando Cadillac anunci\u00f3 que <a rel=\"noopener, noreferrer nofollow\" href=\"https:\/\/www.motorpasion.com\/formula1\/alex-palou-mick-schumacher-cadillac-ha-escogido-dos-pilotos-muy-mayores-para-su-equipo-f1-realidad-parece-sensato\" target=\"_blank\">su primera pareja de pilotos\u00a0<\/a>en la F\u00f3rmula 1 ser\u00eda <strong>la formada por Valtteri Bottas y Sergio P\u00e9rez<\/strong>. Desde Andretti hab\u00edan asegurado que buscaban a un joven estadounidense y a un veterano de la F\u00f3rmula 1, as\u00ed que la apuesta por dos pilotos mayores pill\u00f3 descolocado a m\u00e1s de uno. Ahora sabemos por qu\u00e9.<\/p>\n<p>    <a href=\"https:\/\/www.motorpasion.com\/formula1\/fia-ha-decidido-coches-f1-volveran-a-llevar-motores-v8-ahora-solo-falta-que-audi-honda-no-se-enfaden\" rel=\"nofollow noopener\" target=\"_blank\"><br \/>\n     <img loading=\"lazy\" decoding=\"async\" alt=\"La FIA ya ha decidido: los coches de F1 volver\u00e1n a llevar motores V8. Ahora solo falta que Audi y Honda no se enfaden \" width=\"375\" height=\"142\" src=\"https:\/\/www.europesays.com\/es\/wp-content\/uploads\/2025\/09\/1757600654_557_375_142.jpeg\"\/><br \/>\n    <\/a><\/p>\n<p>En realidad, <strong>Cadillac quer\u00eda a Herta en su equipo<\/strong>. Y es l\u00f3gico, ya que el californiano es una estrella de la IndyCar con solo 25 a\u00f1os, ya ha pasado por Europa y adem\u00e1s corre con Andretti en los Estados Unidos. \u00bfEl problema? No ten\u00eda los puntos suficientes de la s\u00faper licencia. As\u00ed que va a tener que hacer algo in\u00e9dito.<\/p>\n<p>S\u00ed, <strong>Herta va a correr en F\u00f3rmula 2 la pr\u00f3xima temporada<\/strong>. Por incre\u00edble que parezca, el estadounidense dejar\u00e1 la IndyCar, donde era un piloto muy respetado y corr\u00eda en uno de los mejores equipos, para unirse al pelda\u00f1o intermedio de la escalera de la F\u00f3rmula 1. Correr\u00e1 con Prema, uno de los equipos punteros, con el objetivo de obtener la s\u00faper licencia.<\/p>\n<p>                  <img class=\"\" height=\"1366\" width=\"2048\" loading=\"lazy\" decoding=\"async\"  fetchpriority=\"high\"  src=\"https:\/\/www.europesays.com\/es\/wp-content\/uploads\/2025\/09\/1758290293_51_450_1000.jpeg\" alt=\"Herta Indycar 2025\"\/><\/p>\n<p>Cadillac ha anunciado a su vez que <strong>Herta ser\u00e1 el piloto de pruebas del equipo de F\u00f3rmula 1<\/strong>, lo que significa que a buen seguro tendr\u00e1 kilometraje tanto en entrenamientos libres como en test. Y ser\u00e1 una seria amenaza para P\u00e9rez y Bottas, ya que si Herta consigue la s\u00faper licencia es obvio que estar\u00e1 como titular en 2027.<\/p>\n<p>No es<a rel=\"noopener, noreferrer nofollow\" href=\"https:\/\/www.motorpasion.com\/formula1\/indignacion-indycar-portazo-formula-1-a-colton-herta-elitistas-solo-quieren-nuestro-dinero\" target=\"_blank\">\u00a0el primer affaire que tiene Herta con la F\u00f3rmula 1<\/a>. <strong>Red Bull ya quiso ficharle all\u00e1 por 2022 para que corriese en su equipo filial<\/strong>, pero le negaron la s\u00faper licencia. Y es que s\u00ed, la IndyCar da puntos para poder correr en F\u00f3rmula 1, pero menos de los que les corresponder\u00edan en importancia al no ser una competici\u00f3n FIA. La F\u00f3rmula 2, por ejemplo, da m\u00e1s.<\/p>\n<p>                   <a rel=\"noopener, noreferrer nofollow\" href=\"https:\/\/x.com\/Cadillac_F1\/status\/1963263390631039360\"><br \/>\n         <img class=\"centro_sinmarco\" height=\"596\" width=\"580\" loading=\"lazy\" decoding=\"async\"  fetchpriority=\"high\"  src=\"https:\/\/www.europesays.com\/es\/wp-content\/uploads\/2025\/09\/1758290293_550_450_1000.jpeg\" alt=\"Herta Cadillac F1 2026\"\/><\/p>\n<p>     <\/a><\/p>\n<p>Veremos c\u00f3mo le sale a Herta la arriesgada apuesta de dejar la IndyCar para meterse en F\u00f3rmula 2. Otros como <strong>\u00c1lex Palou, que tiene s\u00faper licencia<\/strong>, ni siquiera <a rel=\"noopener, noreferrer nofollow\" href=\"https:\/\/www.motorpasion.com\/formula1\/bombazo-red-bull-quiere-fichar-a-alex-palou-ponerlo-f1-como-companero-max-verstappen\" target=\"_blank\">quieren o\u00edr hablar de F\u00f3rmula 1<\/a>.\u00a0<\/p>\n<p>Im\u00e1genes | Andretti<\/p>\n<p>En Motorpasi\u00f3n | <a rel=\"noopener, noreferrer nofollow\" href=\"https:\/\/www.motorpasion.com\/formula1\/hay-quien-dice-que-fernando-alonso-tuvo-culpa-su-extrana-averia-monza-realidad-mucho-sencilla\" target=\"_blank\">Hay quien dice que Fernando Alonso tuvo la culpa de su extra\u00f1a aver\u00eda en Monza. La realidad es mucho m\u00e1s sencilla<\/a><\/p>\n","protected":false},"excerpt":{"rendered":"Que un piloto de IndyCar se pase a la F\u00f3rmula 1 es raro, pero hay casos. Pero lo&hellip;\n","protected":false},"author":2,"featured_media":125318,"comment_status":"","ping_status":"","sticky":false,"template":"","format":"standard","meta":{"footnotes":""},"categories":[270],"tags":[168,25,24,306,271,272,23,167],"class_list":{"0":"post-125317","1":"post","2":"type-post","3":"status-publish","4":"format-standard","5":"has-post-thumbnail","7":"category-formula-1","8":"tag-deportes","9":"tag-es","10":"tag-espana","11":"tag-f1","12":"tag-formula-1","13":"tag-formula1","14":"tag-spain","15":"tag-sports"},"share_on_mastodon":{"url":"","error":""},"_links":{"self":[{"href":"https:\/\/www.europesays.com\/es\/wp-json\/wp\/v2\/posts\/125317","targetHints":{"allow":["GET"]}}],"collection":[{"href":"https:\/\/www.europesays.com\/es\/wp-json\/wp\/v2\/posts"}],"about":[{"href":"https:\/\/www.europesays.com\/es\/wp-json\/wp\/v2\/types\/post"}],"author":[{"embeddable":true,"href":"https:\/\/www.europesays.com\/es\/wp-json\/wp\/v2\/users\/2"}],"replies":[{"embeddable":true,"href":"https:\/\/www.europesays.com\/es\/wp-json\/wp\/v2\/comments?post=125317"}],"version-history":[{"count":0,"href":"https:\/\/www.europesays.com\/es\/wp-json\/wp\/v2\/posts\/125317\/revisions"}],"wp:featuredmedia":[{"embeddable":true,"href":"https:\/\/www.europesays.com\/es\/wp-json\/wp\/v2\/media\/125318"}],"wp:attachment":[{"href":"https:\/\/www.europesays.com\/es\/wp-json\/wp\/v2\/media?parent=125317"}],"wp:term":[{"taxonomy":"category","embeddable":true,"href":"https:\/\/www.europesays.com\/es\/wp-json\/wp\/v2\/categories?post=125317"},{"taxonomy":"post_tag","embeddable":true,"href":"https:\/\/www.europesays.com\/es\/wp-json\/wp\/v2\/tags?post=125317"}],"curies":[{"name":"wp","href":"https:\/\/api.w.org\/{rel}","templated":true}]}}