{"id":125321,"date":"2025-09-19T14:00:11","date_gmt":"2025-09-19T14:00:11","guid":{"rendered":"https:\/\/www.europesays.com\/es\/125321\/"},"modified":"2025-09-19T14:00:11","modified_gmt":"2025-09-19T14:00:11","slug":"el-betis-incrementa-su-limite-salarial-hasta-los-1259-millones-de-euros","status":"publish","type":"post","link":"https:\/\/www.europesays.com\/es\/125321\/","title":{"rendered":"El Betis incrementa su l\u00edmite salarial hasta los 125,9 millones de euros"},"content":{"rendered":"<p>Supone un aumento de 17 millones respecto al mercado invernal de la temporada 24-25<\/p>\n<p><img fetchpriority=\"high\" class=\"voc-img\" src=\"https:\/\/www.europesays.com\/es\/wp-content\/uploads\/2025\/09\/limite-laliga-RMu68pSKKTlaiC2BmnICQCI-1200x840@diario_abc.jpg\" loading=\"eager\" decoding=\"async\" alt=\"LaLiga ha anunciado los l\u00edmites salariales de Primera y Segunda divisi\u00f3n\" width=\"1200\" height=\"840\"\/><\/p>\n<p>LaLiga ha anunciado los l\u00edmites salariales de Primera y Segunda divisi\u00f3n    laliga  <\/p>\n<p><img decoding=\"async\" class=\"voc-author__img\" src=\"https:\/\/www.europesays.com\/es\/wp-content\/uploads\/2025\/07\/autor-3500-foto-3.png\" alt=\"Juan Arbide\"\/><\/p>\n<p>19\/09\/2025<br \/>\n<br \/><strong><br \/>\nActualizado a las 13:59h.<br \/>\n<\/strong><\/p>\n<p class=\"voc-p\" style=\"\">Informaci\u00f3n importante la que se ha anunciado este viernes y que afecta de manera directa a la composici\u00f3n de las plantillas en Primera y Segunda divisi\u00f3n. <strong>La Liga<\/strong> ha comunicado los <strong>l\u00edmites salariales<\/strong> de los equipos y en lo que al <strong>Real Betis<\/strong> se refiere destaca el incremento respecto a la \u00faltima fecha, es decir, el mercado invernal de la pasada temporada.<\/p>\n<p class=\"voc-p\" style=\"\">Hace unos d\u00edas <a href=\"https:\/\/www.abc.es\/deportes\/alfinaldelapalmera\/noticias-betis\/betis-agoto-mercado-mayor-limite-gasto-historico-20250908103705-nts_amp.html\" target=\"_self\" data-voc-vtm-id=\"in-text-traffic\" title=\"ya se pudo leer en ABC de Sevilla\" data-mrf-link=\"www.abc.es\" rel=\"nofollow noopener\">ya se pudo leer en ABC de Sevilla<\/a> una informaci\u00f3n en la que se destacaba que nunca hab\u00eda contado la entidad de Heli\u00f3polis con un l\u00edmite de gasto tan elevado. <\/p>\n<p class=\"voc-p\" style=\"\">Una vez finalizado el pasado 1 de septiembre el plazo veraniego de fichajes, la entidad de Heli\u00f3polis tiene fijado el l\u00edmite de coste de plantilla deportiva (LCPD) en <strong>125,9 millones de euros<\/strong>. Dicha cantidad supone un incremento de 17 millones respecto a la cifra anunciada tras el mercado invernal de 2025 en la que el l\u00edmite salarial del Betis estaba en <strong>108,3.<\/strong><\/p>\n<p class=\"voc-p\" style=\"\">Comparado con lo ocurrido hace un a\u00f1o por estas mismas fechas, la subida es pr\u00e1cticamente similar respecto a la de febrero de 2025. Una vez terminado el mercado veraniego de fichajes para el curso 24-25 el l\u00edmite de coste de plantilla deportiva del Betis qued\u00f3 en 108,9 millones.<\/p>\n<p class=\"voc-p\" style=\"\">La particular clasificaci\u00f3n de l\u00edmite de coste de plantilla deportiva en Primera divisi\u00f3n est\u00e1 encabezada por el Real Madrid (761,2 millones). En segunda posici\u00f3n aparece el Barcelona (351,2) mientras que tercero es el Atl\u00e9tico de Madrid (326,9). <\/p>\n<p>Reportar un error<\/p>\n","protected":false},"excerpt":{"rendered":"Supone un aumento de 17 millones respecto al mercado invernal de la temporada 24-25 LaLiga ha anunciado los&hellip;\n","protected":false},"author":2,"featured_media":125322,"comment_status":"","ping_status":"","sticky":false,"template":"","format":"standard","meta":{"footnotes":""},"categories":[268],"tags":[40855,291,168,25,24,1557,280,282,40854,22071,4724,29544,281,23,167],"class_list":{"0":"post-125321","1":"post","2":"type-post","3":"status-publish","4":"format-standard","5":"has-post-thumbnail","7":"category-futbol","8":"tag-40855","9":"tag-betis","10":"tag-deportes","11":"tag-es","12":"tag-espana","13":"tag-euros","14":"tag-football","15":"tag-futbol","16":"tag-incrementa","17":"tag-limite","18":"tag-millones","19":"tag-salarial","20":"tag-soccer","21":"tag-spain","22":"tag-sports"},"share_on_mastodon":{"url":"","error":""},"_links":{"self":[{"href":"https:\/\/www.europesays.com\/es\/wp-json\/wp\/v2\/posts\/125321","targetHints":{"allow":["GET"]}}],"collection":[{"href":"https:\/\/www.europesays.com\/es\/wp-json\/wp\/v2\/posts"}],"about":[{"href":"https:\/\/www.europesays.com\/es\/wp-json\/wp\/v2\/types\/post"}],"author":[{"embeddable":true,"href":"https:\/\/www.europesays.com\/es\/wp-json\/wp\/v2\/users\/2"}],"replies":[{"embeddable":true,"href":"https:\/\/www.europesays.com\/es\/wp-json\/wp\/v2\/comments?post=125321"}],"version-history":[{"count":0,"href":"https:\/\/www.europesays.com\/es\/wp-json\/wp\/v2\/posts\/125321\/revisions"}],"wp:featuredmedia":[{"embeddable":true,"href":"https:\/\/www.europesays.com\/es\/wp-json\/wp\/v2\/media\/125322"}],"wp:attachment":[{"href":"https:\/\/www.europesays.com\/es\/wp-json\/wp\/v2\/media?parent=125321"}],"wp:term":[{"taxonomy":"category","embeddable":true,"href":"https:\/\/www.europesays.com\/es\/wp-json\/wp\/v2\/categories?post=125321"},{"taxonomy":"post_tag","embeddable":true,"href":"https:\/\/www.europesays.com\/es\/wp-json\/wp\/v2\/tags?post=125321"}],"curies":[{"name":"wp","href":"https:\/\/api.w.org\/{rel}","templated":true}]}}