{"id":125323,"date":"2025-09-19T14:01:15","date_gmt":"2025-09-19T14:01:15","guid":{"rendered":"https:\/\/www.europesays.com\/es\/125323\/"},"modified":"2025-09-19T14:01:15","modified_gmt":"2025-09-19T14:01:15","slug":"arropada-por-su-padre-jose-fernando-y-junto-al-hijo-pequeno-de-ana-maria-aldon","status":"publish","type":"post","link":"https:\/\/www.europesays.com\/es\/125323\/","title":{"rendered":"arropada por su padre, Jos\u00e9 Fernando, y junto al hijo peque\u00f1o de Ana Mar\u00eda Ald\u00f3n"},"content":{"rendered":"<p>La gala de anoche de \u2018Supervivientes All Stars\u2019 fue una de lo m\u00e1s intensa. Tras ver a <a href=\"https:\/\/www.lecturas.com\/television\/elena-rodriguez-tras-ser-expulsada-ayer-de-supervivientes-all-stars-2-le-suelta-a-adara-una-firme-indicacion_181454\" rel=\"nofollow noopener\" target=\"_blank\">Elena Rodr\u00edguez despedirse de su hija<\/a>, Adara Molinero, que ahora deber\u00e1 jugar sola en este complicado reality, tambi\u00e9n pudimos ver el shock que produjeron las <a href=\"https:\/\/www.lecturas.com\/television\/perplejidad-total-conocer-nuevos-nominados-supervivientes-all-stars-2_181453\" rel=\"nofollow noopener\" target=\"_blank\">nuevas nominaciones <\/a>entre los concursantes, que dejaron en la cuerda floja a Adara, Fani Carbajo, Jessica Bueno y Gloria Camila. Pero ayer tambi\u00e9n pudimos vivir un emocionante momento cuando la hija de Ortega Cano consigui\u00f3 hacer una llamada con su familia desde Espa\u00f1a en un d\u00eda muy especial para todos ellos, llamada en la que tambi\u00e9n conocimos c\u00f3mo se encuentra <strong>la hija de Michu, fallecida esta verano, que ahora convive con su familia paterna en Madrid.<\/strong><\/p>\n<p>As\u00ed est\u00e1 viviendo en Madrid la hija de Michu<\/p>\n<p>Ayer, 18 de septiembre, hubiese sido el cumplea\u00f1os de Roc\u00edo Jurado, motivo por el que Gloria Camila, hija adoptiva de la cantante, recibi\u00f3 un v\u00eddeo muy especial en el que su progenitora hablaba de ella, as\u00ed como <strong>una llamada de su padre, Jos\u00e9 Ortega Cano<\/strong>. Para recibir todo esto, la superviviente se bebi\u00f3 el \u201celixir del inframundo\u201d, que sab\u00eda a \u201cvinagre con trozos\u201d, explicaba.<\/p>\n<blockquote class=\"twitter-tweet\" data-media-max-width=\"560\">\n<p dir=\"ltr\" lang=\"es\">Gloria bebe el \u00abElixir del inframundo\u00bb a cambio de una sorpresa muy especial \ud83d\udc97<\/p>\n<p>\ud83c\udfdd\ufe0f <a href=\"https:\/\/twitter.com\/hashtag\/SVAllStarsGala3?src=hash&amp;ref_src=twsrc%5Etfw\" rel=\"nofollow noopener\" target=\"_blank\">#SVAllStarsGala3<\/a><br \/>\ud83d\udd35 <a href=\"https:\/\/t.co\/0FBgMJbayp\" rel=\"nofollow\">https:\/\/t.co\/0FBgMJbayp<\/a><a href=\"https:\/\/t.co\/oQXGHg5IG7\" rel=\"nofollow\">pic.twitter.com\/oQXGHg5IG7<\/a><\/p>\n<p>\u2014 Supervivientes All Stars (@Supervivientes) <a href=\"https:\/\/twitter.com\/Supervivientes\/status\/1968790960520765458?ref_src=twsrc%5Etfw\" rel=\"nofollow noopener\" target=\"_blank\">September 18, 2025<\/a><\/p><\/blockquote>\n<p>\u00ab<strong>Gloria m\u00eda, preciosa. Que te queremos<\/strong>\u00ab,\u00a0se escuchaba decir a un orgulloso Ortega Cano, que apenas pod\u00eda continuar, dando pie a Aniceto, amigo de la familia, que le cog\u00eda la palabra y continuaba hablando con la joven. \u00abGloria estoy aqu\u00ed con tu padre, est\u00e1 muy contento y emocionado. Casi no puede ni hablar, se le corta la voz de lo emocionado que est\u00e1\u201d, explicaba, d\u00e1ndole detalles sobre su sobrina Roc\u00edo, hija de su hermano, Jos\u00e9 Fernando, y Michu: \u201c<strong>La ni\u00f1a peque\u00f1a est\u00e1 en el mismo colegio con Jos\u00e9 Mar\u00eda y lo est\u00e1n pasando de maravilla<\/strong>.\u00a0Estate tranquila porque tienes una capacidad tremenda para ser quien eres y quiero que los disfrutes y que seas la ganadora por su puesto\u201d.<\/p>\n<p><img loading=\"lazy\" decoding=\"async\"   src=\"https:\/\/www.europesays.com\/es\/wp-content\/uploads\/2025\/09\/gloria-camila_eea90b71_250919111211_1200x671.webp.webp\" alt=\"Gloria Camila\" class=\"lazyload\" width=\"1200\" height=\"671\" data-aspectratio=\"1200\/671\"\/>&#13;Telecinco<\/p>\n<p>\u201cLa ni\u00f1a esta disfrutando en su colegio de todos los juegos que le dan, y estudiando. Marina tambi\u00e9n est\u00e1 pendiente tuya, te manda muchos besos y quiere hacerte de todo de comer cuando vuelvas\u201d, a\u00f1ad\u00eda este. Con esta llamada, la joven se tranquiliz\u00f3 y pudo saber que todos, inclu\u00eda la peque\u00f1a, est\u00e1n bien y se est\u00e1n adaptando genial a su nueva vida juntos.\u00a0<\/p>\n<p><img decoding=\"async\" src=\"https:\/\/www.europesays.com\/es\/wp-content\/uploads\/2025\/09\/ana-maria-aldon-no-usar_420bfb70_250919123247_800x800.webp.webp\" alt=\"Ana Maria Aldon NO USAR\" class=\"image lazyload\"\/><img loading=\"lazy\" decoding=\"async\" src=\"https:\/\/www.europesays.com\/es\/wp-content\/uploads\/2025\/09\/ana-maria-aldon-no-usar_420bfb70_250919123257_1280x720.webp.webp\" alt=\"As\u00ed se sincer\u00f3 Ana Mar\u00eda Ald\u00f3n en la revista Lecturas: \u201cMe quise quitar de en medio por culpa de mi familia pol\u00edtico&quot;\" class=\"image lazyload\" width=\"1280\" height=\"720\" data-aspectratio=\"1280\/720\"\/>La respuesta de Gloria Camila<\/p>\n<p>\u00abMi padre me da mucha fuerza, se me est\u00e1 haciendo s\u00faper duro y saber que est\u00e1n bien&#8230;\u00bb, explicaba la joven, que ha llenado de orgullo a su padre con su paso por el reality. \u00ab<strong>Me est\u00e1 sorprendiendo porque, aunque yo s\u00e9 que tiene dos ovarios fuertes, es muy valiente<\/strong>. A ella le gusta la pelea, tiene casta como su padre. Nada m\u00e1s que aguante un poco y le eche un poquito de valor, est\u00e1 todo Espa\u00f1a pendiente de ellos. Lo que deseamos es que est\u00e9 bien y a ver si este a\u00f1o se puede llevar el premio\u00bb, aseguraba el extorero antes de poder hablar con su hija.<\/p>\n<p><img loading=\"lazy\" decoding=\"async\"   src=\"https:\/\/www.europesays.com\/es\/wp-content\/uploads\/2025\/09\/gloria-camila_4793ef23_250919112620_1200x670.webp.webp\" alt=\"Gloria Camila\" class=\"lazyload\" width=\"1200\" height=\"670\" data-aspectratio=\"1200\/670\"\/>&#13;Telecinco<br \/>\nJos\u00e9 Ortega Cano habla de la vida de Roc\u00edo en Madrid<\/p>\n<p>Antes de conectar con su hija en directo, Ortega Cano apareci\u00f3 en uno de los eventos que se llevaron a cabo anoche en Madrid, la nueva edici\u00f3n de los Premios Chicote, celebrados en el conocido local de Gran V\u00eda y donde se reconoce la trayectoria y el talento de figuras destacadas de la cultura, el deporte, la gastronom\u00eda y la comunicaci\u00f3n. All\u00ed, este pudo hablar ante los micr\u00f3fonos de \u2018Europa Press\u2019, a los que aseguraba que <strong>Roc\u00edo es \u00abuna ni\u00f1a preciosa\u00bb <\/strong>y que est\u00e1n todos \u00abmuy contentos\u00bb de que ahora viva con ellos, habi\u00e9ndola acogido con mucho amor y cari\u00f1o.<\/p>\n<p><img loading=\"lazy\" decoding=\"async\"   src=\"https:\/\/www.europesays.com\/es\/wp-content\/uploads\/2025\/09\/jose-ortega-cano_7ec552b8_250919112446_1200x798.webp.webp\" alt=\"Jos\u00e9 Ortega Cano\" class=\"lazyload\" width=\"1200\" height=\"798\" data-aspectratio=\"1200\/798\"\/>&#13;<\/p>\n<p>Este aseveraba que todos, incluida Roc\u00edo Flores, est\u00e1n pendientes de ella en todo momento, contando tambi\u00e9n con \u00abun equipo de personas\u00bb que la tienen \u00abmucho cari\u00f1o a la ni\u00f1a, l\u00f3gicamente\u00bb, siendo una peque\u00f1a \u00abque ha perdido a su madre\u00bb.<\/p>\n<p><img decoding=\"async\" src=\"https:\/\/www.europesays.com\/es\/wp-content\/uploads\/2025\/09\/ana-rosa-quintana_6a8f39f0_250919095314_800x800.webp.webp\" alt=\"Ana Rosa Quintana\" class=\"image lazyload\"\/><img loading=\"lazy\" decoding=\"async\" src=\"https:\/\/www.europesays.com\/es\/wp-content\/uploads\/2025\/09\/ana-rosa-quintana_6a8f39f0_250919095318_1280x720.webp.webp\" alt=\"Ana Rosa Quintana, tajante, desmiente la boda de Joaqu\u00edn Prat: \u201cSeg\u00fan me dijo no hay nada&quot;\" class=\"image lazyload\" width=\"1280\" height=\"720\" data-aspectratio=\"1280\/720\"\/><\/p>\n<p>Esta misma semana pudimos ver en \u2018Lecturas\u2019 unas im\u00e1genes de Jos\u00e9 Fernando junto a su hija, habiendo recibido permiso del centro donde sigue interno, momento que quiso aprovechar para estar al lado de su peque\u00f1a en uno de los momentos m\u00e1s duros para la ni\u00f1a.<\/p>\n<p><script async src=\"https:\/\/platform.twitter.com\/widgets.js\" charset=\"utf-8\"><\/script><\/p>\n","protected":false},"excerpt":{"rendered":"La gala de anoche de \u2018Supervivientes All Stars\u2019 fue una de lo m\u00e1s intensa. Tras ver a Elena&hellip;\n","protected":false},"author":2,"featured_media":125324,"comment_status":"","ping_status":"","sticky":false,"template":"","format":"standard","meta":{"footnotes":""},"categories":[174],"tags":[255,146,147,25,24,256,23],"class_list":{"0":"post-125323","1":"post","2":"type-post","3":"status-publish","4":"format-standard","5":"has-post-thumbnail","7":"category-famosos","8":"tag-celebrities","9":"tag-entertainment","10":"tag-entretenimiento","11":"tag-es","12":"tag-espana","13":"tag-famosos","14":"tag-spain"},"share_on_mastodon":{"url":"","error":""},"_links":{"self":[{"href":"https:\/\/www.europesays.com\/es\/wp-json\/wp\/v2\/posts\/125323","targetHints":{"allow":["GET"]}}],"collection":[{"href":"https:\/\/www.europesays.com\/es\/wp-json\/wp\/v2\/posts"}],"about":[{"href":"https:\/\/www.europesays.com\/es\/wp-json\/wp\/v2\/types\/post"}],"author":[{"embeddable":true,"href":"https:\/\/www.europesays.com\/es\/wp-json\/wp\/v2\/users\/2"}],"replies":[{"embeddable":true,"href":"https:\/\/www.europesays.com\/es\/wp-json\/wp\/v2\/comments?post=125323"}],"version-history":[{"count":0,"href":"https:\/\/www.europesays.com\/es\/wp-json\/wp\/v2\/posts\/125323\/revisions"}],"wp:featuredmedia":[{"embeddable":true,"href":"https:\/\/www.europesays.com\/es\/wp-json\/wp\/v2\/media\/125324"}],"wp:attachment":[{"href":"https:\/\/www.europesays.com\/es\/wp-json\/wp\/v2\/media?parent=125323"}],"wp:term":[{"taxonomy":"category","embeddable":true,"href":"https:\/\/www.europesays.com\/es\/wp-json\/wp\/v2\/categories?post=125323"},{"taxonomy":"post_tag","embeddable":true,"href":"https:\/\/www.europesays.com\/es\/wp-json\/wp\/v2\/tags?post=125323"}],"curies":[{"name":"wp","href":"https:\/\/api.w.org\/{rel}","templated":true}]}}