{"id":125325,"date":"2025-09-19T14:02:12","date_gmt":"2025-09-19T14:02:12","guid":{"rendered":"https:\/\/www.europesays.com\/es\/125325\/"},"modified":"2025-09-19T14:02:12","modified_gmt":"2025-09-19T14:02:12","slug":"sorolla-ya-pinta-para-siempre-sobre-el-lienzo-de-la-plaza-mayor-de-leon","status":"publish","type":"post","link":"https:\/\/www.europesays.com\/es\/125325\/","title":{"rendered":"Sorolla ya pinta para siempre sobre el lienzo de la plaza Mayor de Le\u00f3n"},"content":{"rendered":"<p><a class=\"v-mdl-ath__fig-a\" href=\"https:\/\/www.leonoticias.com\/autor\/leonoticias-2282.html\" title=\"Leonoticias\" rel=\"nofollow noopener\" target=\"_blank\"><br \/>\n<img decoding=\"async\" class=\"v-mdl-ath__img\" src=\"https:\/\/www.europesays.com\/es\/wp-content\/uploads\/2025\/07\/autor-2282-foto-1.jpeg\" alt=\"Leonoticias\"\/><br \/>\n<\/a><\/p>\n<p class=\"v-mdl-ath__p v-mdl-ath__p--6\">\nViernes, 19 de septiembre 2025, 14:09<\/p>\n<p class=\"v-p\">La Plaza Mayor de Le\u00f3n luce desde este viernes dos placas que homenajean, por un lado, el lugar donde se origin\u00f3 la Casa Botines de Antonio Gaud\u00ed y, por otro, aquel desde el que Joaqu\u00edn Sorolla pint\u00f3 en algunos de sus viajes a la capital.<\/p>\n<p class=\"v-p\">La primera de ellas, en reconocimiento al origen de la Casa Botines, est\u00e1 ubicada en el n\u00famero ocho de la plaza Mayor, un punto que, durante 35 a\u00f1os, acogi\u00f3 la sede del comercio de tejidos y casa de banca que fund\u00f3 Juan Homs y Botines y que continuaron sus dos socios Sim\u00f3n Fern\u00e1ndez y Mariano Andr\u00e9s Gonz\u00e1lez-Luna, promotores de la Casa Botines proyectada por Gaud\u00ed en la Plaza de San Marcelo, a la que trasladaron el comercio y su residencia, tal y como recoge una investigaci\u00f3n de Carmelo Lucas del Ser.<\/p>\n<p class=\"v-p\">La segunda de ellas, colocada en la otra punta de la Plaza Mayor se ubica en el lugar desde <a href=\"https:\/\/www.leonoticias.com\/culturas\/pintura\/paseo-sorolla-provincia-leon-20230810125804-nt.html\" data-voc-vtm-id=\"in-text-traffic\" title=\"el que Joaqu\u00edn Sorolla \" data-mrf-link=\"www.leonoticias.com\" rel=\"nofollow noopener\" target=\"_blank\">el que Joaqu\u00edn Sorolla <\/a>pint\u00f3 en alguno de sus viajes a Le\u00f3n, determinados por el investigador de los viajes de Sorolla por Castilla y Le\u00f3n, Miguel \u00c1ngel Cordero.<\/p>\n<p><img decoding=\"async\" loading=\"lazy\" src=\"https:\/\/www.europesays.com\/es\/wp-content\/uploads\/2025\/09\/_03MAX202509706583-kzEB-U2302984726989KnE-650x455@Leonoticias.jpg\" class=\"v-a-img\" width=\"650\" height=\"455\" alt=\"La placa dedicada a Joaqu\u00edn Sorolla.\" data-voc-vtm-id=\"in-text-traffic\"\/><\/p>\n<p>La placa dedicada a Joaqu\u00edn Sorolla.<\/p>\n<p>Campillo<\/p>\n<p><img loading=\"lazy\" decoding=\"async\" src=\"https:\/\/www.europesays.com\/es\/wp-content\/uploads\/2025\/09\/_03MAX202509706583-kzEB-U2302984726989vXC-1920x1344@Leonoticias.jpg\" class=\"v-mdl__img-z\" width=\"1920\" height=\"1344\" alt=\"\"\/><\/p>\n<p class=\"v-p\">El alcalde de Le\u00f3n, Jos\u00e9 Antonio Diez, acudi\u00f3 a la inauguraci\u00f3n de ambas placas en una plaza a la que se refiri\u00f3 como \u00abun s\u00edmbolo para los ciudadanos\u00bb por haber sido siempre \u00abuna zona de encuentro y de actividad\u00bb, al realizarse en ella \u00abactividades festivas, mercados, la Semana Santa y otras muchas cuestiones que hacen que sea un espacio de vida\u00bb.<\/p>\n<p>La vida cotidiana del Le\u00f3n de la \u00e9poca<\/p>\n<p class=\"v-p\">Ente los hechos singulares que se suced\u00edan en el entorno de la plaza \u00abcuando la ciudad era una ciudad todav\u00eda peque\u00f1a y muy confinada en cuanto a su extensi\u00f3n\u00bb, el regidor leon\u00e9s record\u00f3 los inicios de la actividad de Juan Ons, quien posteriormente hizo el encargo a Antonio Gaud\u00ed de \u00abuna magn\u00edfica obra\u00bb conocida como la Casa Botines, que \u00abhoy se valora y aprecia\u00bb y hace a la ciudad \u00abestar orgullosa\u00bb.<\/p>\n<p><img decoding=\"async\" loading=\"lazy\" src=\"https:\/\/www.europesays.com\/es\/wp-content\/uploads\/2025\/09\/_03MAX202509706589-kzEB-U2302984726989f7B-650x455@Leonoticias.jpg\" class=\"v-a-img\" width=\"650\" height=\"455\" alt=\"La placa dedicada a Botines.\" data-voc-vtm-id=\"in-text-traffic\"\/><\/p>\n<p>La placa dedicada a Botines.<\/p>\n<p>Campillo<\/p>\n<p><img loading=\"lazy\" decoding=\"async\" src=\"https:\/\/www.europesays.com\/es\/wp-content\/uploads\/2025\/09\/_03MAX202509706589-kzEB-U2302984726989vdF-1920x1344@Leonoticias.jpg\" class=\"v-mdl__img-z\" width=\"1920\" height=\"1344\" alt=\"\"\/><\/p>\n<p class=\"v-p\">Otra \u00abcaracter\u00edstica\u00bb de la plaza es haber sido el lugar donde Joaqu\u00edn <a href=\"https:\/\/www.leonoticias.com\/culturas\/exposiciones\/joaquin-sorolla-reencuentra-astorga-121-anos-despues-20231206175133-nt.html\" data-voc-vtm-id=\"in-text-traffic\" title=\"Sorolla \" data-mrf-link=\"www.leonoticias.com\" rel=\"nofollow noopener\" target=\"_blank\">Sorolla <\/a>\u00abrealiz\u00f3 distintas obras y pinturas\u00bb en sus visitas a la ciudad, \u00abvinculadas con el comercio y la Semana Santa\u00bb, especialmente a principios del siglo XX, entre los a\u00f1os 1902 y 1911.<\/p>\n<p class=\"v-p\">\u00abEstas placas hoy inauguradas son una manera de realzar nuestra historia y aquellas cuestiones que son desconocidas, pero que aportan un valor a\u00f1adido a lo que es la propia idiosincrasia de esta ciudad, de lo que ha sido y de su potencial entre finales del siglo XIX y principios del siglo XX\u00bb, remarc\u00f3 Jos\u00e9 Antonio Diez, \u00aborgulloso\u00bb de \u00abseguir poniendo en valor, revalorizando y dando a conocer el legado y patrimonio\u00bb de la ciudad.<\/p>\n<p>Botines sit\u00faa a Le\u00f3n como referente a nivel mundial<\/p>\n<p class=\"v-p\">Por su parte, el director del Museo Casa Botines Gaud\u00ed, Ra\u00fal Fern\u00e1ndez, quiso agradecer al Ayuntamiento de la capital la colocaci\u00f3n de la placa que, \u00abaunque puede parecer un ornamento peque\u00f1o, es muy importante\u00bb.<\/p>\n<p class=\"v-p\">\u00abEn 1890, cuando Le\u00f3n ten\u00eda poco m\u00e1s poco menos de 15.000 habitantes y m\u00e1s all\u00e1 de la muralla todo era un descampado, tres empresarios -Juan Juan Botines, Mariano Andr\u00e9s y Sim\u00f3n Fern\u00e1ndez- en esta tienda empezaron a tejer un sue\u00f1o que era la construcci\u00f3n de un gran edificio adaptado al siglo XX y tuvieron la audacia de ir a contratar a la otra punta de Espa\u00f1a al arquitecto m\u00e1s innovador de aquellos momentos, Antonio Gaud\u00ed\u00bb, explic\u00f3 Fern\u00e1ndez.<\/p>\n<p class=\"v-p\">Por ello, celebr\u00f3 que ahora los visitantes al Museo Casa Botines de Gaud\u00ed, tras explicarles \u00abel salto que me supuso pasar de un peque\u00f1o comercio a la Casa Botines\u00bb, podr\u00e1n trasladarse a la Plaza Mayor, \u00ablocalizar la tienda y, en un paseo de 200 metros, recorrer la distancia entre el siglo XIX y el siglo XX\u00bb.<\/p>\n<p>Comenta<\/p>\n<p>Reporta un error<\/p>\n","protected":false},"excerpt":{"rendered":"Viernes, 19 de septiembre 2025, 14:09 La Plaza Mayor de Le\u00f3n luce desde este viernes dos placas que&hellip;\n","protected":false},"author":2,"featured_media":125326,"comment_status":"","ping_status":"","sticky":false,"template":"","format":"standard","meta":{"footnotes":""},"categories":[173],"tags":[229,233,231,230,232,234,146,147,25,24,4108,20028,31,34548,1386,369,57,471,23],"class_list":{"0":"post-125325","1":"post","2":"type-post","3":"status-publish","4":"format-standard","5":"has-post-thumbnail","7":"category-arte-y-diseno","8":"tag-arte","9":"tag-arte-y-diseno","10":"tag-arts","11":"tag-arts-and-design","12":"tag-design","13":"tag-diseno","14":"tag-entertainment","15":"tag-entretenimiento","16":"tag-es","17":"tag-espana","18":"tag-leon","19":"tag-lienzo","20":"tag-mayor","21":"tag-pinta","22":"tag-plaza","23":"tag-siempre","24":"tag-sobre","25":"tag-sorolla","26":"tag-spain"},"share_on_mastodon":{"url":"","error":""},"_links":{"self":[{"href":"https:\/\/www.europesays.com\/es\/wp-json\/wp\/v2\/posts\/125325","targetHints":{"allow":["GET"]}}],"collection":[{"href":"https:\/\/www.europesays.com\/es\/wp-json\/wp\/v2\/posts"}],"about":[{"href":"https:\/\/www.europesays.com\/es\/wp-json\/wp\/v2\/types\/post"}],"author":[{"embeddable":true,"href":"https:\/\/www.europesays.com\/es\/wp-json\/wp\/v2\/users\/2"}],"replies":[{"embeddable":true,"href":"https:\/\/www.europesays.com\/es\/wp-json\/wp\/v2\/comments?post=125325"}],"version-history":[{"count":0,"href":"https:\/\/www.europesays.com\/es\/wp-json\/wp\/v2\/posts\/125325\/revisions"}],"wp:featuredmedia":[{"embeddable":true,"href":"https:\/\/www.europesays.com\/es\/wp-json\/wp\/v2\/media\/125326"}],"wp:attachment":[{"href":"https:\/\/www.europesays.com\/es\/wp-json\/wp\/v2\/media?parent=125325"}],"wp:term":[{"taxonomy":"category","embeddable":true,"href":"https:\/\/www.europesays.com\/es\/wp-json\/wp\/v2\/categories?post=125325"},{"taxonomy":"post_tag","embeddable":true,"href":"https:\/\/www.europesays.com\/es\/wp-json\/wp\/v2\/tags?post=125325"}],"curies":[{"name":"wp","href":"https:\/\/api.w.org\/{rel}","templated":true}]}}