{"id":125333,"date":"2025-09-19T14:06:17","date_gmt":"2025-09-19T14:06:17","guid":{"rendered":"https:\/\/www.europesays.com\/es\/125333\/"},"modified":"2025-09-19T14:06:17","modified_gmt":"2025-09-19T14:06:17","slug":"donde-podemos-ver-la-nueva-pelicula-del-hombre-de-acero","status":"publish","type":"post","link":"https:\/\/www.europesays.com\/es\/125333\/","title":{"rendered":"\u00bfd\u00f3nde podemos ver la nueva pel\u00edcula del hombre de acero?"},"content":{"rendered":"<p>El <strong>cine de superh\u00e9roes<\/strong> no ha tenido el desempe\u00f1o esperado en la pasada taquilla estival. Entre otras cosas, porque<a href=\"https:\/\/okdiario.com\/trailer\/jurassic-world-8-futura-secuela-abre-camino-gracias-reinado-taquilla-estival-15386355\" rel=\"nofollow noopener\" target=\"_blank\"> Jurassic World: El renacer<\/a> ha barrido del mapa a los dos grandes largometrajes producidos por Marvel y DC; <strong>Los 4 Fant\u00e1sticos: Primeros pasos y Superman<\/strong>. Ambas funcionaban como dos reboots dispuestos a calibrar el reclamo real detr\u00e1s del g\u00e9nero y, aunque no han dado p\u00e9rdidas a sus respectivos estudios sumando juntas<strong><a href=\"https:\/\/okdiario.com\/trailer\/peliculas-mas-taquilleras-del-verano-estos-5-titulos-han-brillado-cartelera-veraniega-15332261\" rel=\"nofollow noopener\" target=\"_blank\"> m\u00e1s de 1.100 millones de d\u00f3lares<\/a> en el box office<\/strong>, s\u00ed que se estimaba un impacto mucho mayor en una cartelera en la que pr\u00e1cticamente no han tenido ninguna rival que promediase su nivel de inversi\u00f3n. Ahora, <strong>Superman<\/strong> probar\u00e1 fortuna en el streaming dentro de la plataforma de <strong>HBO Max<\/strong>.<\/p>\n<p><img loading=\"lazy\" decoding=\"async\" class=\"wp-image-15332634 size-medium\" alt=\"Superman streaming\" width=\"620\" height=\"349\"  src=\"https:\/\/www.europesays.com\/es\/wp-content\/uploads\/2025\/09\/captura-de-pantalla-2025-07-10-a-las-13.36.31_cropped-620x349.jpg\" \/> \u2018Superman\u2019 (Warner Bros).<\/p>\n<p>La cinta dirigida por <a href=\"https:\/\/okdiario.com\/trailer\/james-gunn-confirma-que-habra-superman-2-titulo-oficial-toda-declaracion-intenciones-15352949\" rel=\"nofollow noopener\" target=\"_blank\">James Gunn<\/a> est\u00e1 disponible desde hoy mismo en la marca de v\u00eddeo bajo demanda <strong>propiedad de Warner Bros. Discovery<\/strong>. Una oportunidad \u00fanica para todos aquellos que no pudieron ver en la gran pantalla, el que es el inicio oficial del nuevo DCU (Detective Comic Universe). Coincidiendo adem\u00e1s con el final de <strong>la segunda temporada de El pacificador<\/strong>, una serie que tambi\u00e9n est\u00e1 ambientada en el mismo universo. La respuesta de la cr\u00edtica ha sido tan polarizada como los pensamientos de un p\u00fablico que se debate en abrazar las imperfecciones de esta versi\u00f3n y los que todav\u00eda desean recuperar <strong>la herencia del DCU de Zack Snyder<\/strong>, el cual tuvo todav\u00eda una aprobaci\u00f3n menor.<\/p>\n<p>Sea como fuere, el vuelo de Superman por el cat\u00e1logo del streaming de HBO promete un buen n\u00famero de visualizaciones. Rompiendo quiz\u00e1s, <strong>varios r\u00e9cords de viralidad<\/strong> dentro del abanico de contenidos de la empresa. La nueva adaptaci\u00f3n comulga con todos sus fallos, hilvanando su ligereza para <strong>un disfrute comiquero<\/strong> y el coraz\u00f3n de un personaje que vuelve a poner de moda ser un buen t\u00edo.<\/p>\n<p><a style=\"font-size: 19px; font-style: italic;\" href=\"https:\/\/twitter.com\/hashtag\/Superman?src=hash&amp;ref_src=twsrc%5Etfw\" rel=\"nofollow noopener\" target=\"_blank\">#Superman<\/a> is available on <a style=\"font-size: 19px; font-style: italic;\" href=\"https:\/\/twitter.com\/StreamOnMax?ref_src=twsrc%5Etfw\" rel=\"nofollow noopener\" target=\"_blank\">@StreamOnMax<\/a> Friday! <a style=\"font-size: 19px; font-style: italic;\" href=\"https:\/\/t.co\/9B72a84WCM\" rel=\"nofollow\">pic.twitter.com\/9B72a84WCM<\/a><\/p>\n<blockquote class=\"twitter-tweet\">\n<p>\u2014 James Gunn (@JamesGunn) <a href=\"https:\/\/twitter.com\/JamesGunn\/status\/1967976835846934607?ref_src=twsrc%5Etfw\" rel=\"nofollow noopener\" target=\"_blank\">September 16, 2025<\/a><\/p>\n<\/blockquote>\n<p>\u2018Superman\u2019 alza el vuelo en el streaming<\/p>\n<p><img loading=\"lazy\" decoding=\"async\" class=\"size-medium wp-image-14006437\" alt=\"Superman streaming\" width=\"620\" height=\"349\"  src=\"https:\/\/www.europesays.com\/es\/wp-content\/uploads\/2025\/09\/superman-warner-bros.-620x349.jpg\" \/> \u2018Superman\u2019 (Warner Bros).<\/p>\n<p>\u00bfDe qu\u00e9 trata este reinicio del h\u00e9roe de la capa roja? Sin contar las secuelas, Superman alza el vuelo en el streaming como la primera pel\u00edcula del superh\u00e9roe que<strong> no busca ser una historia de origen<\/strong>. Bajo un mundo c\u00ednico, el cual ha perdido la fe en la bondad, este Clark Kent busca reconciliar su herencia Kryptoniana con su crecimiento en la tierra, desafiando a sus enemigos a trav\u00e9s de <strong>unos valores que parecen obsoletos<\/strong>.<\/p>\n<p><strong>David Corenswet<\/strong> (Twisters) da vida al protagonista y <strong>Rachel Brosnahan<\/strong> (House of cards) encarna a su compa\u00f1era en el Daily Planet, Lois Lane. En el papel de villano encontramos a Nicholas Hoult. En su misi\u00f3n de proteger el mundo, Superman estar\u00e1 acompa\u00f1ado de toda una serie de superh\u00e9roes de poderes extra\u00f1os interpretados por Edi Gathegi, Anthony Carrigan, Nathan Fillon e Isabela Merced. Completan el casting, Skylar Gisondo, Sara Sampaio, Wendell Pierce, Pruitt Taylor Vince y neva Howell.<\/p>\n<p>Una secuela en camino<\/p>\n<blockquote class=\"twitter-tweet\">\n<p dir=\"ltr\" lang=\"en\">Man of Tomorrow. In theatres July 9, 2027. <a href=\"https:\/\/t.co\/hegJEuRMTk\" rel=\"nofollow\">pic.twitter.com\/hegJEuRMTk<\/a><\/p>\n<p>\u2014 James Gunn (@JamesGunn) <a href=\"https:\/\/twitter.com\/JamesGunn\/status\/1963282616527851796?ref_src=twsrc%5Etfw\" rel=\"nofollow noopener\" target=\"_blank\">September 3, 2025<\/a><\/p>\n<\/blockquote>\n<p>Gunn no es simplemente el responsable del guion y la direcci\u00f3n de este renacer audiovisual del mito creado por Jerry Siegel y Joe Shuster. El norteamericano e junto al productor ejecutivo <strong>Peter Safran<\/strong>, el ide\u00f3logo de todo un cosmos de nuevas pel\u00edculas y series que quieren medirse de t\u00fa a t\u00fa con el UCM (Universo Cinematogr\u00e1fico de Marvel). De hecho, el director creativo de toda esta serie de adaptaciones ya ha anunciado una secuela que aparentemente, llevar\u00e1 por nombre <strong>Superman: Man of Tomorrow<\/strong> y que ser\u00e1 un t\u00edtulo en el que Lex Luthor tendr\u00e1 un mayor protagonismo.<\/p>\n<p><img loading=\"lazy\" decoding=\"async\" class=\"size-medium wp-image-13855683\" alt=\"nueva pel\u00edcula Superman\" width=\"620\" height=\"349\"  src=\"https:\/\/www.europesays.com\/es\/wp-content\/uploads\/2025\/09\/superman-legacy-dc-studios.-620x349.jpg\" \/> \u2018Superman: Legacy\u2019 (DC Studios).<\/p>\n<p>Mucho antes eso s\u00ed, tendremos el estreno de <strong>Supergirl: Woman of Tomorrow <\/strong>el 26 del junio de 2026. En el fututo, aunque todav\u00eda sin fechas completamente cerradas, tendremos las cintas de La cosa del pantano, The Authority, The Brave and the Bold y series como Lanterns y Booster Gold.<\/p>\n<p>\t\t\t\t\t<script async src=\"https:\/\/platform.twitter.com\/widgets.js\" charset=\"utf-8\"><\/script><\/p>\n","protected":false},"excerpt":{"rendered":"El cine de superh\u00e9roes no ha tenido el desempe\u00f1o esperado en la pasada taquilla estival. Entre otras cosas,&hellip;\n","protected":false},"author":2,"featured_media":125334,"comment_status":"","ping_status":"","sticky":false,"template":"","format":"standard","meta":{"footnotes":""},"categories":[169],"tags":[177,146,147,25,24,176,175,23],"class_list":{"0":"post-125333","1":"post","2":"type-post","3":"status-publish","4":"format-standard","5":"has-post-thumbnail","7":"category-cine","8":"tag-cine","9":"tag-entertainment","10":"tag-entretenimiento","11":"tag-es","12":"tag-espana","13":"tag-film","14":"tag-movies","15":"tag-spain"},"share_on_mastodon":{"url":"","error":""},"_links":{"self":[{"href":"https:\/\/www.europesays.com\/es\/wp-json\/wp\/v2\/posts\/125333","targetHints":{"allow":["GET"]}}],"collection":[{"href":"https:\/\/www.europesays.com\/es\/wp-json\/wp\/v2\/posts"}],"about":[{"href":"https:\/\/www.europesays.com\/es\/wp-json\/wp\/v2\/types\/post"}],"author":[{"embeddable":true,"href":"https:\/\/www.europesays.com\/es\/wp-json\/wp\/v2\/users\/2"}],"replies":[{"embeddable":true,"href":"https:\/\/www.europesays.com\/es\/wp-json\/wp\/v2\/comments?post=125333"}],"version-history":[{"count":0,"href":"https:\/\/www.europesays.com\/es\/wp-json\/wp\/v2\/posts\/125333\/revisions"}],"wp:featuredmedia":[{"embeddable":true,"href":"https:\/\/www.europesays.com\/es\/wp-json\/wp\/v2\/media\/125334"}],"wp:attachment":[{"href":"https:\/\/www.europesays.com\/es\/wp-json\/wp\/v2\/media?parent=125333"}],"wp:term":[{"taxonomy":"category","embeddable":true,"href":"https:\/\/www.europesays.com\/es\/wp-json\/wp\/v2\/categories?post=125333"},{"taxonomy":"post_tag","embeddable":true,"href":"https:\/\/www.europesays.com\/es\/wp-json\/wp\/v2\/tags?post=125333"}],"curies":[{"name":"wp","href":"https:\/\/api.w.org\/{rel}","templated":true}]}}