{"id":125349,"date":"2025-09-19T14:14:10","date_gmt":"2025-09-19T14:14:10","guid":{"rendered":"https:\/\/www.europesays.com\/es\/125349\/"},"modified":"2025-09-19T14:14:10","modified_gmt":"2025-09-19T14:14:10","slug":"margarita-robles-la-cruz-del-merito-militar-pone-de-relieve-lo-grandes-que-son-algunas-personas","status":"publish","type":"post","link":"https:\/\/www.europesays.com\/es\/125349\/","title":{"rendered":"Margarita Robles: \u201cLa Cruz del M\u00e9rito Militar pone de relieve lo grandes que son algunas personas\u201d"},"content":{"rendered":"<p>\t\t\t\t\t\t19\/09\/2025<br \/>\n\t\t\t\t\t\t<a href=\"https:\/\/twitter.com\/Defensagob\" title=\"Twitter\" rel=\"nofollow noopener\" target=\"_blank\"><img decoding=\"async\" src=\"https:\/\/www.europesays.com\/es\/wp-content\/uploads\/2025\/07\/siguenosTwitter1.png\" alt=\"Twitter\"\/> <\/a><\/p>\n<p>\t\t\t\t\t\tReconocimientos<\/p>\n<p>\n\t\t\t\t\t\t\t<strong>El Cuartel General del Ej\u00e9rcito de Tierra ha acogido la entrega de condecoraciones a un civil y a un militar por sus actuaciones en la Operaci\u00f3n \u2018DANA 2024\u2019 y en el incendio de Tres Cantos<\/strong>\n\t\t\t\t\t\t<\/p>\n<p>La ministra de Defensa, Margarita Robles, ha presidido en el Cuartel General del Ej\u00e9rcito de Tierra el acto de imposici\u00f3n de la Cruz del M\u00e9rito Militar con distintivo blanco a Jorge Fombellida, ex director general de la Feria de Valencia, y al soldado Diego Santillana, perteneciente al Regimiento de Infanter\u00eda \u2018Asturias\u2019 31, de la Brigada \u2018Guadarrama\u2019 XII.<\/p>\n<p>La celebraci\u00f3n de este acto ha dado ocasi\u00f3n a la ministra de manifestar el sentido de estas distinciones: \u201cLa Cruz del M\u00e9rito Militar pone de relieve lo grandes que son algunas personas; lo grandes que pueden ser los seres humanos cuando, en los momentos complicados, anteponen la generosidad, el darse a los dem\u00e1s, a sus intereses o a su bienestar propio\u201d.<\/p>\n<p>\u201cNuestros dos condecorados \u2013continuaba Robles\u2013 son la mejor manifestaci\u00f3n de ese esp\u00edritu de entrega, de generosidad y de ayuda a los dem\u00e1s\u201d.<\/p>\n<p>ACCIONES DESTACADAS<\/p>\n<p>La Cruz del M\u00e9rito Militar es la condecoraci\u00f3n con que se reconoce el m\u00e9rito de acciones o servicios relacionados con la Defensa y que, en el caso de Jorge Fombellida, se concede por su papel como director de la Feria de Valencia durante la Operaci\u00f3n \u2018DANA 2024\u2019.<\/p>\n<p>Su apoyo a las unidades all\u00ed desplegadas fue constante e indispensable; facilit\u00f3 el alojamiento en sus pabellones y el mantenimiento de los mismos\u00a0desde el primer d\u00eda hasta el final de la misi\u00f3n, poniendo a su disposici\u00f3n la totalidad del recinto ferial as\u00ed como el personal necesario para su mantenimiento.<\/p>\n<p>El soldado Diego Santillana, por su parte, particip\u00f3 estrechamente con la Guardia Civil y los residentes de la zona en las labores de auxilio y contenci\u00f3n de las llamas del incendio declarado en Tres Cantos el pasado 11 de agosto.<\/p>\n<p>Ese d\u00eda, finalizado su servicio, colabor\u00f3 con agentes y vecinos a rescatar a un hombre que hab\u00eda quedado atrapado cuando intentaba salvar a sus caballos. El soldado Santillana permaneci\u00f3 junto al herido, ayud\u00e1ndole a realizar una llamada con la que pudo despedirse de su familia, y acompa\u00f1\u00e1ndole hasta su fallecimiento.<\/p>\n<p>\u201cEl acto de hoy \u2013conclu\u00eda la ministra\u2013 como todos los actos de condecoraciones, tiene mucho valor simb\u00f3lico. Pero hoy todos nos complacemos de que en Espa\u00f1a haya gente en el Ej\u00e9rcito como Diego y todos sus compa\u00f1eros; y en la sociedad civil como Jorge y toda la gente que trabaja en la Feria de Valencia\u201d.<\/p>\n<p>\t\t\t\t<script async src=\"https:\/\/platform.twitter.com\/widgets.js\" charset=\"utf-8\"><\/script><\/p>\n","protected":false},"excerpt":{"rendered":"19\/09\/2025 Reconocimientos El Cuartel General del Ej\u00e9rcito de Tierra ha acogido la entrega de condecoraciones a un civil&hellip;\n","protected":false},"author":2,"featured_media":2463,"comment_status":"","ping_status":"","sticky":false,"template":"","format":"standard","meta":{"footnotes":""},"categories":[5],"tags":[17,18,1616,2591,25,2586,24,2593,13,14,2588,2589,2590,2587,11,19,20,2592,2585,2584,9,10,15,16,23,12,21,22],"class_list":{"0":"post-125349","1":"post","2":"type-post","3":"status-publish","4":"format-standard","5":"has-post-thumbnail","7":"category-titulares","8":"tag-breaking-news","9":"tag-breakingnews","10":"tag-defensa","11":"tag-ejrcito-espaol","12":"tag-es","13":"tag-espaa","14":"tag-espana","15":"tag-fas","16":"tag-featured-news","17":"tag-featurednews","18":"tag-ffaa","19":"tag-fuerzas-armadas","20":"tag-fuerzas-armadas-profesionales","21":"tag-gobierno-de-espaa","22":"tag-headlines","23":"tag-latest-news","24":"tag-latestnews","25":"tag-mde","26":"tag-ministerio-de-defensa","27":"tag-ministerio-defensa","28":"tag-news","29":"tag-noticias","30":"tag-noticias-destacadas","31":"tag-noticiasdestacadas","32":"tag-spain","33":"tag-titulares","34":"tag-ultimas-noticias","35":"tag-ultimasnoticias"},"share_on_mastodon":{"url":"","error":""},"_links":{"self":[{"href":"https:\/\/www.europesays.com\/es\/wp-json\/wp\/v2\/posts\/125349","targetHints":{"allow":["GET"]}}],"collection":[{"href":"https:\/\/www.europesays.com\/es\/wp-json\/wp\/v2\/posts"}],"about":[{"href":"https:\/\/www.europesays.com\/es\/wp-json\/wp\/v2\/types\/post"}],"author":[{"embeddable":true,"href":"https:\/\/www.europesays.com\/es\/wp-json\/wp\/v2\/users\/2"}],"replies":[{"embeddable":true,"href":"https:\/\/www.europesays.com\/es\/wp-json\/wp\/v2\/comments?post=125349"}],"version-history":[{"count":0,"href":"https:\/\/www.europesays.com\/es\/wp-json\/wp\/v2\/posts\/125349\/revisions"}],"wp:featuredmedia":[{"embeddable":true,"href":"https:\/\/www.europesays.com\/es\/wp-json\/wp\/v2\/media\/2463"}],"wp:attachment":[{"href":"https:\/\/www.europesays.com\/es\/wp-json\/wp\/v2\/media?parent=125349"}],"wp:term":[{"taxonomy":"category","embeddable":true,"href":"https:\/\/www.europesays.com\/es\/wp-json\/wp\/v2\/categories?post=125349"},{"taxonomy":"post_tag","embeddable":true,"href":"https:\/\/www.europesays.com\/es\/wp-json\/wp\/v2\/tags?post=125349"}],"curies":[{"name":"wp","href":"https:\/\/api.w.org\/{rel}","templated":true}]}}