{"id":125354,"date":"2025-09-19T14:21:12","date_gmt":"2025-09-19T14:21:12","guid":{"rendered":"https:\/\/www.europesays.com\/es\/125354\/"},"modified":"2025-09-19T14:21:12","modified_gmt":"2025-09-19T14:21:12","slug":"la-llamativa-reaccion-de-hadjar-cuando-le-preguntan-si-puede-ser-el-companero-de-verstappen-me-asusta","status":"publish","type":"post","link":"https:\/\/www.europesays.com\/es\/125354\/","title":{"rendered":"La llamativa reacci\u00f3n de Hadjar cuando le preguntan si puede ser el compa\u00f1ero de Verstappen: \u00abMe asusta\u00bb"},"content":{"rendered":"<p class=\"L6-news-detail__text\">Red Bull busca segundo piloto para 2026. No convenci\u00f3 <b>Liam Lawson<\/b> y tampoco lo est\u00e1 haciendo <b>Yuki Tsunoda<\/b>. Por lo que se ha abierto el casting y el nombre que suena con m\u00e1s fuerza es el del novato <b>Isack Hadjar<\/b>, que est\u00e1 brillando con Racing Bulls con resultados excelentes.<\/p>\n<p class=\"L6-news-detail__text\">Al galo le han planteado si se ve como compa\u00f1ero de <b><a title=\"Max Verstappen\" href=\"https:\/\/www.lasexta.com\/noticias\/deportes\/motor\/formula1\/ferrari-pide-llegada-verstappen-cuanto-antes-que-pase-hamilton_2025091668c91c2937083b1b01b0659b.html\" target=\"_blank\" rel=\"nofollow noopener\">Max Verstappen<\/a><\/b>\u2026 y su reacci\u00f3n ha sido muy comentada. La recoge &#8216;SoyMotor&#8217;.<\/p>\n<p class=\"L6-news-detail__text\">\u00ab\u00bfYo como compa\u00f1ero de equipo de Max? <b>La idea me asusta, pero tambi\u00e9n es incre\u00edblemente emocionante\u00bb<\/b>, ha expresado el joven piloto de Racing Bulls en el Gran Premio de Azerbaiy\u00e1n, en Bak\u00fa.<\/p>\n<p class=\"L6-news-detail__text\">Espera que le llega ese reto: \u00abMe veo en \u00e9l, y ser\u00eda una alineaci\u00f3n fant\u00e1stica. Claro, apenas estoy al principio de mi carrera, pero <b>podr\u00eda tener esta oportunidad\u00bb.<\/b><\/p>\n<p class=\"L6-news-detail__text\"><b>\u00abTendr\u00eda el mismo coche que el mejor piloto del mundo<\/b>, y \u00e9l estar\u00eda justo a mi lado. Tendr\u00eda la oportunidad de competir con \u00e9l y tendr\u00eda las mismas oportunidades que \u00e9l\u00bb, dice el joven piloto franc\u00e9s.<\/p>\n<p class=\"L6-news-detail__text\">Hadjar es noveno en el campeonato de pilotos. Por delante de los dos Aston Martin, de <b>Nico Hulkenberg<\/b> y de sus dos compa\u00f1eros, Lawson y Yuki Tsunoda.<\/p>\n<p class=\"L6-support-news-video__title\">El Cafelito<\/p>\n<p>            <a href=\"https:\/\/www.lasexta.com\/noticias\/deportes\/motor\/experiencia-alex-marquez-marc-como-companero-repente-hay-mucha-presion-tsunami_2025091868cbbdbf1b05386b629ff243.html\" class=\"L6-news__link\" rel=\"nofollow noopener\" target=\"_blank\"><br \/>\n                La experiencia de Alex M\u00e1rquez con Marc como compa\u00f1ero: \u00abDe repente hay mucha presi\u00f3n&#8230; es un tsunami\u00bb<\/p>\n<p class=\"recirculation-video-desc\">El piloto acude a &#8216;El Cafelito&#8217; de Josep Pedrerol y repasa la situaci\u00f3n de Pecco Bagnaia y c\u00f3mo es Marc como compa\u00f1ero de equipo.<\/p>\n<p>            <\/a><\/p>\n","protected":false},"excerpt":{"rendered":"Red Bull busca segundo piloto para 2026. No convenci\u00f3 Liam Lawson y tampoco lo est\u00e1 haciendo Yuki Tsunoda.&hellip;\n","protected":false},"author":2,"featured_media":125355,"comment_status":"","ping_status":"","sticky":false,"template":"","format":"standard","meta":{"footnotes":""},"categories":[270],"tags":[168,25,24,306,271,272,23,167],"class_list":{"0":"post-125354","1":"post","2":"type-post","3":"status-publish","4":"format-standard","5":"has-post-thumbnail","7":"category-formula-1","8":"tag-deportes","9":"tag-es","10":"tag-espana","11":"tag-f1","12":"tag-formula-1","13":"tag-formula1","14":"tag-spain","15":"tag-sports"},"share_on_mastodon":{"url":"","error":""},"_links":{"self":[{"href":"https:\/\/www.europesays.com\/es\/wp-json\/wp\/v2\/posts\/125354","targetHints":{"allow":["GET"]}}],"collection":[{"href":"https:\/\/www.europesays.com\/es\/wp-json\/wp\/v2\/posts"}],"about":[{"href":"https:\/\/www.europesays.com\/es\/wp-json\/wp\/v2\/types\/post"}],"author":[{"embeddable":true,"href":"https:\/\/www.europesays.com\/es\/wp-json\/wp\/v2\/users\/2"}],"replies":[{"embeddable":true,"href":"https:\/\/www.europesays.com\/es\/wp-json\/wp\/v2\/comments?post=125354"}],"version-history":[{"count":0,"href":"https:\/\/www.europesays.com\/es\/wp-json\/wp\/v2\/posts\/125354\/revisions"}],"wp:featuredmedia":[{"embeddable":true,"href":"https:\/\/www.europesays.com\/es\/wp-json\/wp\/v2\/media\/125355"}],"wp:attachment":[{"href":"https:\/\/www.europesays.com\/es\/wp-json\/wp\/v2\/media?parent=125354"}],"wp:term":[{"taxonomy":"category","embeddable":true,"href":"https:\/\/www.europesays.com\/es\/wp-json\/wp\/v2\/categories?post=125354"},{"taxonomy":"post_tag","embeddable":true,"href":"https:\/\/www.europesays.com\/es\/wp-json\/wp\/v2\/tags?post=125354"}],"curies":[{"name":"wp","href":"https:\/\/api.w.org\/{rel}","templated":true}]}}