{"id":125358,"date":"2025-09-19T14:23:07","date_gmt":"2025-09-19T14:23:07","guid":{"rendered":"https:\/\/www.europesays.com\/es\/125358\/"},"modified":"2025-09-19T14:23:07","modified_gmt":"2025-09-19T14:23:07","slug":"el-futbol-ingles-no-da-credito-ante-la-actuacion-estelar-de-pedri-en-st-james-park-los-idolos-rivales-asi-re-la-razon","status":"publish","type":"post","link":"https:\/\/www.europesays.com\/es\/125358\/","title":{"rendered":"El f\u00fatbol ingl\u00e9s no da cr\u00e9dito ante la actuaci\u00f3n estelar de Pedri en St. James Park. Los \u00eddolos rivales as\u00ed re &#8211; La Raz\u00f3n"},"content":{"rendered":"<ol>\n<li><a href=\"https:\/\/news.google.com\/rss\/articles\/CBMi_AFBVV95cUxOa0N6NVhkYjZMR1B2UXdTbEFyaEZGRWpHZVdQQWl4S0NkWXN3T2RlSTVTampEX1oyQVpydktpSDItakF2UHZsV0tIRmVMX28zWjhKckI4UUVwQjE4WWtTQWVhd3dpMV9PZ3hxRnpBSlI5b2Q4bURnVUxOb0VrRTR6cGJWc3l2d0wzNmRQeHVGNXppWHlZMmozZ285bnhCNHVVWkFuV0RCdTBhTC1jb1d0djV5TGlTSWVJbVVuc29xTVNLRXFFeXpQcWJkRzBWOTMyZEhCWjEtZ0hmU3dEYm1fRk12VndIaERWZ3JjZWZkd05zXzhEV0o2cThWT0rSAZACQVVfeXFMTXFCR2Z2WV9mZ2NtUzRuZlBfc0p4U1BDMndMTlltWnNweEhLaFhoaldFbHdjVjhsVXhoSUxPLTFGd2JqcVRFYU51cDJuMVp4MVZzYVNrV3RKbVVTTkJ5dUtVeVhRU3RWb1ZDQXJBSEhST3hQQ09vQ0R6V2ZBTEJfMG9VXzRuTG9YaThpTFQ4TjR6LXhrMzc5VXpBZi1yUWhYTFA2R0ZTMHFHX1pWM0g4RDFHU1Q5dlVXUW9aWXJuTHJBRGJqdHZpSWNqcW9wUjVDVUM5UTN2MFQ0R1lCeXM4WUYyRG1GdXJPSlhwQzhReGdUWnJZcFZaVlB5aVJBajZySXptVm1ub1N1REU0Uk1KM3M?oc=5\" target=\"_blank\" rel=\"nofollow noopener\">El f\u00fatbol ingl\u00e9s no da cr\u00e9dito ante la actuaci\u00f3n estelar de Pedri en St. James Park. Los \u00eddolos rivales as\u00ed re<\/a>&nbsp;&nbsp;La Raz\u00f3n<\/li>\n<li><a href=\"https:\/\/news.google.com\/rss\/articles\/CBMiiwFBVV95cUxQUUdiX1FLSUd4TWFtdjFSVFlwaUpsNXFFRzFMR1A4UUpoNEF0ZG5VbWd0dmliQTd2YUZhT3FaMmF5VzZqbW9sNm5rWkhlWmhmdlpqNmNZY3FuTUpPbnhPUE14SFRBTHBxRFNOd2xfVHZiWFZiY2FrcVdsaXluRFBhV0doZlNFS19vN0hF0gGfAUFVX3lxTE1yVURZSmN6cXV4THhBXzFhYmhHS2Z0ZGVfSFMwbFlDWW5RbThPSWgzZkVablFsZW00aEZOOXgzQ2ZncEQ2WVZ5ZGwyUmMwaFlDa1hKZmxERW1UZllNU05IZXJMdUFBMjNUY202Z0tIZmJUenVlQXJ3dHRiaG5zclRfZ1l6NmkxcS0zMWQ5RUpISXpWdmxtRl90TkoycU9yVQ?oc=5\" target=\"_blank\" rel=\"nofollow noopener\">Grealish y Scholes se rinden p\u00fablicamente a Pedri y De Jong<\/a>&nbsp;&nbsp;Diario AS<\/li>\n<li><a href=\"https:\/\/news.google.com\/rss\/articles\/CBMigwFBVV95cUxPeHlweE9LajdMWUJuTl9FTURyTHN5eS1JMUtOdmxnVGlLRHROQ3N4ZThaVnJWMDlNM3NPRXlqUWFRWEk0V3g4bXdLSUtPOWFOUkFsUWVFRlZSWXNoNUpJMzAzVXVjazV2bE9BRWJDVHlpOXVVWnI3WllNWWpla01CWXRLOA?oc=5\" target=\"_blank\" rel=\"nofollow noopener\">Locos por Pedri: \u00abEs lo m\u00e1s parecido a Laudrup\u00bb<\/a>&nbsp;&nbsp;SPORT<\/li>\n<li><a href=\"https:\/\/news.google.com\/rss\/articles\/CBMiuwFBVV95cUxObndpcE12cTBIVWNCXzhORGNKMGp4Mm5pUmZ4d2szdVkySlJKQ3VtVWQwNDBRMXNzUEZITXg3cXdqLWRtR1c3TW5RSWoweUpxZ252aWkzSUtpeEQ1eHJSdE9kYjJab1NyUHpXc2ZWNU0wM3M3U2dZNmVEMlA4Y0lWSXpHaGtfeTBwQXhaUW1BRWdTVGhvYzM0YnZEcExaX3BmLXZrdVRXSFY4UmFILUU1bG1yQWwtRGxocEpV0gHIAUFVX3lxTE12RTdLMXlYOE1LdkIybDBBejNiaFBwRWZGNFVCZGZkM3ZpWDFsbTlDVkp3d3MtM3gyTFhiTHdBR1Z1N2Vsc3RicnFxbFdzNDJuOUxCRnZuRDhFRDl1VEVDWmpNSjFRaEhienpLV0lZMC0ydEZreEFkQ29xbTViX0FKX0NDdjBqYktveU9zME5sa19PXzJ0bUUzdVNBSTdvODd1ZF9Jdk41aGF2VU13a0l1Z2l1M3QzMmZwRFhPOHFJOEhBV1RZM0hJ?oc=5\" target=\"_blank\" rel=\"nofollow noopener\">Pedri, como Messi: convierte lo excepcional en cotidiano<\/a>&nbsp;&nbsp;Mundo Deportivo<\/li>\n<li><a href=\"https:\/\/news.google.com\/rss\/articles\/CBMiswFBVV95cUxPanpvazB6RFRnZVFlaFM1bkJxQ296SDI0WVB1by10V1l1Sm1SeDBmd1NzRWotVXgxWjZnSU5iaUt3OW0tV0xtV05lQXBKWVRYeWp6QXBKYVNjeUJMSW5sUnZuUno0bGhVYnZEZEp4aDVDaXdyS3FiU1MzdEpLN2ZBdlZyYnUycHZFLUpuTFJWS1BZeUhBbldvVXRMZXMyUkFtNjNkWFZwT1BRaGMxM2hReEJOWdIBswFBVV95cUxPUVJWb1pQWTZjMnRMR19zOFZPVGQ1aFE4RUdCTGdUQjVuZ0V4TUVJZzV0akdLT0NLcDRBSDZRNDNibmhBdF9fVHJOY2EwWG04U01BLThMVmgyUXVHNERhMk03bWE5Um9KWHpXMk5xTWdPN1N5UWhOWFVoektOb1d3b1VEUGtKMU1HOVVMUDJCQk5tUGdKLWNYbkViNE9kV1RPclFaX0dldTJjLVdranFwT1Y3bw?oc=5\" target=\"_blank\" rel=\"nofollow noopener\">Grealish, rendido ante Pedri y De Jong: \u00abEs un placer verlos jugar\u00bb<\/a>&nbsp;&nbsp;Marca<\/li>\n<\/ol>\n","protected":false},"excerpt":{"rendered":"El f\u00fatbol ingl\u00e9s no da cr\u00e9dito ante la actuaci\u00f3n estelar de Pedri en St. James Park. Los \u00eddolos&hellip;\n","protected":false},"author":2,"featured_media":123323,"comment_status":"","ping_status":"","sticky":false,"template":"","format":"standard","meta":{"footnotes":""},"categories":[268],"tags":[168,25,24,280,282,281,23,167],"class_list":{"0":"post-125358","1":"post","2":"type-post","3":"status-publish","4":"format-standard","5":"has-post-thumbnail","7":"category-futbol","8":"tag-deportes","9":"tag-es","10":"tag-espana","11":"tag-football","12":"tag-futbol","13":"tag-soccer","14":"tag-spain","15":"tag-sports"},"share_on_mastodon":{"url":"","error":""},"_links":{"self":[{"href":"https:\/\/www.europesays.com\/es\/wp-json\/wp\/v2\/posts\/125358","targetHints":{"allow":["GET"]}}],"collection":[{"href":"https:\/\/www.europesays.com\/es\/wp-json\/wp\/v2\/posts"}],"about":[{"href":"https:\/\/www.europesays.com\/es\/wp-json\/wp\/v2\/types\/post"}],"author":[{"embeddable":true,"href":"https:\/\/www.europesays.com\/es\/wp-json\/wp\/v2\/users\/2"}],"replies":[{"embeddable":true,"href":"https:\/\/www.europesays.com\/es\/wp-json\/wp\/v2\/comments?post=125358"}],"version-history":[{"count":0,"href":"https:\/\/www.europesays.com\/es\/wp-json\/wp\/v2\/posts\/125358\/revisions"}],"wp:featuredmedia":[{"embeddable":true,"href":"https:\/\/www.europesays.com\/es\/wp-json\/wp\/v2\/media\/123323"}],"wp:attachment":[{"href":"https:\/\/www.europesays.com\/es\/wp-json\/wp\/v2\/media?parent=125358"}],"wp:term":[{"taxonomy":"category","embeddable":true,"href":"https:\/\/www.europesays.com\/es\/wp-json\/wp\/v2\/categories?post=125358"},{"taxonomy":"post_tag","embeddable":true,"href":"https:\/\/www.europesays.com\/es\/wp-json\/wp\/v2\/tags?post=125358"}],"curies":[{"name":"wp","href":"https:\/\/api.w.org\/{rel}","templated":true}]}}