{"id":125361,"date":"2025-09-19T14:25:10","date_gmt":"2025-09-19T14:25:10","guid":{"rendered":"https:\/\/www.europesays.com\/es\/125361\/"},"modified":"2025-09-19T14:25:10","modified_gmt":"2025-09-19T14:25:10","slug":"maneu-apuesta-por-una-colectiva-de-fuster-ramis-cittadini-y-hall-sweeney-para-la-nit-de-lart","status":"publish","type":"post","link":"https:\/\/www.europesays.com\/es\/125361\/","title":{"rendered":"Maneu apuesta por una colectiva de Fuster, Ramis, Cittadini y Hall-Sweeney para la Nit de l&#8217;Art"},"content":{"rendered":"<p>La <strong>Nit de l\u2019Art<\/strong> llegar\u00e1 el a\u00f1o que viene a su 30 edici\u00f3n, lo que demuestra que sigue siendo no solo una cita importante para artistas y galeristas, sino tambi\u00e9n para los ciudadanos. Son ellos precisamente los que recorren las calles de Palma durante horas, desde poco antes de caer la tarde hasta bien entrada la noche, algunos de hecho entran por primera vez en galer\u00edas y para otros ya es una tradici\u00f3n bien arraigada.<\/p>\n<p>Hay las llamadas propuestas del <strong>circuito oficial<\/strong> y las m\u00e1s <strong>alternativas<\/strong>, pero la gran mayor\u00eda \u2013por no decir todas\u2013 apuestan por artistas emergentes o consolidados de arte contempor\u00e1neo, centr\u00e1ndose tal vez en un p\u00fablico m\u00e1s joven y <strong>vanguardista<\/strong>. Entre el aluvi\u00f3n de este tipo de ofertas est\u00e1 una en particular que sigue apostando por la tradici\u00f3n: la de la <a href=\"https:\/\/www.ultimahora.es\/etiqueta\/galer%C3%ADa+Maneu.html?utm_source=Inline-tag&amp;utm_medium=internal\" rel=\"nofollow noopener\" target=\"_blank\">galer\u00eda Maneu<\/a>, ubicada en la c\u00e9ntrica calle Montcades n\u00famero 3. De hecho, su responsable, <strong>Joan Oliver \u2018Maneu\u2019,<\/strong> se define como un \u00abmantenedor de la tradici\u00f3n\u00bb. \u00abAlguien lo tiene que hacer\u00bb, afirma con una sonrisa. Para esta nueva convocatoria, Maneu ha optado por una muestra colectiva de los artistas <strong>Joan Fuster, Juli Ramis, Tito Cittadini y Margaret Hall-Sweeney.<\/strong><\/p>\n<p>Cada uno ocupa una pared entera del dodecaedro que es la galer\u00eda. Asimismo, el galerista exhibe una selecci\u00f3n de piezas de <strong>Antoni Ribas, Ram\u00f3n Nadal, Antoni Gelabert y Joan Bauz\u00e0.<\/strong> Las pinturas son, en buena parte, paisajistas, aunque tambi\u00e9n hay figuraci\u00f3n, como es el caso de Juli Ramis, de quien Maneu atesora m\u00e1s de cien obras.<\/p>\n<p>Pionero<\/p>\n<p>No solo es el \u00abmantenedor de la tradici\u00f3n\u00bb, sino que Maneu es uno de los fundadores de la Nit de l\u2019Art junto a<strong> Joan Guaita, Xavier Fiol y Bernat Rabassa.<\/strong> \u00abDespu\u00e9s de la crisis de los a\u00f1os 90, est\u00e1bamos muy aburridos, nadie entraba en las galer\u00edas. Viaj\u00e1bamos a <strong>Nueva York<\/strong> para poder ver un mercado que funcionara, \u00edbamos a las subastas de <strong>Christie\u2019s<\/strong>\u00bb, recuerda.<\/p>\n<p>En una de las visitas a la Gran Manzana les llam\u00f3 la atenci\u00f3n que las galer\u00edas, en esa \u00e9poca situadas en las calles 56 y 57, estaban abiertas hasta muy entrada la noche. \u00abHab\u00eda mucha gente y muy buen ambiente, as\u00ed que decidimos replicarlo en Palma. Al principio nadie cre\u00eda que fuera a funcionar aqu\u00ed, incluso <strong>Guillem Frontera<\/strong> dijo en una tertulia televisiva aquella frase ya m\u00edtica de \u2018aix\u00f2 ser\u00e0 com qui anar a fer cases santes\u2019. Todos se equivocaron, menos nosotros\u00bb, concluye con una sonrisa ahora triunfante.<\/p>\n","protected":false},"excerpt":{"rendered":"La Nit de l\u2019Art llegar\u00e1 el a\u00f1o que viene a su 30 edici\u00f3n, lo que demuestra que sigue&hellip;\n","protected":false},"author":2,"featured_media":125362,"comment_status":"","ping_status":"","sticky":false,"template":"","format":"standard","meta":{"footnotes":""},"categories":[173],"tags":[229,1829,233,231,230,209,232,234,146,147,25,24,2086,40864,40862,40863,23],"class_list":{"0":"post-125361","1":"post","2":"type-post","3":"status-publish","4":"format-standard","5":"has-post-thumbnail","7":"category-arte-y-diseno","8":"tag-arte","9":"tag-arte-en-mallorca","10":"tag-arte-y-diseno","11":"tag-arts","12":"tag-arts-and-design","13":"tag-cultura","14":"tag-design","15":"tag-diseno","16":"tag-entertainment","17":"tag-entretenimiento","18":"tag-es","19":"tag-espana","20":"tag-exposiciones-en-mallorca","21":"tag-galeria-maneu","22":"tag-nit-de-lart","23":"tag-nit-de-lart-en-palma","24":"tag-spain"},"share_on_mastodon":{"url":"","error":""},"_links":{"self":[{"href":"https:\/\/www.europesays.com\/es\/wp-json\/wp\/v2\/posts\/125361","targetHints":{"allow":["GET"]}}],"collection":[{"href":"https:\/\/www.europesays.com\/es\/wp-json\/wp\/v2\/posts"}],"about":[{"href":"https:\/\/www.europesays.com\/es\/wp-json\/wp\/v2\/types\/post"}],"author":[{"embeddable":true,"href":"https:\/\/www.europesays.com\/es\/wp-json\/wp\/v2\/users\/2"}],"replies":[{"embeddable":true,"href":"https:\/\/www.europesays.com\/es\/wp-json\/wp\/v2\/comments?post=125361"}],"version-history":[{"count":0,"href":"https:\/\/www.europesays.com\/es\/wp-json\/wp\/v2\/posts\/125361\/revisions"}],"wp:featuredmedia":[{"embeddable":true,"href":"https:\/\/www.europesays.com\/es\/wp-json\/wp\/v2\/media\/125362"}],"wp:attachment":[{"href":"https:\/\/www.europesays.com\/es\/wp-json\/wp\/v2\/media?parent=125361"}],"wp:term":[{"taxonomy":"category","embeddable":true,"href":"https:\/\/www.europesays.com\/es\/wp-json\/wp\/v2\/categories?post=125361"},{"taxonomy":"post_tag","embeddable":true,"href":"https:\/\/www.europesays.com\/es\/wp-json\/wp\/v2\/tags?post=125361"}],"curies":[{"name":"wp","href":"https:\/\/api.w.org\/{rel}","templated":true}]}}