{"id":125363,"date":"2025-09-19T14:26:06","date_gmt":"2025-09-19T14:26:06","guid":{"rendered":"https:\/\/www.europesays.com\/es\/125363\/"},"modified":"2025-09-19T14:26:06","modified_gmt":"2025-09-19T14:26:06","slug":"crees-que-deberian-seguir-mandandose-clasicos-como-la-celestina-como-lectura-escolar-obligatoria","status":"publish","type":"post","link":"https:\/\/www.europesays.com\/es\/125363\/","title":{"rendered":"\u00bfcrees que deber\u00edan seguir mand\u00e1ndose cl\u00e1sicos como \u00abLa Celestina\u00bb como lectura escolar obligatoria?"},"content":{"rendered":"<p>\t\t\t \t\t \t\t\t\t\t\t\tM\u00e1is da metade da cidadan\u00eda abre un libro polo menos unha vez \u00e1 semana, segundo Bar\u00f3metro de H\u00e1bitos de Lectura e Compra de Libros en Espa\u00f1a <strong class=\"pd-l\">LAURA LEIRAS  <\/strong><\/p>\n<p>\t\t\t\t\t\tExiste un debate abierto sobre si la adolescencia es el mejor momento para introducir estas obras<br \/>\n\t\t\t\t\t\t\t\t\t\t\t\t<strong>19 sep 2025<\/strong> . Actualizado a las 15:27 h.\t\t\t\t\t\t<\/p>\n<p class=\"first-paragraph txt\"><strong>Cl\u00e1sicos de la literatura<\/strong> como\u00a0La Celestina o Don Quijote de La Mancha han\u00a0acompa\u00f1ado durante d\u00e9cadas a los estudiantes gallegos en sus clases de lengua y <strong>literatura<\/strong>.\u00a0Son libros que todo el mundo deber\u00eda leer al menos una vez en la vida, pero <strong>\u00bfes la adolescencia el mejor momento para hacerlo?<\/strong> Entre editores, profesores, escritores y bibliotecarios\u00a0no hay consenso ni una opini\u00f3n generalizada.\u00a0<\/p>\n<p class=\"txt\">Pero, \u00bft\u00fa qu\u00e9 crees? Vota en nuestra encuesta y d\u00e9janos tu opini\u00f3n en los comentarios.\u00a0<\/p>\n","protected":false},"excerpt":{"rendered":"M\u00e1is da metade da cidadan\u00eda abre un libro polo menos unha vez \u00e1 semana, segundo Bar\u00f3metro de H\u00e1bitos&hellip;\n","protected":false},"author":2,"featured_media":125364,"comment_status":"","ping_status":"","sticky":false,"template":"","format":"standard","meta":{"footnotes":""},"categories":[172],"tags":[224,146,147,25,24,225,23],"class_list":{"0":"post-125363","1":"post","2":"type-post","3":"status-publish","4":"format-standard","5":"has-post-thumbnail","7":"category-libros","8":"tag-books","9":"tag-entertainment","10":"tag-entretenimiento","11":"tag-es","12":"tag-espana","13":"tag-libros","14":"tag-spain"},"share_on_mastodon":{"url":"","error":""},"_links":{"self":[{"href":"https:\/\/www.europesays.com\/es\/wp-json\/wp\/v2\/posts\/125363","targetHints":{"allow":["GET"]}}],"collection":[{"href":"https:\/\/www.europesays.com\/es\/wp-json\/wp\/v2\/posts"}],"about":[{"href":"https:\/\/www.europesays.com\/es\/wp-json\/wp\/v2\/types\/post"}],"author":[{"embeddable":true,"href":"https:\/\/www.europesays.com\/es\/wp-json\/wp\/v2\/users\/2"}],"replies":[{"embeddable":true,"href":"https:\/\/www.europesays.com\/es\/wp-json\/wp\/v2\/comments?post=125363"}],"version-history":[{"count":0,"href":"https:\/\/www.europesays.com\/es\/wp-json\/wp\/v2\/posts\/125363\/revisions"}],"wp:featuredmedia":[{"embeddable":true,"href":"https:\/\/www.europesays.com\/es\/wp-json\/wp\/v2\/media\/125364"}],"wp:attachment":[{"href":"https:\/\/www.europesays.com\/es\/wp-json\/wp\/v2\/media?parent=125363"}],"wp:term":[{"taxonomy":"category","embeddable":true,"href":"https:\/\/www.europesays.com\/es\/wp-json\/wp\/v2\/categories?post=125363"},{"taxonomy":"post_tag","embeddable":true,"href":"https:\/\/www.europesays.com\/es\/wp-json\/wp\/v2\/tags?post=125363"}],"curies":[{"name":"wp","href":"https:\/\/api.w.org\/{rel}","templated":true}]}}