{"id":125365,"date":"2025-09-19T14:27:12","date_gmt":"2025-09-19T14:27:12","guid":{"rendered":"https:\/\/www.europesays.com\/es\/125365\/"},"modified":"2025-09-19T14:27:12","modified_gmt":"2025-09-19T14:27:12","slug":"como-que-callese-progre-la-epoca-de-mandar-callar-a-las-mujeres-ya-paso","status":"publish","type":"post","link":"https:\/\/www.europesays.com\/es\/125365\/","title":{"rendered":"\u00bfC\u00f3mo que &#8216;c\u00e1llese, progre&#8217;?, la \u00e9poca de mandar callar a las mujeres ya pas\u00f3"},"content":{"rendered":"<p class=\"L6-news-detail__text\"><b><a title=\"Sandra Sabat\u00e9s\" href=\"https:\/\/www.lasexta.com\/programas\/el-intermedio\/nevanka-fernandez-habla-sandra-sabates-lucha-acoso-valentia-fue-necesaria-sobrevivir_2025091068c1e52b7dd380649b21e2d6.html\" target=\"_blank\" rel=\"nofollow noopener\">Sandra Sabat\u00e9s<\/a><\/b><b> y <\/b><b><a title=\"Cristina Gallego\" href=\"https:\/\/www.lasexta.com\/programas\/el-intermedio\/insultos-gruesos-sanchez-canciones-fascistas-cristina-gallego-analiza-pollos-evento-ultra-vox_2025091568c886d00e72636c5e8d06d7.html\" target=\"_blank\" rel=\"nofollow noopener\">Cristina Gallego<\/a><\/b><b> presentan en el plat\u00f3 de El Intermedio &#8216;Goles son se\u00f1ores&#8217;<\/b>, la secci\u00f3n en donde \u00abel machismo empieza de titular\u00bb, pero intentan \u00abque acabe expulsado\u00bb. Para empezar, Cristina Gallego lamenta que el machismo est\u00e9 \u00abhasta en la sopa\u00bb: \u00abVamos, como Joaqu\u00edn pero sin tener ni pu** gracia\u00bb.<\/p>\n<p class=\"L6-news-detail__text\">\u00abAcabamos de empezar y ya tenemos gol en Vox\u00bb, afirma Cristina Gallego en el v\u00eddeo, donde Sandra Sabat\u00e9s muestra la machista frase que ha usado <b>un diputado de Vox en La Rioja para dirigirse a una diputada de IU <\/b>al hablar de la acogida de ni\u00f1os migrantes. \u00abHay un dicho que a usted le viene muy bien, que es mejor muchas veces estar callada y parecer tonta, a abrir la boca y despejar todas las dudas\u00bb, ha afirmado el pol\u00edtico de Vox, H\u00e9ctor Alacid, a la diputada de IU, Henar Moreno, a la que dice que dice \u00abuna tonter\u00eda tras otra\u00bb.<\/p>\n<p class=\"L6-news-detail__text\"><b>\u00abC\u00e1llese, progre, no moleste\u00bb, termina dici\u00e9ndole a Moreno<\/b>. \u00ab\u00bfC\u00f3mo que c\u00e1llese, progre?\u00bb, alucina Cristina Gallego, que responde tajante al pol\u00edtico de Vox: \u00abLa \u00e9poca de mandar callar a la mujer ya pas\u00f3\u00bb.<\/p>\n<p class=\"L6-news-detail__text\">Por su parte, <b>Sandra Sabat\u00e9s ense\u00f1a \u00abotra machistada del equipo de Vox\u00bb<\/b>. En concreto, <b>la del alcalde de Lima, Rafael L\u00f3pez, en un acto de Vox.<\/b> \u00abComo yo la llamo, esa marea verde asquerosa que va en contra de la vida, los aborteros, que destrozan familias, esa gente en Lima la hemos sacado de toda posibilidad de Gobierno y quit\u00e1ndoles todas esas licencias m\u00e9dicas que son cl\u00ednicas de la muerte\u00bb, ha afirmado el alcalde.<\/p>\n<p class=\"L6-news-detail__text\"><b>\u00abEste se\u00f1or saca pecho de haber destrozado el derecho al aborto en Lima\u00bb, critica Sandra Sabat\u00e9s,<\/b> que insiste: \u00abEs, sin duda, el fichaje estrella de Vox, siente los colores como el que m\u00e1s y ataca muy bien por el lado derecho\u00bb.<\/p>\n<p class=\"L6-support-news-video__title\">Evento de moda<\/p>\n<p>            <a href=\"https:\/\/www.lasexta.com\/programas\/el-intermedio\/isma-juarez-regala-asistente-vfno-calcetines-deportivos-cuando-hagas-cosplay-pobre_2025091868cc78591b05386b62a3b787.html\" class=\"L6-news__link\" rel=\"nofollow noopener\" target=\"_blank\"><br \/>\n                Isma Ju\u00e1rez regala a una asistente de la VFNO unos calcetines deportivos: \u00abPara cuando hagas cosplay de pobre\u00bb<\/p>\n<p class=\"recirculation-video-desc\">El reportero ha asistido a la &#8216;Vogue Fashion Night Out&#8217; y ha propuesto a Ana y Peter, dos de sus asistentes, jugar a &#8216;Cu\u00e1nto vale tu outfit&#8217;. \u00bfConseguir\u00e1 el chico adivinar cu\u00e1nto ha gastado la joven en su look?<\/p>\n<p>            <\/a><\/p>\n","protected":false},"excerpt":{"rendered":"Sandra Sabat\u00e9s y Cristina Gallego presentan en el plat\u00f3 de El Intermedio &#8216;Goles son se\u00f1ores&#8217;, la secci\u00f3n en&hellip;\n","protected":false},"author":2,"featured_media":125366,"comment_status":"","ping_status":"","sticky":false,"template":"","format":"standard","meta":{"footnotes":""},"categories":[171],"tags":[146,147,25,24,23,214],"class_list":{"0":"post-125365","1":"post","2":"type-post","3":"status-publish","4":"format-standard","5":"has-post-thumbnail","7":"category-tv","8":"tag-entertainment","9":"tag-entretenimiento","10":"tag-es","11":"tag-espana","12":"tag-spain","13":"tag-tv"},"share_on_mastodon":{"url":"","error":""},"_links":{"self":[{"href":"https:\/\/www.europesays.com\/es\/wp-json\/wp\/v2\/posts\/125365","targetHints":{"allow":["GET"]}}],"collection":[{"href":"https:\/\/www.europesays.com\/es\/wp-json\/wp\/v2\/posts"}],"about":[{"href":"https:\/\/www.europesays.com\/es\/wp-json\/wp\/v2\/types\/post"}],"author":[{"embeddable":true,"href":"https:\/\/www.europesays.com\/es\/wp-json\/wp\/v2\/users\/2"}],"replies":[{"embeddable":true,"href":"https:\/\/www.europesays.com\/es\/wp-json\/wp\/v2\/comments?post=125365"}],"version-history":[{"count":0,"href":"https:\/\/www.europesays.com\/es\/wp-json\/wp\/v2\/posts\/125365\/revisions"}],"wp:featuredmedia":[{"embeddable":true,"href":"https:\/\/www.europesays.com\/es\/wp-json\/wp\/v2\/media\/125366"}],"wp:attachment":[{"href":"https:\/\/www.europesays.com\/es\/wp-json\/wp\/v2\/media?parent=125365"}],"wp:term":[{"taxonomy":"category","embeddable":true,"href":"https:\/\/www.europesays.com\/es\/wp-json\/wp\/v2\/categories?post=125365"},{"taxonomy":"post_tag","embeddable":true,"href":"https:\/\/www.europesays.com\/es\/wp-json\/wp\/v2\/tags?post=125365"}],"curies":[{"name":"wp","href":"https:\/\/api.w.org\/{rel}","templated":true}]}}