{"id":125369,"date":"2025-09-19T14:29:12","date_gmt":"2025-09-19T14:29:12","guid":{"rendered":"https:\/\/www.europesays.com\/es\/125369\/"},"modified":"2025-09-19T14:29:12","modified_gmt":"2025-09-19T14:29:12","slug":"el-ouff-reune-en-ourense-piezas-de-star-wars-alien-e-indiana-jones","status":"publish","type":"post","link":"https:\/\/www.europesays.com\/es\/125369\/","title":{"rendered":"El OUFF re\u00fane en Ourense piezas de Star Wars, Alien e Indiana Jones"},"content":{"rendered":"<p class=\"paragraph-atom &#10;        B-500-500-700-N B-600-500-700-N--md  \">A menudo lo que sucede dentro de la pantalla dista mucho de la realidad. <strong>Es la magia del cine<\/strong>. Con todo, todos esos detalles que se ven en las pel\u00edculas est\u00e1n minuciosamente pensados. <strong>\u201cMaking Movies: un viaje detr\u00e1s de las c\u00e1maras\u201d<\/strong> es una muestra para \u201cpoder aprender un poco m\u00e1s de lo que hay detr\u00e1s de las grandes pel\u00edculas\u201d, as\u00ed lo explic\u00f3 <strong>Alba Polo, gu\u00eda de esta exposici\u00f3n<\/strong>, enmarcada dentro de la programaci\u00f3n del <a href=\"https:\/\/www.laregion.es\/temas\/ouff\/\" rel=\"nofollow noopener\" target=\"_blank\">Ourense Film Festival<\/a> y que se puede ver desde este jueves en el Centro Cultural Marcos Valc\u00e1rcel. <\/p>\n<p class=\"paragraph-atom &#10;        B-500-500-700-N B-600-500-700-N--md  \">\u201cEn esta muestra vais a poder descubrir que, por ejemplo, los sables l\u00e1ser no ten\u00edan luz, eran de madera y estaban pintados, y las piedras de sankara de Indiana Jones no eran tan m\u00edsticas y no brillaban por s\u00ed solas\u201d, apunt\u00f3 Polo al inicio de la primera visita. <strong>M\u00e1s de 100 piezas originales utilizadas durante los rodajes de las pel\u00edculas de Star Wars, Indiana Jones o Alien se ponen a disposici\u00f3n del p\u00fablico ourensano<\/strong>, con la pretensi\u00f3n de ser un para\u00edso para los amantes de la ciencia ficci\u00f3n y tambi\u00e9n el resto de espectadores. Entre los objetos pueden encontrarse elementos del vestuario, guiones e incluso el zeppelin que aparece en la pel\u00edcula del arque\u00f3logo -y que es mucho m\u00e1s peque\u00f1o de lo que parece en la pantalla-.<\/p>\n<p class=\"paragraph-atom &#10;        B-500-500-700-N B-600-500-700-N--md  \">La pianista Mar\u00eda Mendoza fue la encargada de inaugurar la muestra al ritmo de algunas de las canciones compuestas por John Williams, responsables de muchas de las bandas sonoras m\u00e1s reconocidas de la gran pantalla -entre ellas las de la propia saga Star Wars-. El director art\u00edstico del OUFF, \u00d3scar Doviso apunt\u00f3 que \u201co obxectivo principal \u00e9 amosar aos fans do cine todo o traballo que hai detr\u00e1s das c\u00e1maras das grandes superproduci\u00f3ns\u201d y anim\u00f3 a los ourensanos a apoyar este tipo de actividades para que \u201cnos deixen traer m\u00e1is\u201d. <\/p>\n<p class=\"paragraph-atom &#10;        B-500-500-700-N B-600-500-700-N--md  \">Por su parte, el presidente de la Diputaci\u00f3n, <strong>Luis Menor<\/strong>, destac\u00f3 el car\u00e1cter \u201ctransversal, social e innovador\u201d del festival, ya que \u201cnon se trata s\u00f3 de pel\u00edculas, tam\u00e9n actividades paralelas que contrib\u00faen a dinamizar a cultura\u201d, como el caso de esta exposici\u00f3n.<\/p>\n<p class=\"paragraph-atom &#10;        B-500-500-700-N B-600-500-700-N--md  \"><strong>La muestra podr\u00e1 visitarse hasta el d\u00eda 2 de noviembre<\/strong>, durante el horario habitual del Centro Cultural Marcos Valc\u00e1rcel y con entrada gratuita. Adem\u00e1s, habr\u00e1 visitas guiadas de la mano de J\u00fapiter Juegos. Ser\u00e1n los martes y jueves, a partir de las 19,30 horas, en grupos de unas 15\/20 personas. Para asistir, ser\u00e1 necesario anotarse con antelaci\u00f3n en la tienda de J\u00fapiter Juegos. <\/p>\n<p>\n        Relacionado\n    <\/p>\n","protected":false},"excerpt":{"rendered":"A menudo lo que sucede dentro de la pantalla dista mucho de la realidad. Es la magia del&hellip;\n","protected":false},"author":2,"featured_media":125370,"comment_status":"","ping_status":"","sticky":false,"template":"","format":"standard","meta":{"footnotes":""},"categories":[169],"tags":[177,146,147,25,24,176,175,40865,19704,5534,4984,23,7824],"class_list":{"0":"post-125369","1":"post","2":"type-post","3":"status-publish","4":"format-standard","5":"has-post-thumbnail","7":"category-cine","8":"tag-cine","9":"tag-entertainment","10":"tag-entretenimiento","11":"tag-es","12":"tag-espana","13":"tag-film","14":"tag-movies","15":"tag-ouff","16":"tag-ourense","17":"tag-piezas","18":"tag-reune","19":"tag-spain","20":"tag-star"},"share_on_mastodon":{"url":"","error":""},"_links":{"self":[{"href":"https:\/\/www.europesays.com\/es\/wp-json\/wp\/v2\/posts\/125369","targetHints":{"allow":["GET"]}}],"collection":[{"href":"https:\/\/www.europesays.com\/es\/wp-json\/wp\/v2\/posts"}],"about":[{"href":"https:\/\/www.europesays.com\/es\/wp-json\/wp\/v2\/types\/post"}],"author":[{"embeddable":true,"href":"https:\/\/www.europesays.com\/es\/wp-json\/wp\/v2\/users\/2"}],"replies":[{"embeddable":true,"href":"https:\/\/www.europesays.com\/es\/wp-json\/wp\/v2\/comments?post=125369"}],"version-history":[{"count":0,"href":"https:\/\/www.europesays.com\/es\/wp-json\/wp\/v2\/posts\/125369\/revisions"}],"wp:featuredmedia":[{"embeddable":true,"href":"https:\/\/www.europesays.com\/es\/wp-json\/wp\/v2\/media\/125370"}],"wp:attachment":[{"href":"https:\/\/www.europesays.com\/es\/wp-json\/wp\/v2\/media?parent=125369"}],"wp:term":[{"taxonomy":"category","embeddable":true,"href":"https:\/\/www.europesays.com\/es\/wp-json\/wp\/v2\/categories?post=125369"},{"taxonomy":"post_tag","embeddable":true,"href":"https:\/\/www.europesays.com\/es\/wp-json\/wp\/v2\/tags?post=125369"}],"curies":[{"name":"wp","href":"https:\/\/api.w.org\/{rel}","templated":true}]}}