{"id":125373,"date":"2025-09-19T14:31:10","date_gmt":"2025-09-19T14:31:10","guid":{"rendered":"https:\/\/www.europesays.com\/es\/125373\/"},"modified":"2025-09-19T14:31:10","modified_gmt":"2025-09-19T14:31:10","slug":"los-asesores-de-robert-kennedy-jr-recomiendan-nuevas-restricciones-a-la-vacuna-combinada-contra-sarampion-paperas-rubeola-y-varicela-eldiario-es","status":"publish","type":"post","link":"https:\/\/www.europesays.com\/es\/125373\/","title":{"rendered":"Los asesores de Robert Kennedy Jr. recomiendan nuevas restricciones a la vacuna combinada contra sarampi\u00f3n, paperas, rub\u00e9ola y varicela &#8211; elDiario.es"},"content":{"rendered":"<ol>\n<li><a href=\"https:\/\/news.google.com\/rss\/articles\/CBMi-AFBVV95cUxPSGE0dGxvaC1oWl9hQTc3OFpyY3BweFByNTJzVHlCSTA2bmdtZVZHZ1RNR3NtZTFScjNWRTZpMDJZZ3FFRk53cVYzM0JkMDQ4MWw5N0w1Z24weTl4cnBOQWd5aEh5Z3ctWExINGZHVC1lX21VdFdueEVvWlBGTzB3Mi1Da0NNSURoTFJkV0NGV1pSMG5zUkVOWUpBakZ5NnNzakdSak5qWkwtM2tDbC1vdWJQNVZSLWhkRTRKckdLOGhSUElNb0VsWUdNbnk1NDYtNnBqR3VUVUpPSFFMeTBFRUp6SjJIWFRBc2V6OGg5UHNxLVNjdWFoUdIB_gFBVV95cUxPOWFteFY1VldWbnpEdFZjRW5pcGRGYkZFQVRJeGxHZFdiTWhNYVRWTmFNbTNONVBHRVhwWHZOVUY4NThrQUl1aU1tcmROT0JxdG8yaVBEUFE0UkVXNGVCTHNDMy1kT05ETUo4ZFdudDhmQnBQbFdVWG5jdWRMUDJyQzRfMDNENGNmM0pibHVpazkxM0pCeFhBS1hHTGhGVjRpcFJncTh0QTFLLXpsQTEwMXJaTnRHYUVOYk5ocHF6SFEwMHBBRmNaeXV4UGM3Mi1pdGJzaWxEM3I4QXdhQnlESFZnRUdFQ1BtMnJpNm81UDdUdFQ4dW5ubkZENzNQQQ?oc=5\" target=\"_blank\" rel=\"nofollow noopener\">Los asesores de Robert Kennedy Jr. recomiendan nuevas restricciones a la vacuna combinada contra sarampi\u00f3n, paperas, rub\u00e9ola y varicela<\/a>&nbsp;&nbsp;elDiario.es<\/li>\n<li><a href=\"https:\/\/news.google.com\/rss\/articles\/CBMiwAFBVV95cUxPRjdFVUY2d2RmR1kzRnpodTFaWno4Umx0cFI2QnNwMFFia3JXT1I0SHd2enBrT0VSbGpXeEVZNl9IY3R3WmV5dEdtQTFKeXpaaTJoQkZiWjE4M0JEaTFlWEQtUUE5SWFYNjcyYnJEY2otOHhfT2N2RXJOaUZ0VDVQYWNQQmkwVTNCYzZULU9iWVFBa3dmMG1fMWlmVWc2UmswQm5nY1NGUXFyTFlDMnpVMHZUYkpVQ1dsbDllU3poN3E?oc=5\" target=\"_blank\" rel=\"nofollow noopener\">Robert F. Kennedy Jr. inicia su asalto a las vacunas infantiles en Estados Unidos<\/a>&nbsp;&nbsp;EL PA\u00cdS<\/li>\n<li><a href=\"https:\/\/news.google.com\/rss\/articles\/CBMiogFBVV95cUxOWHVpOTFmX2FMZTZFR2VETFdUZVNPOGRHRzVxQkFmMEJBMm1YUFVvOVhNTHh3UEdLOEVJblFzeE1hT2M4YlBHek03M0Jrbi0temxZUE9ILVh0OVZiX1VRVkNJTzRucm5UVUhJOEpMMFB3T1ZXUU43YXZiMTlaVnJSR1BEZ0FkM1JrTU1mXzZoZFhQbUMtdmhMRTlmZUVOc2lZamc?oc=5\" target=\"_blank\" rel=\"nofollow noopener\">Primer encuentro del comit\u00e9 de vacunas del CDC tras la sorpresiva destituci\u00f3n de su directora<\/a>&nbsp;&nbsp;ABC<\/li>\n<li><a href=\"https:\/\/news.google.com\/rss\/articles\/CBMinAFBVV95cUxNcmtBZUtISEdvS3V0Smo2RXRpcHVWcmRhXzhFZ1NxbGZFckVFbzRCR1I5NXJBS1FYX3Vkcml0NlBBbU9rN01OWGFVRXpHSGhYOFItNU5MUGF3VFNRbXVQQjk5UjhzUkNWc1lzMllQLTc1SExiV011SUFDNnQwb3hWbEdhYjBCbDNjQ0V2aE1kWUtZWV9CR3pJTmdCeEI?oc=5\" target=\"_blank\" rel=\"nofollow noopener\">Panel de los CDC vota a favor de retrasar hasta los 4 a\u00f1os de edad la vacuna contra el sarampi\u00f3n, las paperas, la rub\u00e9ola y la varicela pese a falta de evidencia cient\u00edfica<\/a>&nbsp;&nbsp;Univision<\/li>\n<li><a href=\"https:\/\/news.google.com\/rss\/articles\/CBMi2wFBVV95cUxNdFNfeWtOWjVBQjBGLWJhZUY4b00wN3llV2xIUnVxQWE3QXRXMjBhcmE3ekRZRlNtU2ZXd3ZqWEFmUW0xcUpKZ1FvampqWUFDWTVrMXVINFBEbm5BS2Y5Y2VyX3o3RG1pMU1qM2ZkbTg5TDAzcW9Ha295NTNVNUhuekV3OHo0V2tjVXVxVjhXTXVkeS02UTdhWTB5ODI5Z2VSUHFzMlNReHEtdW81MWNILWtHM1EwNlJGUGZUdXo1VG1xclQ3ZmJxTS1WODltSGl2WHNXMmhjNmdWWDA?oc=5\" target=\"_blank\" rel=\"nofollow noopener\">Panel m\u00e9dico realiza primeros cambios en recomendaciones sobre vacunas infantiles en EEUU<\/a>&nbsp;&nbsp;RFI<\/li>\n<\/ol>\n","protected":false},"excerpt":{"rendered":"Los asesores de Robert Kennedy Jr. recomiendan nuevas restricciones a la vacuna combinada contra sarampi\u00f3n, paperas, rub\u00e9ola y&hellip;\n","protected":false},"author":2,"featured_media":123323,"comment_status":"","ping_status":"","sticky":false,"template":"","format":"standard","meta":{"footnotes":""},"categories":[92],"tags":[25,24,165,166,23],"class_list":{"0":"post-125373","1":"post","2":"type-post","3":"status-publish","4":"format-standard","5":"has-post-thumbnail","7":"category-salud","8":"tag-es","9":"tag-espana","10":"tag-health","11":"tag-salud","12":"tag-spain"},"share_on_mastodon":{"url":"","error":""},"_links":{"self":[{"href":"https:\/\/www.europesays.com\/es\/wp-json\/wp\/v2\/posts\/125373","targetHints":{"allow":["GET"]}}],"collection":[{"href":"https:\/\/www.europesays.com\/es\/wp-json\/wp\/v2\/posts"}],"about":[{"href":"https:\/\/www.europesays.com\/es\/wp-json\/wp\/v2\/types\/post"}],"author":[{"embeddable":true,"href":"https:\/\/www.europesays.com\/es\/wp-json\/wp\/v2\/users\/2"}],"replies":[{"embeddable":true,"href":"https:\/\/www.europesays.com\/es\/wp-json\/wp\/v2\/comments?post=125373"}],"version-history":[{"count":0,"href":"https:\/\/www.europesays.com\/es\/wp-json\/wp\/v2\/posts\/125373\/revisions"}],"wp:featuredmedia":[{"embeddable":true,"href":"https:\/\/www.europesays.com\/es\/wp-json\/wp\/v2\/media\/123323"}],"wp:attachment":[{"href":"https:\/\/www.europesays.com\/es\/wp-json\/wp\/v2\/media?parent=125373"}],"wp:term":[{"taxonomy":"category","embeddable":true,"href":"https:\/\/www.europesays.com\/es\/wp-json\/wp\/v2\/categories?post=125373"},{"taxonomy":"post_tag","embeddable":true,"href":"https:\/\/www.europesays.com\/es\/wp-json\/wp\/v2\/tags?post=125373"}],"curies":[{"name":"wp","href":"https:\/\/api.w.org\/{rel}","templated":true}]}}