{"id":125376,"date":"2025-09-19T14:33:08","date_gmt":"2025-09-19T14:33:08","guid":{"rendered":"https:\/\/www.europesays.com\/es\/125376\/"},"modified":"2025-09-19T14:33:08","modified_gmt":"2025-09-19T14:33:08","slug":"colas-en-el-applestore-para-comprar-el-nuevo-iphone","status":"publish","type":"post","link":"https:\/\/www.europesays.com\/es\/125376\/","title":{"rendered":"Colas en el AppleStore para comprar el nuevo iphone"},"content":{"rendered":"<p class=\"ft-text\">Desde primera hora de la ma\u00f1ana, algunos de madrugrada, cientos de personas han aguardado su turno a las puertas del Applestore de Apple en Val\u00e8ncia para conseguir uno de los nuevos tel\u00e9fonos m\u00f3viles de la firma que sal\u00edan hoy a la venta.<\/p>\n<p class=\"ft-text\">La firma present\u00f3 la semana pasada sus nuevos modelos de iPhone. Entre las novedades de este a\u00f1o, adem\u00e1s del modelo de entrada (el iPhone 17), destaca el modelo pro y, especialmente, el Air, mucho m\u00e1s fino y delgado que cualquier otro modelo lanzado al mercado por la firma de la manzana.<\/p>\n<p class=\"ft-text\">Pese al elevado coste de estos tel\u00e9fonos, a partir de los 959 euros para el modelo de entrada y m\u00e1s de 1.500 para el modelo profesional, parece que Apple sigue pudiendo presumir de miles de clientes fieles tambi\u00e9n en la capital valenciana.<\/p>\n","protected":false},"excerpt":{"rendered":"Desde primera hora de la ma\u00f1ana, algunos de madrugrada, cientos de personas han aguardado su turno a las&hellip;\n","protected":false},"author":2,"featured_media":125377,"comment_status":"","ping_status":"","sticky":false,"template":"","format":"standard","meta":{"footnotes":""},"categories":[81],"tags":[2823,119,123,124,25,24,2822,1491,13368,2464,740,117,121,122,23,118,120,11613],"class_list":{"0":"post-125376","1":"post","2":"type-post","3":"status-publish","4":"format-standard","5":"has-post-thumbnail","7":"category-ciencia-y-tecnologia","8":"tag-apple","9":"tag-ciencia","10":"tag-ciencia-y-tecnologia","11":"tag-cienciaytecnologia","12":"tag-es","13":"tag-espana","14":"tag-iphone","15":"tag-locura","16":"tag-moviles","17":"tag-pleno","18":"tag-puerta","19":"tag-science","20":"tag-science-and-technology","21":"tag-scienceandtechnology","22":"tag-spain","23":"tag-technology","24":"tag-tecnologia","25":"tag-tienda"},"share_on_mastodon":{"url":"","error":""},"_links":{"self":[{"href":"https:\/\/www.europesays.com\/es\/wp-json\/wp\/v2\/posts\/125376","targetHints":{"allow":["GET"]}}],"collection":[{"href":"https:\/\/www.europesays.com\/es\/wp-json\/wp\/v2\/posts"}],"about":[{"href":"https:\/\/www.europesays.com\/es\/wp-json\/wp\/v2\/types\/post"}],"author":[{"embeddable":true,"href":"https:\/\/www.europesays.com\/es\/wp-json\/wp\/v2\/users\/2"}],"replies":[{"embeddable":true,"href":"https:\/\/www.europesays.com\/es\/wp-json\/wp\/v2\/comments?post=125376"}],"version-history":[{"count":0,"href":"https:\/\/www.europesays.com\/es\/wp-json\/wp\/v2\/posts\/125376\/revisions"}],"wp:featuredmedia":[{"embeddable":true,"href":"https:\/\/www.europesays.com\/es\/wp-json\/wp\/v2\/media\/125377"}],"wp:attachment":[{"href":"https:\/\/www.europesays.com\/es\/wp-json\/wp\/v2\/media?parent=125376"}],"wp:term":[{"taxonomy":"category","embeddable":true,"href":"https:\/\/www.europesays.com\/es\/wp-json\/wp\/v2\/categories?post=125376"},{"taxonomy":"post_tag","embeddable":true,"href":"https:\/\/www.europesays.com\/es\/wp-json\/wp\/v2\/tags?post=125376"}],"curies":[{"name":"wp","href":"https:\/\/api.w.org\/{rel}","templated":true}]}}