{"id":125383,"date":"2025-09-19T14:37:12","date_gmt":"2025-09-19T14:37:12","guid":{"rendered":"https:\/\/www.europesays.com\/es\/125383\/"},"modified":"2025-09-19T14:37:12","modified_gmt":"2025-09-19T14:37:12","slug":"elche-dia-mundial-del-alzheimer","status":"publish","type":"post","link":"https:\/\/www.europesays.com\/es\/125383\/","title":{"rendered":"Elche D\u00eda Mundial del Alzheimer"},"content":{"rendered":"<p>Bajo el lema \u2018<strong>Igualando Derechos<\/strong>\u2019, <strong>Barrag\u00e1n<\/strong> ha se\u00f1alado que \u201cninguna persona debe ver recortada su dignidad ni sus derechos a causa de esta enfermedad\u201d y por ello, ha reivindicado \u201cel derecho a ser escuchados y comprendidos, a expresar sus necesidades y recibir respuestas espec\u00edficas ya que el Alzheimer tiene particularidades que exigen atenci\u00f3n propia y diferenciada\u201d.<\/p>\n<p>Entre otras peticiones, se ha reclamado \u201cel derecho a decidir a participar en un futuro propio\u201d por lo que \u201ces fundamental el diagn\u00f3stico temprano y una atenci\u00f3n sanitaria social, \u00e1gil, eficaz y adaptada a cada persona y cada fase de la enfermedad\u201d.<\/p>\n<p>Asimismo, durante el manifiesto se ha recordado que \u201cla investigaci\u00f3n es igualmente un derecho y necesitamos que el conocimiento avance y que se abran caminos hacia tratamientos eficaces y que los nuevos f\u00e1rmacos aprobados en Europa lleguen antes a nuestro pa\u00eds, para que nadie quede atr\u00e1s\u201d.<\/p>\n<p><strong>El Alzheimer<\/strong> es un trastorno cerebral irreversible que causa un deterioro gradual de la memoria y es la causa m\u00e1s com\u00fan de demencia en el mundo. Solo en Espa\u00f1a se calcula que <strong>m\u00e1s de 800.000 personas viven con Alzheimer<\/strong> y cada a\u00f1o se diagnostican <strong>44.000 nuevos casos<\/strong>.<\/p>\n","protected":false},"excerpt":{"rendered":"Bajo el lema \u2018Igualando Derechos\u2019, Barrag\u00e1n ha se\u00f1alado que \u201cninguna persona debe ver recortada su dignidad ni sus&hellip;\n","protected":false},"author":2,"featured_media":125384,"comment_status":"","ping_status":"","sticky":false,"template":"","format":"standard","meta":{"footnotes":""},"categories":[5],"tags":[17,18,25,24,13,14,11,19,20,9,10,15,16,23,12,21,22],"class_list":{"0":"post-125383","1":"post","2":"type-post","3":"status-publish","4":"format-standard","5":"has-post-thumbnail","7":"category-titulares","8":"tag-breaking-news","9":"tag-breakingnews","10":"tag-es","11":"tag-espana","12":"tag-featured-news","13":"tag-featurednews","14":"tag-headlines","15":"tag-latest-news","16":"tag-latestnews","17":"tag-news","18":"tag-noticias","19":"tag-noticias-destacadas","20":"tag-noticiasdestacadas","21":"tag-spain","22":"tag-titulares","23":"tag-ultimas-noticias","24":"tag-ultimasnoticias"},"share_on_mastodon":{"url":"","error":""},"_links":{"self":[{"href":"https:\/\/www.europesays.com\/es\/wp-json\/wp\/v2\/posts\/125383","targetHints":{"allow":["GET"]}}],"collection":[{"href":"https:\/\/www.europesays.com\/es\/wp-json\/wp\/v2\/posts"}],"about":[{"href":"https:\/\/www.europesays.com\/es\/wp-json\/wp\/v2\/types\/post"}],"author":[{"embeddable":true,"href":"https:\/\/www.europesays.com\/es\/wp-json\/wp\/v2\/users\/2"}],"replies":[{"embeddable":true,"href":"https:\/\/www.europesays.com\/es\/wp-json\/wp\/v2\/comments?post=125383"}],"version-history":[{"count":0,"href":"https:\/\/www.europesays.com\/es\/wp-json\/wp\/v2\/posts\/125383\/revisions"}],"wp:featuredmedia":[{"embeddable":true,"href":"https:\/\/www.europesays.com\/es\/wp-json\/wp\/v2\/media\/125384"}],"wp:attachment":[{"href":"https:\/\/www.europesays.com\/es\/wp-json\/wp\/v2\/media?parent=125383"}],"wp:term":[{"taxonomy":"category","embeddable":true,"href":"https:\/\/www.europesays.com\/es\/wp-json\/wp\/v2\/categories?post=125383"},{"taxonomy":"post_tag","embeddable":true,"href":"https:\/\/www.europesays.com\/es\/wp-json\/wp\/v2\/tags?post=125383"}],"curies":[{"name":"wp","href":"https:\/\/api.w.org\/{rel}","templated":true}]}}