{"id":125387,"date":"2025-09-19T14:42:03","date_gmt":"2025-09-19T14:42:03","guid":{"rendered":"https:\/\/www.europesays.com\/es\/125387\/"},"modified":"2025-09-19T14:42:03","modified_gmt":"2025-09-19T14:42:03","slug":"federer-abre-la-puerta-a-un-regreso-junto-a-nadal-el-fedal-tour","status":"publish","type":"post","link":"https:\/\/www.europesays.com\/es\/125387\/","title":{"rendered":"Federer abre la puerta a un regreso junto a Nadal: \u201cEl Fedal Tour\u201d"},"content":{"rendered":"<p class=\"\"><b>Roger Federer regresa esta semana a la actualidad del tenis de la mano de la Laver Cup<\/b>, el torneo que apadrina junto a Tony Godsick desde su creaci\u00f3n, y donde el tenista suizo cerr\u00f3 adem\u00e1s su trayectoria como tenista profesional en 2022.<\/p>\n<p class=\"\"><b>Un Federer que, con motivo de esta Laver Cup<\/b>, ha concedido varias entrevistas en las que no han dudado en preguntarle por lo que ser\u00eda un sue\u00f1o hecho realidad para los aficionados al tenis: un regreso a las pistas junto a Rafa Nadal.<\/p>\n<p>Noticias relacionadas<\/p>\n<p class=\"\">En una entrevista en la cadena estadounidense NBC a Federer le preguntaron por esta posibilidad, algo que Federer asumi\u00f3 que le gustar\u00eda y a lo que adem\u00e1s le puso nombre. <b>\u201cS\u00ed, \u00bfpor qu\u00e9 no? Amo a Rafa, Hemos jugado muchas veces as\u00ed que intentar\u00e9 mantenerme en buena forma. S\u00e9 que Rafa tambi\u00e9n estar\u00eda dispuesto a jugar al tenis. <\/b>Suena terrible para nosotros lo de jugar en categor\u00eda senior, pero podemos<b> crear un circuito, el Fedal Tour\u201d.<\/b><\/p>\n<p class=\"\"><b>\u00a1Tus opiniones importan!<\/b> Comenta en los art\u00edculos y suscr\u00edbete gratis a nuestra <a href=\"https:\/\/asfan.as.com\/newsletters\/\" target=\"_blank\" rel=\"nofollow noopener\" title=\"https:\/\/asfan.as.com\/newsletters\/\">newsletter<\/a> y a las alertas informativas en la <a href=\"https:\/\/as.com\/aplicacion-de-as-n\/\" target=\"_blank\" rel=\"nofollow noopener\" title=\"https:\/\/as.com\/aplicacion-de-as-n\/\">App<\/a> o el canal de <a href=\"https:\/\/www.whatsapp.com\/channel\/0029VaAasdA7j6g745nz9M10\" target=\"_blank\" rel=\"nofollow noopener\" title=\"https:\/\/www.whatsapp.com\/channel\/0029VaAasdA7j6g745nz9M10\">WhatsApp<\/a>. \u00bfBuscas licenciar contenido? Haz clic <a href=\"https:\/\/profesional.elpais.com\/soluciones-sindicacion?utm_medium=interno&amp;utm_source=crosslinking&amp;utm_campaign=sindicacion_as_pie_articulos\" target=\"_blank\" rel=\"nofollow noopener\" title=\"https:\/\/profesional.elpais.com\/soluciones-sindicacion?utm_medium=interno&amp;utm_source=crosslinking&amp;utm_campaign=sindicacion_as_pie_articulos\">aqu\u00ed<\/a><\/p>\n","protected":false},"excerpt":{"rendered":"Roger Federer regresa esta semana a la actualidad del tenis de la mano de la Laver Cup, el&hellip;\n","protected":false},"author":2,"featured_media":125388,"comment_status":"","ping_status":"","sticky":false,"template":"","format":"standard","meta":{"footnotes":""},"categories":[274],"tags":[168,25,24,23,167,327,326],"class_list":{"0":"post-125387","1":"post","2":"type-post","3":"status-publish","4":"format-standard","5":"has-post-thumbnail","7":"category-tenis","8":"tag-deportes","9":"tag-es","10":"tag-espana","11":"tag-spain","12":"tag-sports","13":"tag-tenis","14":"tag-tennis"},"share_on_mastodon":{"url":"","error":""},"_links":{"self":[{"href":"https:\/\/www.europesays.com\/es\/wp-json\/wp\/v2\/posts\/125387","targetHints":{"allow":["GET"]}}],"collection":[{"href":"https:\/\/www.europesays.com\/es\/wp-json\/wp\/v2\/posts"}],"about":[{"href":"https:\/\/www.europesays.com\/es\/wp-json\/wp\/v2\/types\/post"}],"author":[{"embeddable":true,"href":"https:\/\/www.europesays.com\/es\/wp-json\/wp\/v2\/users\/2"}],"replies":[{"embeddable":true,"href":"https:\/\/www.europesays.com\/es\/wp-json\/wp\/v2\/comments?post=125387"}],"version-history":[{"count":0,"href":"https:\/\/www.europesays.com\/es\/wp-json\/wp\/v2\/posts\/125387\/revisions"}],"wp:featuredmedia":[{"embeddable":true,"href":"https:\/\/www.europesays.com\/es\/wp-json\/wp\/v2\/media\/125388"}],"wp:attachment":[{"href":"https:\/\/www.europesays.com\/es\/wp-json\/wp\/v2\/media?parent=125387"}],"wp:term":[{"taxonomy":"category","embeddable":true,"href":"https:\/\/www.europesays.com\/es\/wp-json\/wp\/v2\/categories?post=125387"},{"taxonomy":"post_tag","embeddable":true,"href":"https:\/\/www.europesays.com\/es\/wp-json\/wp\/v2\/tags?post=125387"}],"curies":[{"name":"wp","href":"https:\/\/api.w.org\/{rel}","templated":true}]}}