{"id":125389,"date":"2025-09-19T14:43:08","date_gmt":"2025-09-19T14:43:08","guid":{"rendered":"https:\/\/www.europesays.com\/es\/125389\/"},"modified":"2025-09-19T14:43:08","modified_gmt":"2025-09-19T14:43:08","slug":"irati-aranguren-y-enaut-urkaregi-disputaran-el-mundial-junior-en-ruanda","status":"publish","type":"post","link":"https:\/\/www.europesays.com\/es\/125389\/","title":{"rendered":"Irati Aranguren y E\u00f1aut Urkaregi disputar\u00e1n el Mundial j\u00fanior en Ruanda"},"content":{"rendered":"<p> La usurbildarra Irati Aranguren y el larrauldarra E\u00f1aut Urkaregi, juveniles ambos, forman la doble representaci\u00f3n del ciclismo guipuzcoano en los Campeonatos del Mundo de  &#8230; ruta que comienzan este domingo en Kigali (Ruanda) con las dos contrarreloj de categor\u00eda \u00e9lite.<\/p>\n<p class=\"v-p\">Aranguren, corredora del Andoaingo que las \u00faltimas semanas ha competido como stagiaire con Laboral Kutxa, participar\u00e1 en la prueba en l\u00ednea del s\u00e1bado 27. Es hija de ciclistas. Su madre, Kontxi Carbayeda, defendi\u00f3 en su d\u00eda los colores del Orbea. I\u00f1aki, su padre, destac\u00f3 en el campo aficionado.<\/p>\n<p class=\"v-p\">Urkaregi tomar\u00e1 la salida tanto en la contrarreloj del martes como en la prueba de fondo del viernes. El j\u00fanior del Tolosa-Danena, que a partir de la pr\u00f3xima temporada formar\u00e1 parte de la estructura de Lidl-Trek, es el actual subcampe\u00f3n de Espa\u00f1a de ruta y viaja a \u00c1frica con el aval de las dos medallas obtenidas en el Mundial de pista, en el vel\u00f3dromo de Apeldoorn. Plata en la persecuci\u00f3n individual, gan\u00f3 el oro en madison junto a Eric Igual.<\/p>\n","protected":false},"excerpt":{"rendered":"La usurbildarra Irati Aranguren y el larrauldarra E\u00f1aut Urkaregi, juveniles ambos, forman la doble representaci\u00f3n del ciclismo guipuzcoano&hellip;\n","protected":false},"author":2,"featured_media":125390,"comment_status":"","ping_status":"","sticky":false,"template":"","format":"standard","meta":{"footnotes":""},"categories":[273],"tags":[10820,313,312,168,40342,28028,25,24,10819,3368,1070,25063,23,167,28029],"class_list":{"0":"post-125389","1":"post","2":"type-post","3":"status-publish","4":"format-standard","5":"has-post-thumbnail","7":"category-ciclismo","8":"tag-aranguren","9":"tag-ciclismo","10":"tag-cycling","11":"tag-deportes","12":"tag-disputaran","13":"tag-enaut","14":"tag-es","15":"tag-espana","16":"tag-irati","17":"tag-junior","18":"tag-mundial","19":"tag-ruanda","20":"tag-spain","21":"tag-sports","22":"tag-urkaregi"},"share_on_mastodon":{"url":"","error":""},"_links":{"self":[{"href":"https:\/\/www.europesays.com\/es\/wp-json\/wp\/v2\/posts\/125389","targetHints":{"allow":["GET"]}}],"collection":[{"href":"https:\/\/www.europesays.com\/es\/wp-json\/wp\/v2\/posts"}],"about":[{"href":"https:\/\/www.europesays.com\/es\/wp-json\/wp\/v2\/types\/post"}],"author":[{"embeddable":true,"href":"https:\/\/www.europesays.com\/es\/wp-json\/wp\/v2\/users\/2"}],"replies":[{"embeddable":true,"href":"https:\/\/www.europesays.com\/es\/wp-json\/wp\/v2\/comments?post=125389"}],"version-history":[{"count":0,"href":"https:\/\/www.europesays.com\/es\/wp-json\/wp\/v2\/posts\/125389\/revisions"}],"wp:featuredmedia":[{"embeddable":true,"href":"https:\/\/www.europesays.com\/es\/wp-json\/wp\/v2\/media\/125390"}],"wp:attachment":[{"href":"https:\/\/www.europesays.com\/es\/wp-json\/wp\/v2\/media?parent=125389"}],"wp:term":[{"taxonomy":"category","embeddable":true,"href":"https:\/\/www.europesays.com\/es\/wp-json\/wp\/v2\/categories?post=125389"},{"taxonomy":"post_tag","embeddable":true,"href":"https:\/\/www.europesays.com\/es\/wp-json\/wp\/v2\/tags?post=125389"}],"curies":[{"name":"wp","href":"https:\/\/api.w.org\/{rel}","templated":true}]}}