{"id":125391,"date":"2025-09-19T14:44:11","date_gmt":"2025-09-19T14:44:11","guid":{"rendered":"https:\/\/www.europesays.com\/es\/125391\/"},"modified":"2025-09-19T14:44:11","modified_gmt":"2025-09-19T14:44:11","slug":"todo-luce-mejor-para-el-proximo-ano","status":"publish","type":"post","link":"https:\/\/www.europesays.com\/es\/125391\/","title":{"rendered":"Todo luce mejor para el pr\u00f3ximo a\u00f1o"},"content":{"rendered":"<p>Aunque actualmente <a href=\"https:\/\/lat.motorsport.com\/team\/alpine\/37484\/\" target=\"_blank\" rel=\"noopener nofollow\">Alpine<\/a> solo tiene confirmado al franc\u00e9s <a href=\"https:\/\/lat.motorsport.com\/driver\/pierre-gasly\/469687\/\" target=\"_blank\" rel=\"noopener nofollow\">Pierre Gasly<\/a> como piloto para el 2026, la casa francesa est\u00e1 trabajando con <a href=\"https:\/\/lat.motorsport.com\/driver\/franco-colapinto\/875930\/\" target=\"_blank\" rel=\"noopener nofollow\">Franco Colapinto<\/a> en el desarrollo del coche 2026 y el argentino ha tenido la experiencia de las nuevas normativas en el simulador.<\/p>\n<p>Antes del viernes del Gran Premio de Azerbaiy\u00e1n, Colapinto fue cuestionado sobre los planes del pr\u00f3ximo a\u00f1o y destac\u00f3 que la decisi\u00f3n no est\u00e1 en sus manos, pero est\u00e1 trabajando de cara a mantenerse en la parrilla en la pr\u00f3xima temporada a la espera de la directiva encabezada por Flavio Briatore donde luce como el favorito para mantenerse en la posici\u00f3n.\u00a0<\/p>\n<p>\u201cNo me corresponde decidir. Simplemente estoy contento donde estoy ahora, m\u00e1s contento que antes, por supuesto. Estoy trabajando bien con el equipo, eso es lo que quer\u00eda. Estoy logrando todos los aspectos o objetivos personales que ten\u00eda desde el principio y ahora me estoy acercando a eso y lo estoy logrando\u201d, dijo el argentino integrante de Alpine.<\/p>\n<p>   <img decoding=\"async\" draggable=\"false\" src=\"https:\/\/www.europesays.com\/es\/wp-content\/uploads\/2025\/09\/1758293051_859_franco-colapinto-alpine.jpg\" alt=\"Franco Colapinto, Alpine\" width=\"1200\" height=\"800\" loading=\"lazy\"\/> <\/p>\n<p class=\"title\">Franco Colapinto, Alpine<\/p>\n<p class=\"photographer\">Photo by: Clive Rose \/ Getty Images<\/p>\n<p>Colapinto fue cuestionado de inmediato s\u00ed ya hab\u00eda tenido posibilidad de probar el coche del 2026 en el simulador a lo que respondi\u00f3: \u201cS\u00ed\u201d, aunque no quiso emitir un veredicto sobre la conducci\u00f3n, esto ante las quejas de algunos pilotos que ya han hecho lo mismo.<\/p>\n<p>\u201cVeamos que pasar\u00e1 en la pista; en el simulador es muy dif\u00edcil decirlo\u201d, expres\u00f3.<\/p>\n<p>Colapinto considera que si bien por ahora la situaci\u00f3n de Alpine no es la mejor todo deber\u00eda ser diferente en el pr\u00f3ximo a\u00f1o, por lo cual apunta es una buena opci\u00f3n para estar en la parrilla con la nueva reglamentaci\u00f3n de coche y motor que se introducir\u00e1 en la siguiente campa\u00f1a.<\/p>\n<p>\u201cS\u00ed, creo que es todo desde cero y tenemos que esperar a ver c\u00f3mo est\u00e1n los dem\u00e1s equipos tambi\u00e9n. Pero el equipo est\u00e1 haciendo un buen trabajo y est\u00e1n tomando las medidas adecuadas, las mejoras adecuadas en comparaci\u00f3n con los problemas que hemos tenido esta temporada. S\u00ed, pienso que todo tiene una imagen m\u00e1s positiva\u201d.<\/p>\n<p>M\u00e1s de la F1:<\/p>\n","protected":false},"excerpt":{"rendered":"Aunque actualmente Alpine solo tiene confirmado al franc\u00e9s Pierre Gasly como piloto para el 2026, la casa francesa&hellip;\n","protected":false},"author":2,"featured_media":125392,"comment_status":"","ping_status":"","sticky":false,"template":"","format":"standard","meta":{"footnotes":""},"categories":[270],"tags":[1331,40869,168,25,24,306,271,272,1723,1230,23,167],"class_list":{"0":"post-125391","1":"post","2":"type-post","3":"status-publish","4":"format-standard","5":"has-post-thumbnail","7":"category-formula-1","8":"tag-alpine","9":"tag-colapinto-ya-probu00f3-en-simulador-el-alpine-2026-todo-luce-mejor-para-el-pru00f3ximo-au00f1o","10":"tag-deportes","11":"tag-es","12":"tag-espana","13":"tag-f1","14":"tag-formula-1","15":"tag-formula1","16":"tag-franco-colapinto","17":"tag-fu00f3rmula-1","18":"tag-spain","19":"tag-sports"},"share_on_mastodon":{"url":"","error":""},"_links":{"self":[{"href":"https:\/\/www.europesays.com\/es\/wp-json\/wp\/v2\/posts\/125391","targetHints":{"allow":["GET"]}}],"collection":[{"href":"https:\/\/www.europesays.com\/es\/wp-json\/wp\/v2\/posts"}],"about":[{"href":"https:\/\/www.europesays.com\/es\/wp-json\/wp\/v2\/types\/post"}],"author":[{"embeddable":true,"href":"https:\/\/www.europesays.com\/es\/wp-json\/wp\/v2\/users\/2"}],"replies":[{"embeddable":true,"href":"https:\/\/www.europesays.com\/es\/wp-json\/wp\/v2\/comments?post=125391"}],"version-history":[{"count":0,"href":"https:\/\/www.europesays.com\/es\/wp-json\/wp\/v2\/posts\/125391\/revisions"}],"wp:featuredmedia":[{"embeddable":true,"href":"https:\/\/www.europesays.com\/es\/wp-json\/wp\/v2\/media\/125392"}],"wp:attachment":[{"href":"https:\/\/www.europesays.com\/es\/wp-json\/wp\/v2\/media?parent=125391"}],"wp:term":[{"taxonomy":"category","embeddable":true,"href":"https:\/\/www.europesays.com\/es\/wp-json\/wp\/v2\/categories?post=125391"},{"taxonomy":"post_tag","embeddable":true,"href":"https:\/\/www.europesays.com\/es\/wp-json\/wp\/v2\/tags?post=125391"}],"curies":[{"name":"wp","href":"https:\/\/api.w.org\/{rel}","templated":true}]}}