{"id":125393,"date":"2025-09-19T14:45:10","date_gmt":"2025-09-19T14:45:10","guid":{"rendered":"https:\/\/www.europesays.com\/es\/125393\/"},"modified":"2025-09-19T14:45:10","modified_gmt":"2025-09-19T14:45:10","slug":"un-pupilo-de-jasikevicius-coloca-al-barca-por-encima-del-real-madrid-en-la-euroliga","status":"publish","type":"post","link":"https:\/\/www.europesays.com\/es\/125393\/","title":{"rendered":"Un pupilo de Jasikevicius coloca al Bar\u00e7a por encima del Real Madrid en la Euroliga"},"content":{"rendered":"<p data-gtm-element-container=\"modulo-texto-link\" class=\"paragraph\"><strong>Wade Baldwin IV<\/strong>\u00a0ha sido otro de los jugadores de la Euroliga que se ha animado a pronosticar la posici\u00f3n de los 20 equipos participantes. El jugador del Fenerbahce, al igual que hizo Satoransky este pasado jueves, tuvo que ir colocando los escudos en el momento en el que le aparecieron. Vigentes campeones de la competici\u00f3n, Baldwin IV decidi\u00f3 posicionar al <strong>Fenerbahce <\/strong>en lo alto de la <strong>Euroliga<\/strong>.\u00a0<\/p>\n<p>        Lee tambi\u00e9n<\/p>\n<p>    Redacci\u00f3n<\/p>\n<p>             <img loading=\"lazy\" decoding=\"async\" data-full-src=\"https:\/\/www.mundodeportivo.com\/uploads\/2025\/09\/18\/68cc055455f39.jpeg\" alt=\"Satoransky predice c\u00f3mo quedar\u00e1 la Euroliga\" width=\"334\" height=\"164\" src=\"https:\/\/www.europesays.com\/es\/wp-content\/uploads\/2025\/09\/1758293110_806_68cc055455f39.jpeg\" class=\"lazy\"\/><\/p>\n<p data-gtm-element-container=\"modulo-texto-link\" class=\"paragraph\">El <strong>Olympiacos <\/strong>y el <strong>Panathinaikos<\/strong>, en segundo y tercer lugar respectivamente, completan el podio, por delante de un M\u00f3naco situado en cuarta posici\u00f3n. Tras ellos, aparece el <strong>Bar\u00e7a<\/strong>, en quinto puesto, por delante del <strong>Real Madrid<\/strong>, sexto. El escudo del conjunto azulgrana le apareci\u00f3 a Baldwin IV en \u00faltimo lugar y lo coloc\u00f3 en la quinta posici\u00f3n, \u00fanica plaza que faltaba por ocupar.\u00a0<\/p>\n<blockquote class=\"twitter-tweet\" data-lang=\"es\"><p>\n<a href=\"https:\/\/twitter.com\/EuroLeague\/status\/1968310453798646087\" rel=\"nofollow noopener\" target=\"_blank\">\n<\/p><\/blockquote>\n<p data-gtm-element-container=\"modulo-texto-link\" class=\"paragraph\">Asimismo, Baldwin IV incluy\u00f3 al <strong>Valencia Basket<\/strong> en el duod\u00e9cimo lugar, por encima del <strong>Baskonia<\/strong>, que ocupa la 15\u00aa posici\u00f3n. El conjunto taronja ha sido uno de los equipos incluidos en la \u00faltima ampliaci\u00f3n de la Euroliga.\u00a0<\/p>\n<p>        Lee tambi\u00e9n<\/p>\n<p>    Jos\u00e9 Ignacio Huguet<\/p>\n<p>             <img loading=\"lazy\" decoding=\"async\" data-full-src=\"https:\/\/www.mundodeportivo.com\/uploads\/2025\/09\/17\/68cb2e19ab1a4.jpeg\" alt=\"El Bar\u00e7a, a\u00fan en fase de ajustes, impuso su superioridad para doblegar al MoraBanc en el estreno de la Lliga Catalana.\" width=\"334\" height=\"164\" src=\"https:\/\/www.europesays.com\/es\/wp-content\/uploads\/2025\/09\/1758293110_696_68cb2e19ab1a4.jpeg\" class=\"lazy\"\/><\/p>\n<p data-gtm-element-container=\"modulo-texto-link\" class=\"paragraph\">Wade <strong>Baldwin IV <\/strong>posicion\u00f3 al <strong>Hapoel Tel Aviv<\/strong> en \u00faltimo lugar, algo con lo que no han coincidido los aficionados del club israel\u00ed, reaccionando al v\u00eddeo de la cuenta oficial de la Euroliga. \u00abEspero que acaben 20\u00ba\u00bb, detall\u00f3 el jugador en el v\u00eddeo.<\/p>\n<p><script async src=\"https:\/\/platform.twitter.com\/widgets.js\" charset=\"utf-8\"><\/script><\/p>\n","protected":false},"excerpt":{"rendered":"Wade Baldwin IV\u00a0ha sido otro de los jugadores de la Euroliga que se ha animado a pronosticar la&hellip;\n","protected":false},"author":2,"featured_media":125394,"comment_status":"","ping_status":"","sticky":false,"template":"","format":"standard","meta":{"footnotes":""},"categories":[269],"tags":[299,298,168,25,24,23,167],"class_list":{"0":"post-125393","1":"post","2":"type-post","3":"status-publish","4":"format-standard","5":"has-post-thumbnail","7":"category-baloncesto","8":"tag-baloncesto","9":"tag-basketball","10":"tag-deportes","11":"tag-es","12":"tag-espana","13":"tag-spain","14":"tag-sports"},"share_on_mastodon":{"url":"","error":""},"_links":{"self":[{"href":"https:\/\/www.europesays.com\/es\/wp-json\/wp\/v2\/posts\/125393","targetHints":{"allow":["GET"]}}],"collection":[{"href":"https:\/\/www.europesays.com\/es\/wp-json\/wp\/v2\/posts"}],"about":[{"href":"https:\/\/www.europesays.com\/es\/wp-json\/wp\/v2\/types\/post"}],"author":[{"embeddable":true,"href":"https:\/\/www.europesays.com\/es\/wp-json\/wp\/v2\/users\/2"}],"replies":[{"embeddable":true,"href":"https:\/\/www.europesays.com\/es\/wp-json\/wp\/v2\/comments?post=125393"}],"version-history":[{"count":0,"href":"https:\/\/www.europesays.com\/es\/wp-json\/wp\/v2\/posts\/125393\/revisions"}],"wp:featuredmedia":[{"embeddable":true,"href":"https:\/\/www.europesays.com\/es\/wp-json\/wp\/v2\/media\/125394"}],"wp:attachment":[{"href":"https:\/\/www.europesays.com\/es\/wp-json\/wp\/v2\/media?parent=125393"}],"wp:term":[{"taxonomy":"category","embeddable":true,"href":"https:\/\/www.europesays.com\/es\/wp-json\/wp\/v2\/categories?post=125393"},{"taxonomy":"post_tag","embeddable":true,"href":"https:\/\/www.europesays.com\/es\/wp-json\/wp\/v2\/tags?post=125393"}],"curies":[{"name":"wp","href":"https:\/\/api.w.org\/{rel}","templated":true}]}}