{"id":125395,"date":"2025-09-19T14:46:10","date_gmt":"2025-09-19T14:46:10","guid":{"rendered":"https:\/\/www.europesays.com\/es\/125395\/"},"modified":"2025-09-19T14:46:10","modified_gmt":"2025-09-19T14:46:10","slug":"luis-garcia-es-un-campo-que-historicamente-no-se-nos-ha-dado-bien-pero-solo-miramos-el-presente","status":"publish","type":"post","link":"https:\/\/www.europesays.com\/es\/125395\/","title":{"rendered":"Luis Garc\u00eda: \u00abEs un campo que hist\u00f3ricamente no se nos ha dado bien, pero solo miramos el presente\u00bb"},"content":{"rendered":"<p><a class=\"v-mdl-ath__fig-a\" href=\"https:\/\/www.canarias7.es\/autor\/kevin-fontecha-perez-3392.html\" title=\"Kevin Fontecha P\u00e9rez\" rel=\"nofollow noopener\" target=\"_blank\"><br \/>\n<img decoding=\"async\" class=\"v-mdl-ath__img\" src=\"https:\/\/www.europesays.com\/es\/wp-content\/uploads\/2025\/07\/autor-3392-foto-2.jpeg\" alt=\"Kevin Fontecha P\u00e9rez\"\/><br \/>\n<\/a><\/p>\n<p class=\"v-mdl-ath__p v-mdl-ath__p--6\">\nViernes, 19 de septiembre 2025, 10:15<\/p>\n<p class=\"v-p\">Choque de titanes el que albergar\u00e1 Butarque <strong>este s\u00e1bado (17.30 horas) <\/strong>con el compromiso entre el Legan\u00e9s y la UD Las Palmas. Dos reci\u00e9n descendidos que quieren el ascenso. Ser\u00e1 complicado porque \u00abhist\u00f3ricamente\u00bb se le ha dado mal el campo a los amarillos, pero Luis Garc\u00eda tiene la llave al triunfo y solo piensa en \u00abel presente\u00bb.<\/p>\n<p class=\"v-p\">\u00abEstamos bien, enchufados y con intensidad. Con ambici\u00f3n, que es algo importante\u00bb, inici\u00f3 Luis Garc\u00eda en la previa al partido, se\u00f1alando, adem\u00e1s, que sus jugadores siguen caminando tanto \u00abofensiva como defensivamente\u00bb.<\/p>\n<p class=\"v-p\">\u00abEllos tienen muy buenos futbolistas y entrenador. Debemos reconocer los minipartidos que habr\u00e1 dentro del partido. Es un equipo que no se ha puesto nunca por debajo en el marcador. <strong>Tenemos un reto muy bonito por delante<\/strong>\u00bb, indic\u00f3 el preparador amarillo en Barranco Seco.<\/p>\n<p class=\"v-p\">Sobre el entrenador rival dijo que le parece un \u00abgran t\u00e9cnico\u00bb y que le tiene mucho \u00abrespeto\u00bb. A la vez, dej\u00f3 claro que solo hay que \u00abmirar el presente\u00bb y olvidarse del \u00abpasado\u00bb aunque sea un campo que \u00abhist\u00f3ricamente nunca se le haya dado bien a Las Palmas\u00bb.<\/p>\n<p class=\"v-p\">En tanto en cuanto a<a href=\"https:\/\/www.canarias7.es\/deportes\/ud-las-palmas\/kirian-agradece-aficion-mayoria-gente-siempre-venia-20250918141000-nt.html\" data-voc-vtm-id=\"in-text-traffic\" title=\" Kirian Rodr\u00edguez\" rel=\"nofollow noopener\" target=\"_blank\"> Kirian Rodr\u00edguez<\/a>, indic\u00f3 que es una noticia \u00abespecial\u00bb y que hubiera cambiado la \u00abvictoria del otro d\u00eda\u00bb por la de Kirian, <strong>superando por segunda vez el c\u00e1ncer<\/strong>. \u00abEl equipo lleva de manera natural todo. Somos un vestuario joven pero tenemos equilibrio con gente con m\u00e1s experiencia\u00bb, a\u00f1adi\u00f3 el preparador del combinado insular.<\/p>\n<p class=\"v-p\"><strong>Viti no estar\u00e1 esta semana <\/strong>y habr\u00e1 que ver si llega a la siguiente jornada. No tiene fecha tampoco de vuelta <strong>Sandro Ram\u00edrez<\/strong>. \u00abEst\u00e1 trabajando al m\u00e1ximo ma\u00f1ana y tarde para volver lo antes posible\u00bb, destac\u00f3.<\/p>\n<p class=\"v-p\">Cuestionado por las buenas palabras que tuvo Iv\u00e1n Gil esta semana, brome\u00f3 diciendo que \u00abtal vez sea porque estoy yo aqu\u00ed ahora\u00bb, a\u00f1adiendo que \u00abhabr\u00e1 que ver lo que diga cuando me vaya\u00bb. \u00abLa clave es que los jugadores tengan autocr\u00edtica. Es dif\u00edcil tener alguien al lado que te diga que est\u00e1s haciendo cosas mal. Iv\u00e1n ha dado un paso al frente. Yo le ped\u00ed n\u00fameros y lo est\u00e1 demostrando\u00bb, afirm\u00f3.<\/p>\n<p class=\"v-p\">En cuanto a nombres propios, elogi\u00f3 el \u00abtrabajo\u00bb de <strong>Enrique Clemente <\/strong>y consider\u00f3 que le viene bien elogi\u00f3 \u00absistema\u00bb porque es un jugador que \u00abencuentra pases donde otros no\u00bb y halag\u00f3 tambi\u00e9n su \u00abpersona\u00bb. Sobre Jes\u00e9 coment\u00f3 que est\u00e1 \u00abbien\u00bb y que lo ve, junto a Viera, de \u00abmaravilla\u00bb dentro del vestuario. \u00abSu compromiso es m\u00e1ximo y solo puedo agradecerles\u00bb, concluy\u00f3.<\/p>\n<p><a href=\"http:\/\/www.canarias7.es\/deportes\/ud-las-palmas\/kirian-agradece-aficion-mayoria-gente-siempre-venia-20250918141000-nt.html#vtm_modulosEngag=mod-rel:deportes:noticia:1:cmp:1-not\" class=\"v-a-link\" title=\"\u00abLos ojos de mi novia eran el 70% de la cura y yo creo que ha tenido un 80 o 90% de culpa de que yo me haya curado\u00bb\" rel=\"nofollow noopener\" target=\"_blank\"><br \/>\n<img decoding=\"async\" loading=\"lazy\" src=\"https:\/\/www.europesays.com\/es\/wp-content\/uploads\/2025\/09\/kirian-k3wE--1200x840@Canarias7.jpg\" class=\"v-a-img\" width=\"258\" height=\"180\" alt=\"\u00abLos ojos de mi novia eran el 70% de la cura y yo creo que ha tenido un 80 o 90% de culpa de que yo me haya curado\u00bb\"\/><\/p>\n<p><\/a><\/p>\n<p>Comenta<\/p>\n<p>Reporta un error<\/p>\n","protected":false},"excerpt":{"rendered":"Viernes, 19 de septiembre 2025, 10:15 Choque de titanes el que albergar\u00e1 Butarque este s\u00e1bado (17.30 horas) con&hellip;\n","protected":false},"author":2,"featured_media":125396,"comment_status":"","ping_status":"","sticky":false,"template":"","format":"standard","meta":{"footnotes":""},"categories":[268],"tags":[14649,5716,21339,168,25,24,280,282,3142,40870,7820,40871,9249,281,1138,23,167],"class_list":{"0":"post-125395","1":"post","2":"type-post","3":"status-publish","4":"format-standard","5":"has-post-thumbnail","7":"category-futbol","8":"tag-bien","9":"tag-campo","10":"tag-dado","11":"tag-deportes","12":"tag-es","13":"tag-espana","14":"tag-football","15":"tag-futbol","16":"tag-garcia","17":"tag-historicamente","18":"tag-luis","19":"tag-miramos","20":"tag-presente","21":"tag-soccer","22":"tag-solo","23":"tag-spain","24":"tag-sports"},"share_on_mastodon":{"url":"","error":""},"_links":{"self":[{"href":"https:\/\/www.europesays.com\/es\/wp-json\/wp\/v2\/posts\/125395","targetHints":{"allow":["GET"]}}],"collection":[{"href":"https:\/\/www.europesays.com\/es\/wp-json\/wp\/v2\/posts"}],"about":[{"href":"https:\/\/www.europesays.com\/es\/wp-json\/wp\/v2\/types\/post"}],"author":[{"embeddable":true,"href":"https:\/\/www.europesays.com\/es\/wp-json\/wp\/v2\/users\/2"}],"replies":[{"embeddable":true,"href":"https:\/\/www.europesays.com\/es\/wp-json\/wp\/v2\/comments?post=125395"}],"version-history":[{"count":0,"href":"https:\/\/www.europesays.com\/es\/wp-json\/wp\/v2\/posts\/125395\/revisions"}],"wp:featuredmedia":[{"embeddable":true,"href":"https:\/\/www.europesays.com\/es\/wp-json\/wp\/v2\/media\/125396"}],"wp:attachment":[{"href":"https:\/\/www.europesays.com\/es\/wp-json\/wp\/v2\/media?parent=125395"}],"wp:term":[{"taxonomy":"category","embeddable":true,"href":"https:\/\/www.europesays.com\/es\/wp-json\/wp\/v2\/categories?post=125395"},{"taxonomy":"post_tag","embeddable":true,"href":"https:\/\/www.europesays.com\/es\/wp-json\/wp\/v2\/tags?post=125395"}],"curies":[{"name":"wp","href":"https:\/\/api.w.org\/{rel}","templated":true}]}}