{"id":125399,"date":"2025-09-19T14:48:13","date_gmt":"2025-09-19T14:48:13","guid":{"rendered":"https:\/\/www.europesays.com\/es\/125399\/"},"modified":"2025-09-19T14:48:13","modified_gmt":"2025-09-19T14:48:13","slug":"la-fundacio-miro-inaugura-una-triada-con-grip-face-stella-rahola-matutes-y-mabi-revuelta","status":"publish","type":"post","link":"https:\/\/www.europesays.com\/es\/125399\/","title":{"rendered":"La Fundaci\u00f3 Mir\u00f3 inaugura una tr\u00edada con Grip Face, Stella Rahola Matutes y Mabi Revuelta"},"content":{"rendered":"<p>La <strong><a href=\"https:\/\/www.ultimahora.es\/etiqueta\/Fundaci%C3%B3+Mir%C3%B3+Mallorca.html?utm_source=Inline-tag&amp;utm_medium=internal\" rel=\"nofollow noopener\" target=\"_blank\">Fundaci\u00f3 Mir\u00f3 Mallorca<\/a><\/strong> no frena. De cara a esta inminente <a href=\"https:\/\/www.ultimahora.es\/etiqueta\/Nit+de+l%27Art.html?utm_source=Inline-tag&amp;utm_medium=internal\" rel=\"nofollow noopener\" target=\"_blank\">Nit de l&#8217;Art<\/a>, que se celebra este s\u00e1bado, el espacio de la calle Saridakis no solo acoge su aportaci\u00f3n a la gran muestra <strong>Paysage Mir\u00f3<\/strong>, que aglutina cuatro sedes con la Fundaci\u00f3 como una de ellas con La guspira m\u00e0gica; sino que tambi\u00e9n abre sus puertas al <a href=\"https:\/\/www.ultimahora.es\/etiqueta\/arte.html?utm_source=Inline-tag&amp;utm_medium=internal\" rel=\"nofollow noopener\" target=\"_blank\">arte<\/a> de <strong><a href=\"https:\/\/www.ultimahora.es\/etiqueta\/Grip+Face.html?utm_source=Inline-tag&amp;utm_medium=internal\" rel=\"nofollow noopener\" target=\"_blank\">Grip Face<\/a><\/strong>, <strong><a href=\"https:\/\/www.ultimahora.es\/etiqueta\/Stella+Rahola+Matutes.html?utm_source=Inline-tag&amp;utm_medium=internal\" rel=\"nofollow noopener\" target=\"_blank\">Stella Rahola Matutes<\/a><\/strong> y<strong> Mabi Revuelta<\/strong> con tres proyectos espec\u00edficos que se nutren de y al espacio mismo de la <a href=\"https:\/\/www.ultimahora.es\/etiqueta\/Fundaci%C3%B3+Mir%C3%B3.html?utm_source=Inline-tag&amp;utm_medium=internal\" rel=\"nofollow noopener\" target=\"_blank\">Fundaci\u00f3 Mir\u00f3<\/a>.<\/p>\n<p>La directora de la Fundaci\u00f3, <strong>Ant\u00f2nia Maria Perell\u00f3<\/strong>, alab\u00f3 las diferentes muestras con los artistas all\u00ed presentes, quienes pudieron detallar elementos de sus propuestas. A su vez, estuvieron acompa\u00f1ados por el regidor de Cultura de Cort, <strong>Javier Bonet<\/strong>, y el coordinador general de Cultura de Cort, <strong>Fernando G\u00f3mez de la Cuesta<\/strong>. A su vez, los galeristas Fran Reus y Miquel Campins, de <strong>BIBI + REUS<\/strong>, que suelen trabajar con Grip Face, tambi\u00e9n hicieron acto de presencia.<\/p>\n<p><img loading=\"lazy\" decoding=\"async\" src=\"https:\/\/www.europesays.com\/es\/wp-content\/uploads\/2025\/09\/3478137.jpg\" border=\"0\" alt=\"\" width=\"1066\" height=\"1600\"\/>&#13;<br \/>\nImagen del v\u00eddeo que forma &#8216;La m\u00e1scara habitada&#8217;.&#13;<\/p>\n<p>As\u00ed pues, las propuestas son variadas, diferentes entre s\u00ed y arriesgadas en todos los casos. La de Revuelta, que lleva por t\u00edtulo <strong>La m\u00e1scara habitada<\/strong>, se trata de un v\u00eddeo en el que dos personajes, Joan y Ninna, se encuentran en <strong>Son Boter<\/strong>, actualmente sujeto de una necesaria y esperada reforma. El personaje de Ninna aparece danzando por las estancias, uniendo baile, coreograf\u00eda, cine, patrimonio y mucho m\u00e1s. A su vez, la conexi\u00f3n con Mir\u00f3 aparece no solo por ser Son Boter, sino tambi\u00e9n a trav\u00e9s de la m\u00e1scara de <strong>Warka<\/strong>, con 5.000 a\u00f1os de antig\u00fcedad que vuelve a la vida en este proyecto.<\/p>\n<p>Otro de los proyectos es <strong>La biblioteca<\/strong>, de Rahola Matutes, una propuesta f\u00edsica que invita a reflexionar sobre la fragilidad no solo del material mismo de su construcci\u00f3n, el <strong>vidrio de borosolicato<\/strong>, que conforma una suerte de alfombra en el suelo de la Mir\u00f3, pero no pensada para ser pisada, sino para ocupar ese mismo lugar, para formar parte de \u00e9l.<\/p>\n<p><img loading=\"lazy\" decoding=\"async\" src=\"https:\/\/www.europesays.com\/es\/wp-content\/uploads\/2025\/09\/3478131.jpg\" border=\"0\" alt=\"Eq18092025002-2.jpg\" width=\"2048\" height=\"1366\"\/>&#13;<br \/>\nImagen de la propuesta de Rahola Matutes bajo el t\u00edtulo de &#8216;La biblioteca&#8217;. FOTO: Emilio Queirolo&#13;<\/p>\n<p>A su vez, la reflexi\u00f3n de Rahola Matutes va allende del simple hecho contrastar un material ligero con su <strong>fragilidad<\/strong> y resistencia comunes, sino que tambi\u00e9n habla del conocimiento, de sus \u00f3rdenes, de la manera en que se jerarquiza y de la manera en que lo que damos por sentado puede resquebrajarse al m\u00ednimo roce.<\/p>\n<p>Y, por \u00faltimo, la <strong>Utop\u00eda del lodo y sashimi de bruma<\/strong>, de Grip Face (alter ego de David Oliver). Una gran obra compuesta por doce columpios colocados en c\u00edrculo y habitados por personajes del imaginario de Grip Face. Todos ellos, dispuestos hacia el interior del c\u00edrculo conc\u00e9ntrico que conforman, como si fueran miembros de una importante reuni\u00f3n, contrastan no solo por los colores desaturados y agradables, por pastel, con el<strong> verde t\u00f3xico<\/strong> de estos columpios que, adem\u00e1s, est\u00e1n llenos de espinas.<\/p>\n<p><img loading=\"lazy\" decoding=\"async\" src=\"https:\/\/www.europesays.com\/es\/wp-content\/uploads\/2025\/09\/3478133.jpg\" border=\"0\" alt=\"Eq18092025002-5.jpg\" width=\"2048\" height=\"1366\"\/>&#13;<br \/>\nLa obra de Grip Face se compone de 12 columpios colocados en c\u00edrculo. FOTO: EMILIO QUEIROLO&#13;<\/p>\n<p>El aparente<strong> campo de juego<\/strong> es, en realidad, un eco de un campo de batalla, ya que Grip Face destaca que aunque no trata expl\u00edcitamente los temas pol\u00edticos del mundo en su obra, estos se cuelan por la situaci\u00f3n del planeta, y ante el hecho de que se puedan ver a diario bombardeos en lugares aparentemente seguros e infantiles como un parque de juegos. De ah\u00ed los 12 miembros de los columpios que representan las <strong>12 estrellas de la bandera de la Uni\u00f3n Europea<\/strong> y su posicionamiento ante lo que est\u00e1 pasando en el mundo, casi como si fuera un juego de ni\u00f1os o como si jugaran a algo. La obra de Grip Face es tan est\u00e9tica y agradable a la vista, como <strong>punzante para el alma<\/strong> cuando uno mira m\u00e1s all\u00e1 de sus tonos pastel.<\/p>\n","protected":false},"excerpt":{"rendered":"La Fundaci\u00f3 Mir\u00f3 Mallorca no frena. De cara a esta inminente Nit de l&#8217;Art, que se celebra este&hellip;\n","protected":false},"author":2,"featured_media":125400,"comment_status":"","ping_status":"","sticky":false,"template":"","format":"standard","meta":{"footnotes":""},"categories":[173],"tags":[229,1829,233,1830,1831,1832,231,230,209,232,234,146,147,25,24,2003,2086,38661,40872,40873,40874,40862,40863,23,40875],"class_list":{"0":"post-125399","1":"post","2":"type-post","3":"status-publish","4":"format-standard","5":"has-post-thumbnail","7":"category-arte-y-diseno","8":"tag-arte","9":"tag-arte-en-mallorca","10":"tag-arte-y-diseno","11":"tag-artista","12":"tag-artistas-de-mallorca","13":"tag-artistas-mallorquines","14":"tag-arts","15":"tag-arts-and-design","16":"tag-cultura","17":"tag-design","18":"tag-diseno","19":"tag-entertainment","20":"tag-entretenimiento","21":"tag-es","22":"tag-espana","23":"tag-exposicion","24":"tag-exposiciones-en-mallorca","25":"tag-exposiciones-en-palma","26":"tag-fundacio-miro","27":"tag-fundacio-miro-mallorca","28":"tag-grip-face","29":"tag-nit-de-lart","30":"tag-nit-de-lart-en-palma","31":"tag-spain","32":"tag-stella-rahola-matutes"},"share_on_mastodon":{"url":"","error":""},"_links":{"self":[{"href":"https:\/\/www.europesays.com\/es\/wp-json\/wp\/v2\/posts\/125399","targetHints":{"allow":["GET"]}}],"collection":[{"href":"https:\/\/www.europesays.com\/es\/wp-json\/wp\/v2\/posts"}],"about":[{"href":"https:\/\/www.europesays.com\/es\/wp-json\/wp\/v2\/types\/post"}],"author":[{"embeddable":true,"href":"https:\/\/www.europesays.com\/es\/wp-json\/wp\/v2\/users\/2"}],"replies":[{"embeddable":true,"href":"https:\/\/www.europesays.com\/es\/wp-json\/wp\/v2\/comments?post=125399"}],"version-history":[{"count":0,"href":"https:\/\/www.europesays.com\/es\/wp-json\/wp\/v2\/posts\/125399\/revisions"}],"wp:featuredmedia":[{"embeddable":true,"href":"https:\/\/www.europesays.com\/es\/wp-json\/wp\/v2\/media\/125400"}],"wp:attachment":[{"href":"https:\/\/www.europesays.com\/es\/wp-json\/wp\/v2\/media?parent=125399"}],"wp:term":[{"taxonomy":"category","embeddable":true,"href":"https:\/\/www.europesays.com\/es\/wp-json\/wp\/v2\/categories?post=125399"},{"taxonomy":"post_tag","embeddable":true,"href":"https:\/\/www.europesays.com\/es\/wp-json\/wp\/v2\/tags?post=125399"}],"curies":[{"name":"wp","href":"https:\/\/api.w.org\/{rel}","templated":true}]}}