{"id":125411,"date":"2025-09-19T14:54:07","date_gmt":"2025-09-19T14:54:07","guid":{"rendered":"https:\/\/www.europesays.com\/es\/125411\/"},"modified":"2025-09-19T14:54:07","modified_gmt":"2025-09-19T14:54:07","slug":"el-analisis-de-sangre-como-herramienta-para-la-deteccion-precoz-del-alzheimer","status":"publish","type":"post","link":"https:\/\/www.europesays.com\/es\/125411\/","title":{"rendered":"El an\u00e1lisis de sangre como herramienta para la detecci\u00f3n precoz del Alzheimer"},"content":{"rendered":"<p>   C\u00d3RDOBA 19 Sep. (EUROPA PRESS) &#8211; <\/p>\n<p>   En el abordaje del Alzheimer en la actualidad \u00abhay que poner de relieve la importancia de unir los avances cient\u00edficos con el acompa\u00f1amiento humano\u00bb, y \u00abcontar con el nuevo an\u00e1lisis de sangre para la detecci\u00f3n temprana del Alzheimer\u00bb, disponible en el Hospital Quir\u00f3nsalud C\u00f3rdoba desde el pasado abril, \u00abunido a la atenci\u00f3n integral de los pacientes y de sus cuidadores, marca un nuevo horizonte en una patolog\u00eda que constituye una de las principales causas de dependencia y discapacidad en mayores\u00bb.<\/p>\n<p>   Seg\u00fan ha informado el Hospital Quir\u00f3nsalud C\u00f3rdoba en una nota, el jefe del Servicio de Neurolog\u00eda del hospital cordob\u00e9s y del Centro M\u00e9dico Quir\u00f3nsalud Ja\u00e9n, el doctor Ernesto Orozco, ha explicado, con motivo de la celebraci\u00f3n el pr\u00f3ximo domingo del D\u00eda Mundial del Alzheimer, que este an\u00e1lisis de sangre, \u00abbasado en la medici\u00f3n en sangre de la prote\u00edna tau 217 (p-tau217), alcanza una precisi\u00f3n superior al 95%, permitiendo identificar el Alzheimer en sus fases iniciales sin necesidad de procedimientos invasivos como la punci\u00f3n lumbar\u00bb.<\/p>\n<p>    Esta herramienta diagn\u00f3stica, seg\u00fan ha a\u00f1adido, \u00absupone un hito porque facilita intervenciones m\u00e1s tempranas y personalizadas, con un impacto directo en la calidad de vida de los pacientes\u00bb.<\/p>\n<p>   Adem\u00e1s, el doctor Orozco ha resaltado que \u00abla detecci\u00f3n precoz abre la puerta a un futuro de mayor esperanza para quienes conviven con esta enfermedad\u00bb, porque, \u00abcuanto antes podamos diagnosticar el Alzheimer, antes podremos implementar estrategias terap\u00e9uticas y de estimulaci\u00f3n cognitiva, que retrasen su progresi\u00f3n y permitan al paciente y a su familia planificar y adaptarse mejor a las distintas fases del proceso\u00bb.<\/p>\n<p>   La enfermedad de Alzheimer es la forma m\u00e1s frecuente de demencia y una de las principales causas de dependencia y discapacidad en mayores. Sus s\u00edntomas m\u00e1s comunes incluyen olvidos repetidos, p\u00e9rdida de objetos, alteraciones del lenguaje y del c\u00e1lculo, problemas de razonamiento y cambios en la conducta o el \u00e1nimo. Afecta m\u00e1s a mujeres que a hombres y su prevalencia se duplica cada cinco a\u00f1os a partir de los 65.<\/p>\n<p>   Cada a\u00f1o se diagnostican en Espa\u00f1a m\u00e1s de 40.000 casos de esta enfermedad. Las proyecciones apuntan a que en 2050 m\u00e1s de 133 millones de personas en el mundo padecer\u00e1n esta enfermedad, de las cuales 3,6 millones ser\u00e1n espa\u00f1olas, el triple que en la actualidad.<\/p>\n<p>   La enfermedad de Alzheimer \u00abno solo transforma la vida de quien lo padece, sino tambi\u00e9n la de todo su entorno cercano, ya que altera el d\u00eda a d\u00eda de la familia, exige una dedicaci\u00f3n constante y genera una carga emocional, f\u00edsica y econ\u00f3mica que muchas veces recae en un \u00fanico cuidador principal\u00bb.<\/p>\n<p>    Esta situaci\u00f3n puede \u00abprovocar sentimientos de soledad, desgaste y desorientaci\u00f3n en los familiares, que ven c\u00f3mo la persona a la que cuidan pierde progresivamente su autonom\u00eda y sus recuerdos\u00bb. Por ello, la atenci\u00f3n al paciente debe ir siempre acompa\u00f1ada de apoyo psicol\u00f3gico, social y sanitario para sus cuidadores, pilares en este proceso.<\/p>\n<p>   El Hospital Quir\u00f3nsalud C\u00f3rdoba dispone de equipos multidisciplinares que incluyen Neurolog\u00eda, Medicina Interna, Geriatr\u00eda, Psicolog\u00eda Cl\u00ednica y Fisioterapia, con el objetivo de ofrecer un tratamiento personalizado, integral y continuado, que ralentice la progresi\u00f3n de la enfermedad y mejore la calidad de vida del paciente y del cuidador.<\/p>\n","protected":false},"excerpt":{"rendered":"C\u00d3RDOBA 19 Sep. (EUROPA PRESS) &#8211; En el abordaje del Alzheimer en la actualidad \u00abhay que poner de&hellip;\n","protected":false},"author":2,"featured_media":125412,"comment_status":"","ping_status":"","sticky":false,"template":"","format":"standard","meta":{"footnotes":""},"categories":[92],"tags":[25,24,165,166,23],"class_list":{"0":"post-125411","1":"post","2":"type-post","3":"status-publish","4":"format-standard","5":"has-post-thumbnail","7":"category-salud","8":"tag-es","9":"tag-espana","10":"tag-health","11":"tag-salud","12":"tag-spain"},"share_on_mastodon":{"url":"","error":""},"_links":{"self":[{"href":"https:\/\/www.europesays.com\/es\/wp-json\/wp\/v2\/posts\/125411","targetHints":{"allow":["GET"]}}],"collection":[{"href":"https:\/\/www.europesays.com\/es\/wp-json\/wp\/v2\/posts"}],"about":[{"href":"https:\/\/www.europesays.com\/es\/wp-json\/wp\/v2\/types\/post"}],"author":[{"embeddable":true,"href":"https:\/\/www.europesays.com\/es\/wp-json\/wp\/v2\/users\/2"}],"replies":[{"embeddable":true,"href":"https:\/\/www.europesays.com\/es\/wp-json\/wp\/v2\/comments?post=125411"}],"version-history":[{"count":0,"href":"https:\/\/www.europesays.com\/es\/wp-json\/wp\/v2\/posts\/125411\/revisions"}],"wp:featuredmedia":[{"embeddable":true,"href":"https:\/\/www.europesays.com\/es\/wp-json\/wp\/v2\/media\/125412"}],"wp:attachment":[{"href":"https:\/\/www.europesays.com\/es\/wp-json\/wp\/v2\/media?parent=125411"}],"wp:term":[{"taxonomy":"category","embeddable":true,"href":"https:\/\/www.europesays.com\/es\/wp-json\/wp\/v2\/categories?post=125411"},{"taxonomy":"post_tag","embeddable":true,"href":"https:\/\/www.europesays.com\/es\/wp-json\/wp\/v2\/tags?post=125411"}],"curies":[{"name":"wp","href":"https:\/\/api.w.org\/{rel}","templated":true}]}}