{"id":125413,"date":"2025-09-19T14:55:12","date_gmt":"2025-09-19T14:55:12","guid":{"rendered":"https:\/\/www.europesays.com\/es\/125413\/"},"modified":"2025-09-19T14:55:12","modified_gmt":"2025-09-19T14:55:12","slug":"jorge-martinez-lider-de-ilegales-anuncia-que-tiene-cancer-y-cancela-su-gira","status":"publish","type":"post","link":"https:\/\/www.europesays.com\/es\/125413\/","title":{"rendered":"Jorge Mart\u00ednez, l\u00edder de Ilegales, anuncia que tiene c\u00e1ncer y cancela su gira"},"content":{"rendered":"<p><img decoding=\"async\" class=\"voc-author__img\" src=\"https:\/\/www.europesays.com\/es\/wp-content\/uploads\/2025\/07\/autor-1610-foto-3.jpeg\" alt=\"Nacho Serrano\"\/><\/p>\n<p>19\/09\/2025<br \/>\n<br \/><strong><br \/>\nActualizado a las 16:28h.<br \/>\n<\/strong><\/p>\n<p class=\"voc-p\" style=\"\">La legendaria banda de rock <strong>Ilegales<\/strong> ha anunciado que suspende toda su gira debido al diagn\u00f3stico m\u00e9dico recibido por su cantante y l\u00edder, <a href=\"https:\/\/www.abc.es\/cultura\/musica\/abci-jorge-ilegal-mas-oscuras-profundidades-estan-canciones-mas-crudas-y-bellas-201707200832_noticia.html\" target=\"_blank\" data-voc-vtm-id=\"in-text-traffic\" title=\"Jorge Mart\u00ednez\" data-mrf-link=\"www.abc.es\" rel=\"nofollow noopener\">Jorge Mart\u00ednez<\/a>. En un comunicado de su promotora Art Music Agency, se indica que se someter\u00e1 a un tratamiento contra un c\u00e1ncer que le ha sido detectado, sin especificar qu\u00e9 tipo de tumor es.<\/p>\n<p class=\"voc-p\" style=\"\">\u00abCon gran pesar debemos anunciar que todos los conciertos previstos de Ilegales quedan cancelados por un tiempo indefinido debido a problemas de salud que afectan a Jorge Martinez, vocalista, guitarrista y l\u00edder de la banda. En los \u00faltimos d\u00edas, la situaci\u00f3n que nos ven\u00eda obligando a cancelar los anteriores conciertos,<strong> se ha complicado m\u00e1s de lo previsto inicialmente<\/strong>, lo que obliga a detener por completo la actividad en directo de la banda para que Jorge pueda someterse a un tratamiento contra un c\u00e1ncer\u00bb, dice el comunicado de Ilegales.<\/p>\n<p class=\"voc-p\" style=\"\">\u00abLa decisi\u00f3n, tan dif\u00edcil como inevitable, responde \u00fanicamente a la <strong>necesidad de que Jorge dedique todas sus energ\u00edas a recuperarse<\/strong>\u00bb, se\u00f1ala el escrito. \u00abDesde Ilegales queremos transmitir nuestro agradecimiento al p\u00fablico, siempre fiel, que lleva acompa\u00f1ando a la banda durante m\u00e1s de cuatro d\u00e9cadas de carrera, as\u00ed como nuestras m\u00e1s sinceras disculpas a quienes ten\u00edan entradas adquiridas o hab\u00edan hecho planes para disfrutar de los pr\u00f3ximos conciertos\u00bb.<\/p>\n<p class=\"voc-p\" style=\"\">\u00abHoy m\u00e1s que nunca es momento de poner la salud por delante de todo. Confiamos en que la fortaleza y el car\u00e1cter indomable de Jorge le permitan superar esta etapa y esperamos que pronto vuelva a encontrarse con su p\u00fablico sobre los escenarios. <strong>Agradecemos de coraz\u00f3n la comprensi\u00f3n<\/strong>, el cari\u00f1o y el apoyo recibido en estos momentos tan complicados\u00bb.<\/p>\n<p class=\"voc-p\" style=\"\">La siguiente actuaci\u00f3n del grupo era en Galicia, en el ciclo Noites do Porto de A Coru\u00f1a el 26 de septiembre junto a <a href=\"https:\/\/www.abc.es\/cultura\/cultural\/ana-curra-fallecio-eduardo-benavente-rebele-muerte-20231201120409-nt.html\" target=\"_blank\" data-voc-vtm-id=\"in-text-traffic\" title=\"Ana Curra\" data-mrf-link=\"www.abc.es\" rel=\"nofollow noopener\">Ana Curra<\/a>. El festival, adem\u00e1s de \u00abmandar a Jorge Ilegal todo nuestro cari\u00f1o y desearle una pronta recuperaci\u00f3n\u00bb, ha anunciado que buscan a contrarreloj un sustituto para ese d\u00eda y que las entradas seguir\u00e1n siendo v\u00e1lidas, facilitando la devoluci\u00f3n a los que lo deseen. Los siguientes conciertos eran en Arrecife en vivo en Alicante, Iberia Festival en Benidorm y el C\u00edrculo del Arte de Toledo, <\/p>\n<p class=\"voc-p\" style=\"\">Las presentaciones de su \u00faltimo trabajo, <strong>&#8216;Joven y arrogante&#8217;<\/strong>, tambi\u00e9n ten\u00edan fechas en Sevilla, Murcia, Bilbao, Madrid, Barcelona, Valencia, Santiago de Compostela, Ja\u00e9n, Mallorca, Alicante, Burgos, C\u00f3rdoba, Granada, Guadalajara, M\u00e1laga, Ponferrada, Santander, Toledo, Valladolid, Vitoria y Gij\u00f3n entre otras ciudades, y ha hecho dos paradas en M\u00e9xico, cuatro en Ecuador, tres en Colombia, tres en Chile y una en Per\u00fa.<\/p>\n<p class=\"voc-p\" style=\"\">A lo largo de m\u00e1s de cuatro d\u00e9cadas, trece discos de estudio y dos sellos discogr\u00e1ficos propios (Disc\u00f3bolo Records en los 80 y La Casa del Misterio en los a\u00f1os 2000), la banda ha experimentado cambios de formaci\u00f3n, tanto en el bajo como en la bater\u00eda, manteniendo siempre a Jorge Mart\u00ednez como l\u00edder y voz principal. Ahora Jorge y su banda estaban viviendo una <strong>segunda era dorada <\/strong>en estos \u00faltimos a\u00f1os, con gran movimiento de proyectos en torno al grupo (incluyendo libros y dos documentales), ofreciendo grandes actuaciones y grabando muy buenos discos de forma prol\u00edfica. <\/p>\n<p class=\"voc-p\" style=\"\">\u00abYa estoy grabando cosas para el pr\u00f3ximo disco\u00bb, dec\u00eda en su \u00faltima entrevista con la revista Ruta66, nada m\u00e1s publicar \u2018Joven y Arrogante\u2019. \u00abIgual es por la ansiedad del momento hist\u00f3rico que vivimos, que se filtra por todas partes. Cuando cae agua, hay que recoger toda la que se pueda. Y te aseguro que est\u00e1 lloviendo fuerte\u00bb.<\/p>\n<p class=\"voc-p\" style=\"\">La gira de &#8216;Joven y Arrogante&#8217; hab\u00eda comenzado con un primer &#8216;sold &#8216;out en el concierto de la sala La Riviera de Madrid que oblig\u00f3 a anunciar una segunda fecha en la misma sala para el 14 de junio, lo cual confirma\u00f3 el espectacular momento que atraviesa el grupo, consolidado como una de las bandas de rock en castellano con mayor arrastre en directo. Y es que desde su regreso en 2015, Ilegales han protagonizado un ascenso vertiginoso en venta de entradas, presencia en festivales y \u00e9xito de cr\u00edtica y p\u00fablico.<\/p>\n<p class=\"voc-p\" style=\"\">Pero tras la cancelaci\u00f3n de varios conciertos aislados en las \u00faltimas semanas, el \u00faltimo de ellos el pasado 14 de septiembre en las fiestas de San Mateo de Oviedo (\u00abdebido a una intervenci\u00f3n quir\u00fargica de Jorge\u00bb, dijo la banda con gran pesadumbre, ya que era una cita muy ansiada por su l\u00edder al jugar en casa), esta noticia confirma que algo desafortunado podr\u00eda estar ocurriendo en el seno del grupo. Anoche, durante su actuaci\u00f3n en <a href=\"https:\/\/www.abc.es\/recreo\/preguntan-cirujano-diego-gonzalez-rivas-voto-ultimas-20250919123602-nt.html\" data-voc-vtm-id=\"in-text-traffic\" title=\"&#039;La Revuelta&#039;\" rel=\"nofollow noopener\" target=\"_blank\">&#8216;La Revuelta&#8217;<\/a>, Loquillo, amigo y compa\u00f1ero de Mart\u00ednez, le dedic\u00f3 su tema &#8216;Feo, fuerte y formal&#8217;.<\/p>\n<p>Reportar un error<\/p>\n","protected":false},"excerpt":{"rendered":"19\/09\/2025 Actualizado a las 16:28h. La legendaria banda de rock Ilegales ha anunciado que suspende toda su gira&hellip;\n","protected":false},"author":2,"featured_media":125414,"comment_status":"","ping_status":"","sticky":false,"template":"","format":"standard","meta":{"footnotes":""},"categories":[91],"tags":[4187,13639,1066,146,147,25,24,1236,6779,2224,5564,825,23],"class_list":{"0":"post-125413","1":"post","2":"type-post","3":"status-publish","4":"format-standard","5":"has-post-thumbnail","7":"category-entretenimiento","8":"tag-anuncia","9":"tag-cancela","10":"tag-cancer","11":"tag-entertainment","12":"tag-entretenimiento","13":"tag-es","14":"tag-espana","15":"tag-gira","16":"tag-ilegales","17":"tag-jorge","18":"tag-lider","19":"tag-martinez","20":"tag-spain"},"share_on_mastodon":{"url":"","error":""},"_links":{"self":[{"href":"https:\/\/www.europesays.com\/es\/wp-json\/wp\/v2\/posts\/125413","targetHints":{"allow":["GET"]}}],"collection":[{"href":"https:\/\/www.europesays.com\/es\/wp-json\/wp\/v2\/posts"}],"about":[{"href":"https:\/\/www.europesays.com\/es\/wp-json\/wp\/v2\/types\/post"}],"author":[{"embeddable":true,"href":"https:\/\/www.europesays.com\/es\/wp-json\/wp\/v2\/users\/2"}],"replies":[{"embeddable":true,"href":"https:\/\/www.europesays.com\/es\/wp-json\/wp\/v2\/comments?post=125413"}],"version-history":[{"count":0,"href":"https:\/\/www.europesays.com\/es\/wp-json\/wp\/v2\/posts\/125413\/revisions"}],"wp:featuredmedia":[{"embeddable":true,"href":"https:\/\/www.europesays.com\/es\/wp-json\/wp\/v2\/media\/125414"}],"wp:attachment":[{"href":"https:\/\/www.europesays.com\/es\/wp-json\/wp\/v2\/media?parent=125413"}],"wp:term":[{"taxonomy":"category","embeddable":true,"href":"https:\/\/www.europesays.com\/es\/wp-json\/wp\/v2\/categories?post=125413"},{"taxonomy":"post_tag","embeddable":true,"href":"https:\/\/www.europesays.com\/es\/wp-json\/wp\/v2\/tags?post=125413"}],"curies":[{"name":"wp","href":"https:\/\/api.w.org\/{rel}","templated":true}]}}