{"id":125415,"date":"2025-09-19T14:56:09","date_gmt":"2025-09-19T14:56:09","guid":{"rendered":"https:\/\/www.europesays.com\/es\/125415\/"},"modified":"2025-09-19T14:56:09","modified_gmt":"2025-09-19T14:56:09","slug":"tres-anos-despues-del-fiasco-del-metaverso-zuckerberg-tiene-otro-clavo-ardiendo-para-meta-las-gafas-digitales","status":"publish","type":"post","link":"https:\/\/www.europesays.com\/es\/125415\/","title":{"rendered":"Tres a\u00f1os despu\u00e9s del fiasco del metaverso, Zuckerberg tiene otro clavo ardiendo para Meta: las gafas digitales"},"content":{"rendered":"<p>Mark Zuckerberg cree que en 2030 no sacaremos tanto el smartphone del bolsillo porque <a class=\"text-outboundlink\" href=\"https:\/\/www.xataka.com\/realidad-virtual-aumentada\/mark-zuckerberg-cree-que-2030-no-sacaremos-smartphone-bolsillo-haremos-casi-todo-gafas\" data-vars-post-title=\"Mark Zuckerberg cree que en 2030 no sacaremos tanto el smartphone del bolsillo: haremos casi todo desde las gafas \" data-vars-post-url=\"https:\/\/www.xataka.com\/realidad-virtual-aumentada\/mark-zuckerberg-cree-que-2030-no-sacaremos-smartphone-bolsillo-haremos-casi-todo-gafas\" rel=\"nofollow noopener\" target=\"_blank\">lo haremos casi todo desde las gafas<\/a>. Esa es su particular nueva obsesi\u00f3n, y tiene todo el sentido del mundo porque Meta est\u00e1 en una posici\u00f3n delicada. Y si uno <a class=\"text-outboundlink\" href=\"https:\/\/www.xataka.com\/empresas-y-economia\/meta-se-esta-quedando-tiempo\" data-vars-post-title=\"Meta se est\u00e1 quedando sin tiempo \" data-vars-post-url=\"https:\/\/www.xataka.com\/empresas-y-economia\/meta-se-esta-quedando-tiempo\" rel=\"nofollow noopener\" target=\"_blank\">est\u00e1 arrinconado<\/a> en un futuro que no controla, mejor crear uno que s\u00ed puede controlar.<\/p>\n<p><strong>Gafas, gafas y m\u00e1s gafas<\/strong>. La presentaci\u00f3n esta semana de las prometedoras <a class=\"text-outboundlink\" href=\"https:\/\/www.xataka.com\/wearables\/meta-ray-ban-display-caracteristicas-precio-ficha-tecnica\" data-vars-post-title=\"Meta Ray-Ban Display: antes llevar gafas era una molesta necesidad. Ahora ser\u00e1 un superpoder\" data-vars-post-url=\"https:\/\/www.xataka.com\/wearables\/meta-ray-ban-display-caracteristicas-precio-ficha-tecnica\" rel=\"nofollow noopener\" target=\"_blank\">Meta Ray-Ban Display<\/a> y sus hermanas peque\u00f1as (<a class=\"text-outboundlink\" href=\"https:\/\/www.xataka.com\/wearables\/nuevas-ray-ban-meta-gen-2-caracteristicas-precio-ficha-tecnica\" data-vars-post-title=\"Ray-Ban Meta (Gen 2): las Ray-Ban conectadas de Meta vuelven con m\u00e1s autonom\u00eda y calidad de imagen\" data-vars-post-url=\"https:\/\/www.xataka.com\/wearables\/nuevas-ray-ban-meta-gen-2-caracteristicas-precio-ficha-tecnica\" rel=\"nofollow noopener\" target=\"_blank\">Ray-Ban Meta (Gen 2)<\/a> y <a class=\"text-outboundlink\" href=\"https:\/\/www.xataka.com\/wearables\/oakley-meta-vanguard-han-encontrado-nuevo-nicho-mercado-para-gafas-conectadas-deporte-extremo-tiene-mucho-sentido\" data-vars-post-title=\"Meta ya sabe c\u00f3mo empezar a convertir sus Oakley Meta Vanguard en un producto masivo: con el deporte extremo\" data-vars-post-url=\"https:\/\/www.xataka.com\/wearables\/oakley-meta-vanguard-han-encontrado-nuevo-nicho-mercado-para-gafas-conectadas-deporte-extremo-tiene-mucho-sentido\" rel=\"nofollow noopener\" target=\"_blank\">Oakley Meta Vanguard<\/a>) es un mensaje claro al mundo. Zuckerberg <a class=\"text-outboundlink\" href=\"https:\/\/www.xataka.com\/realidad-virtual-aumentada\/meta-va-muy-serio-wearables-demuestra-que-acaba-hacer-reality-labs\" data-vars-post-title=\"Meta va muy en serio con los wearables. Lo demuestra lo que acaba de hacer con Reality Labs\" data-vars-post-url=\"https:\/\/www.xataka.com\/realidad-virtual-aumentada\/meta-va-muy-serio-wearables-demuestra-que-acaba-hacer-reality-labs\" rel=\"nofollow noopener\" target=\"_blank\">nos ve a todos<\/a> llevando gafas en el futuro, y las nuevas opciones de sus gafas conectadas precisamente van dirigidas no solo a que hagamos m\u00e1s con ellas, sino a que nos olvidemos cada vez m\u00e1s del dispositivo que gobierna nuestra vida desde hace dos d\u00e9cadas: el smartphone.<\/p>\n<p>    <a href=\"https:\/\/www.xataka.com\/empresas-y-economia\/cena-trump-lideres-big-tech-no-ha-sido-cena-ha-sido-mayor-acto-vasallaje-tecnologico-historia\" class=\"pivot-outboundlink\" data-vars-post-title=\"La cena de Trump con los l\u00edderes de las Big Tech no ha sido una cena. Ha sido el mayor acto de vasallaje tecnol\u00f3gico de la historia\" rel=\"nofollow noopener\" target=\"_blank\"><br \/>\n     <img loading=\"lazy\" decoding=\"async\" alt=\"La cena de Trump con los l\u00edderes de las Big Tech no ha sido una cena. Ha sido el mayor acto de vasallaje tecnol\u00f3gico de la historia\" width=\"375\" height=\"142\" src=\"https:\/\/www.europesays.com\/es\/wp-content\/uploads\/2025\/09\/1758293768_88_375_142.jpeg\"\/><br \/>\n    <\/a><\/p>\n<p><strong>Un evento para redibujar el objetivo de Meta<\/strong>. En el evento de presentaci\u00f3n de las gafas Zuckerberg tambi\u00e9n confirm\u00f3 esa nueva transformaci\u00f3n silenciosa de su compa\u00f1\u00eda, que primero se centr\u00f3 en las redes sociales para luego apostarlo todo al <a class=\"text-outboundlink\" href=\"https:\/\/www.xataka.com\/basics\/que-metaverso-que-posibilidades-ofrece-cuando-sera-real\" data-vars-post-title=\"Qu\u00e9 es el Metaverso, qu\u00e9 posibilidades ofrece y cu\u00e1ndo ser\u00e1 real\" data-vars-post-url=\"https:\/\/www.xataka.com\/basics\/que-metaverso-que-posibilidades-ofrece-cuando-sera-real\" rel=\"nofollow noopener\" target=\"_blank\">metaverso<\/a>. Ahora la propuesta es distinta y Zuckerberg lo dej\u00f3 claro en el evento diciendo lo siguiente:\u00a0<\/p>\n<blockquote><p>\u00abNuestro objetivo es crear gafas con un dise\u00f1o atractivo que ofrezcan superinteligencia personal y una sensaci\u00f3n de presencia mediante hologramas realistas. La combinaci\u00f3n de estas ideas es lo que denominamos \u00abmetaverso\u00bb.<\/p><\/blockquote>\n<p><strong>Metaverso v2.0<\/strong>. De repente el metaverso de ahora es distinto al de antes. En aquel metaverso que parec\u00eda <a class=\"text-outboundlink\" href=\"https:\/\/www.xataka.com\/servicios\/meta-se-ha-gastado-13-000-millones-metaverso-momento-parece-mala-copia-wii-sports\" data-vars-post-title=\"Meta se ha gastado 13.000 millones en el metaverso. De momento parece una mala copia de Wii Sports\" data-vars-post-url=\"https:\/\/www.xataka.com\/servicios\/meta-se-ha-gastado-13-000-millones-metaverso-momento-parece-mala-copia-wii-sports\" rel=\"nofollow noopener\" target=\"_blank\">una mala copia de Wii Sports<\/a> hemos pasado a otro en el que la realidad virtual queda totalmente desplazada. Hace cuatro a\u00f1os, cuando Facebook cambi\u00f3 su nombre por Meta, ni siquiera se hablaba de inteligencia artificial como parte de esa plataforma. Ahora es parte fundamental, l\u00f3gicamente. El metaverso 1.0 \u2014que ojo, sigue vivo y <a class=\"text-outboundlink\" href=\"https:\/\/www.xataka.com\/realidad-virtual-aumentada\/metaverso-no-esta-muerto-que-esta-perdiendo-dinero-50-000-millones-dolares-2020\" data-vars-post-title=\"Si la pregunta es &quot;qu\u00e9 tal le est\u00e1 yendo al metaverso&quot;, la respuesta es &quot;perdiendo 50.000 millones de d\u00f3lares&quot;\" data-vars-post-url=\"https:\/\/www.xataka.com\/realidad-virtual-aumentada\/metaverso-no-esta-muerto-que-esta-perdiendo-dinero-50-000-millones-dolares-2020\" rel=\"nofollow noopener\" target=\"_blank\">sigue tambi\u00e9n perdiendo dinero<\/a>\u2014 ha quedado <a class=\"text-outboundlink\" href=\"https:\/\/www.xataka.com\/empresas-y-economia\/meta-esta-perdiendo-ahora-batalla-metaverso-razon-esta-haciendo-feo-aburrido\" data-vars-post-title=\"Meta est\u00e1 perdiendo, por ahora, la batalla por el metaverso. La raz\u00f3n: lo est\u00e1 haciendo feo y aburrido\" data-vars-post-url=\"https:\/\/www.xataka.com\/empresas-y-economia\/meta-esta-perdiendo-ahora-batalla-metaverso-razon-esta-haciendo-feo-aburrido\" rel=\"nofollow noopener\" target=\"_blank\">en segundo plano<\/a>.<\/p>\n<p><strong>Matar al smartphone va a ser (muy) dif\u00edcil<\/strong>. Por supuesto, necesitaremos un dispositivo en el que poder hacer todas esas cosas que propone Zuckerberg, y a d\u00eda de hoy el candidato es en muchos casos el m\u00f3vil. Si no como centro de la experiencia, s\u00ed como elemento importante. \u00bfCeder\u00e1 el smartphone protagonismo a las gafas o a otros productos hardware? <a class=\"text-outboundlink\" href=\"https:\/\/www.xataka.com\/crossover\/asombrosa-historia-paypal-mafia-bodas-ia-mucho-crossover-1x12\" data-vars-post-title=\"OpenAI y Jony Ive quieren matar al iPhone. Tenemos muchas dudas de que lo consigan: ese debate, y mucho m\u00e1s, en Crossover 1x12\" data-vars-post-url=\"https:\/\/www.xataka.com\/crossover\/asombrosa-historia-paypal-mafia-bodas-ia-mucho-crossover-1x12\" rel=\"nofollow noopener\" target=\"_blank\">Parece dif\u00edcil<\/a>, pero desde luego tanto Meta como otras \u2014hola, <a class=\"text-outboundlink\" href=\"https:\/\/www.xataka.com\/empresas-y-economia\/openai-acaba-estrechar-lazos-adn-apple-va-a-comprar-empresa-disenador-que-marco-era-cupertino\" data-vars-post-title=\"OpenAI compra la empresa de dispositivos de Jony Ive por $6.500 millones: el dise\u00f1ador del iPhone original se al\u00eda con Altman\" data-vars-post-url=\"https:\/\/www.xataka.com\/empresas-y-economia\/openai-acaba-estrechar-lazos-adn-apple-va-a-comprar-empresa-disenador-que-marco-era-cupertino\" rel=\"nofollow noopener\" target=\"_blank\">OpenAI+Jony Ive<\/a>\u2014\u00a0est\u00e1n dispuestas a conseguir ese objetivo. Es normal: si lo logran, podr\u00e1n controlar algo que jam\u00e1s han logrado controlar: el hardware.<\/p>\n<p><strong>Pero<\/strong>. Si algo ha caracterizado a Mark Zuckerberg es su facilidad para cambiar de foco. Tras el \u00e9xito de Facebook pareci\u00f3 luego centrarse mucho m\u00e1s en supervitaminar WhatsApp \u2014<a class=\"text-outboundlink\" href=\"https:\/\/www.xataka.com\/criptomonedas\/libra-ano-despues-querer-ser-caballo-troya-facebook-sistema-monetario-a-quedar-eclipsada-pagos-whatsapp\" data-vars-post-title=\"Libra, un a\u00f1o despu\u00e9s: de revolucionaria criptomoneda de Facebook a quedar eclipsada por los pagos de WhatsApp\" data-vars-post-url=\"https:\/\/www.xataka.com\/criptomonedas\/libra-ano-despues-querer-ser-caballo-troya-facebook-sistema-monetario-a-quedar-eclipsada-pagos-whatsapp\" rel=\"nofollow noopener\" target=\"_blank\">\u00bfrecord\u00e1is Libra?<\/a>\u2014\u00a0o Instagram. Luego, por supuesto, llegar\u00eda su obsesi\u00f3n con el metaverso, y m\u00e1s recientemente <a class=\"text-outboundlink\" href=\"https:\/\/www.xataka.com\/robotica-e-ia\/guerra-civil-meta-inversion-scale-ai-ha-puesto-guerra-a-dos-metas\" data-vars-post-title=\"Zuckerberg ha fichado a todos los gal\u00e1cticos de la IA que ha podido. Ahora en las filas de Meta reina el caos\" data-vars-post-url=\"https:\/\/www.xataka.com\/robotica-e-ia\/guerra-civil-meta-inversion-scale-ai-ha-puesto-guerra-a-dos-metas\" rel=\"nofollow noopener\" target=\"_blank\">con la superinteligencia<\/a> y las gafas de IA. Si hay una nueva fiebre tecnol\u00f3gica, el fundador de Facebook suele ir a por ella. \u00bfQu\u00e9 ser\u00e1 lo pr\u00f3ximo?<\/p>\n<p>    <a href=\"https:\/\/www.xataka.com\/realidad-virtual-aumentada\/este-quien-quien-gafas-conectadas-china-demuestra-que-meta-google-apple-van-a-tener-muy-dificil#mrfhud=true\" class=\"pivot-outboundlink\" data-vars-post-title=\"Tras los m\u00f3viles, los coches, los robots y la IA, llega la pr\u00f3xima gran avalancha tecnol\u00f3gica de China: las gafas\" rel=\"nofollow noopener\" target=\"_blank\"><br \/>\n     <img loading=\"lazy\" decoding=\"async\" alt=\"Tras los m\u00f3viles, los coches, los robots y la IA, llega la pr\u00f3xima gran avalancha tecnol\u00f3gica de China: las gafas\" width=\"375\" height=\"142\" src=\"https:\/\/www.europesays.com\/es\/wp-content\/uploads\/2025\/09\/1758293769_381_375_142.jpeg\"\/><br \/>\n    <\/a><\/p>\n<p><strong>Y va a tener much\u00edsima competencia<\/strong>. No es ya que Zuckeberg logre que usemos m\u00e1s las gafas que el tel\u00e9fono: es que nadie va a dejarla que lo haga sola. Google trabaja sin descanso en Android XR y ya nos ha mostrado que tendr\u00e1 productos en este segmento, y <a class=\"text-outboundlink\" href=\"https:\/\/www.applesfera.com\/rumores\/vision-pro-ha-sido-solo-principio-apple-lanzara-siete-nuevas-gafas-incluyendo-modelos-tipo-ray-ban-meta-kuo\" data-vars-post-title=\"Vision Pro ha sido solo el principio: Apple lanzar\u00e1 siete nuevas gafas, incluyendo modelos tipo Ray-Ban Meta, seg\u00fan Kuo\" data-vars-post-url=\"https:\/\/www.applesfera.com\/rumores\/vision-pro-ha-sido-solo-principio-apple-lanzara-siete-nuevas-gafas-incluyendo-modelos-tipo-ray-ban-meta-kuo\" rel=\"nofollow noopener\" target=\"_blank\">Apple parece tambi\u00e9n convencida<\/a> de que por aqu\u00ed ir\u00e1n los tiros. Por no hablar de <a class=\"text-outboundlink\" href=\"https:\/\/www.xataka.com\/realidad-virtual-aumentada\/amazon-esta-convencida-futuro-gafas-realidad-aumentada-que-va-a-ponerle-a-todos-sus-conductores\" data-vars-post-title=\"Amazon est\u00e1 tan convencida del futuro de las gafas de realidad aumentada que va a ponerle una a todos sus conductores \" data-vars-post-url=\"https:\/\/www.xataka.com\/realidad-virtual-aumentada\/amazon-esta-convencida-futuro-gafas-realidad-aumentada-que-va-a-ponerle-a-todos-sus-conductores\" rel=\"nofollow noopener\" target=\"_blank\">Amazon<\/a> o \u2014palabras mayores\u2014\u00a0de los fabricantes chinos. Todos ellos\u00a0van a pon\u00e9rselo muy dif\u00edcil a Meta, pero una cosa es cierta: si logran desplazar el foco del m\u00f3vil a las gafas, ah\u00ed al menos s\u00ed tendr\u00e1n previsiblemente parte del pastel.<\/p>\n<p>Imagen | Meta<\/p>\n<p>En Xataka | <a class=\"text-outboundlink\" href=\"https:\/\/www.xataka.com\/wearables\/meta-acaba-crear-primera-tecnologia-realmente-invisible-pantalla-que-solo-tu-ves\" data-vars-post-title=\"Las nuevas Ray-Ban de Meta van a permitir cruzar una l\u00ednea: parecer presente mientras est\u00e1s completamente ausente\" data-vars-post-url=\"https:\/\/www.xataka.com\/wearables\/meta-acaba-crear-primera-tecnologia-realmente-invisible-pantalla-que-solo-tu-ves\" rel=\"nofollow noopener\" target=\"_blank\">Las nuevas Ray-Ban de Meta van a permitir cruzar una l\u00ednea: parecer presente mientras est\u00e1s completamente ausente<\/a><\/p>\n","protected":false},"excerpt":{"rendered":"Mark Zuckerberg cree que en 2030 no sacaremos tanto el smartphone del bolsillo porque lo haremos casi todo&hellip;\n","protected":false},"author":2,"featured_media":125416,"comment_status":"","ping_status":"","sticky":false,"template":"","format":"standard","meta":{"footnotes":""},"categories":[81],"tags":[119,123,124,25,24,117,121,122,23,118,120],"class_list":{"0":"post-125415","1":"post","2":"type-post","3":"status-publish","4":"format-standard","5":"has-post-thumbnail","7":"category-ciencia-y-tecnologia","8":"tag-ciencia","9":"tag-ciencia-y-tecnologia","10":"tag-cienciaytecnologia","11":"tag-es","12":"tag-espana","13":"tag-science","14":"tag-science-and-technology","15":"tag-scienceandtechnology","16":"tag-spain","17":"tag-technology","18":"tag-tecnologia"},"share_on_mastodon":{"url":"","error":""},"_links":{"self":[{"href":"https:\/\/www.europesays.com\/es\/wp-json\/wp\/v2\/posts\/125415","targetHints":{"allow":["GET"]}}],"collection":[{"href":"https:\/\/www.europesays.com\/es\/wp-json\/wp\/v2\/posts"}],"about":[{"href":"https:\/\/www.europesays.com\/es\/wp-json\/wp\/v2\/types\/post"}],"author":[{"embeddable":true,"href":"https:\/\/www.europesays.com\/es\/wp-json\/wp\/v2\/users\/2"}],"replies":[{"embeddable":true,"href":"https:\/\/www.europesays.com\/es\/wp-json\/wp\/v2\/comments?post=125415"}],"version-history":[{"count":0,"href":"https:\/\/www.europesays.com\/es\/wp-json\/wp\/v2\/posts\/125415\/revisions"}],"wp:featuredmedia":[{"embeddable":true,"href":"https:\/\/www.europesays.com\/es\/wp-json\/wp\/v2\/media\/125416"}],"wp:attachment":[{"href":"https:\/\/www.europesays.com\/es\/wp-json\/wp\/v2\/media?parent=125415"}],"wp:term":[{"taxonomy":"category","embeddable":true,"href":"https:\/\/www.europesays.com\/es\/wp-json\/wp\/v2\/categories?post=125415"},{"taxonomy":"post_tag","embeddable":true,"href":"https:\/\/www.europesays.com\/es\/wp-json\/wp\/v2\/tags?post=125415"}],"curies":[{"name":"wp","href":"https:\/\/api.w.org\/{rel}","templated":true}]}}