{"id":125417,"date":"2025-09-19T14:57:14","date_gmt":"2025-09-19T14:57:14","guid":{"rendered":"https:\/\/www.europesays.com\/es\/125417\/"},"modified":"2025-09-19T14:57:14","modified_gmt":"2025-09-19T14:57:14","slug":"oryzon-podria-triplicar-su-valor-en-bolsa-este-ano","status":"publish","type":"post","link":"https:\/\/www.europesays.com\/es\/125417\/","title":{"rendered":"Oryzon podr\u00eda triplicar su valor en Bolsa este a\u00f1o"},"content":{"rendered":"<p><img decoding=\"async\" alt=\"oryzon\" height=\"284\" src=\"https:\/\/www.europesays.com\/es\/wp-content\/uploads\/2025\/09\/imagen_oryzon.jpg\" width=\"640\"  data-processed=\"true\"  loading=\"lazy\"\/><\/p>\n<p><a class=\"lnk\" href=\"https:\/\/www.estrategiasdeinversion.com\/cotizaciones\/indices\/mercado-continuo\/oryzon-genomics\" title=\"Oryzon Genomics\" rel=\"nofollow noopener\" target=\"_blank\">Oryzon Genomics<\/a>, biofarmac\u00e9utica espa\u00f1ola l\u00edder en epigen\u00e9tica, encadena dos sesiones de subidas en bolsa tras conocerse la concesi\u00f3n de<strong> nuevas patentes en Australia y Europa<\/strong> para dos de sus compuestos m\u00e1s avanzados, <strong>iadademstat<\/strong> (oncolog\u00eda) y <strong>vafidemstat<\/strong> (trastornos del sistema nervioso).<\/p>\n<p>Los t\u00edtulos se <strong>dispararon en Bolsa ayer m\u00e1s de un 9%<\/strong> despu\u00e9s del anuncio por parte de la biofarmac\u00e9utica, situando el precio en 3,06 euros por acci\u00f3n, y hoy las acciones de Oryzon han avanzado hasta alcanzar los 3,20 euros por acci\u00f3n, un 4,07%. Actualmente el valor se encuentra en <strong>3,12 euros,<\/strong> registrando un <strong>1,63% de subida<\/strong> con respecto al cierre de ayer.\u00a0<\/p>\n<p>En el transcurso del a\u00f1o, la acci\u00f3n de <strong>Oryzon<\/strong> acumula una<strong> revalorizaci\u00f3n superior al 100%<\/strong>, tras tocar m\u00ednimos el pasado 2 de enero y marcar sus m\u00e1ximos en el mes de febrero. Estas oscilaciones se producen en un a\u00f1o que la compa\u00f1\u00eda denomina de \u201ctransici\u00f3n\u201d, ya que est\u00e1n recibiendo las aprobaciones de patentes y ensayos cl\u00ednicos, claves para el desarrollo de la compa\u00f1\u00eda.\u00a0<\/p>\n<p><img decoding=\"async\" alt=\"oryzon\" class=\"gal photo\" height=\"261\" src=\"https:\/\/www.europesays.com\/es\/wp-content\/uploads\/2025\/09\/oryzon_genomics_bolsa_1909.png\" width=\"640\"  data-processed=\"true\"  loading=\"lazy\"\/><\/p>\n<p>Las casas de an\u00e1lisis tienen la confianza puesta en el valor y seg\u00fan la media recogida por <strong>Reuters<\/strong>, la recomendaci\u00f3n es \u201c<strong>comprar<\/strong>\u201d con un precio objetivo de<strong> 7,21 euros por acci\u00f3n<\/strong>, lo que supone un <strong>potencial de revalorizaci\u00f3n de m\u00e1s del 125%<\/strong>.<\/p>\n<p>Durante los seis primeros meses del a\u00f1o, el grupo perdi\u00f3 1,6 millones de euros, excluyendo la ayuda recibida el pasado julio por parte del Centro para el Desarrollo Tecnol\u00f3gico y la Innovaci\u00f3n (CDTI). De haberse incluido, la p\u00e9rdida hubiera sido de 200.000 euros. Los <strong>ingresos,<\/strong> por su parte, experimentaron un <strong>crecimiento del 2,7%<\/strong>, situ\u00e1ndose en 4,2 millones de euros.\u00a0<br \/>\u00a0<\/p>\n","protected":false},"excerpt":{"rendered":"Oryzon Genomics, biofarmac\u00e9utica espa\u00f1ola l\u00edder en epigen\u00e9tica, encadena dos sesiones de subidas en bolsa tras conocerse la concesi\u00f3n&hellip;\n","protected":false},"author":2,"featured_media":125418,"comment_status":"","ping_status":"","sticky":false,"template":"","format":"standard","meta":{"footnotes":""},"categories":[80],"tags":[82,95,94,25,24,23],"class_list":{"0":"post-125417","1":"post","2":"type-post","3":"status-publish","4":"format-standard","5":"has-post-thumbnail","7":"category-economia","8":"tag-business","9":"tag-economia","10":"tag-economy","11":"tag-es","12":"tag-espana","13":"tag-spain"},"share_on_mastodon":{"url":"","error":""},"_links":{"self":[{"href":"https:\/\/www.europesays.com\/es\/wp-json\/wp\/v2\/posts\/125417","targetHints":{"allow":["GET"]}}],"collection":[{"href":"https:\/\/www.europesays.com\/es\/wp-json\/wp\/v2\/posts"}],"about":[{"href":"https:\/\/www.europesays.com\/es\/wp-json\/wp\/v2\/types\/post"}],"author":[{"embeddable":true,"href":"https:\/\/www.europesays.com\/es\/wp-json\/wp\/v2\/users\/2"}],"replies":[{"embeddable":true,"href":"https:\/\/www.europesays.com\/es\/wp-json\/wp\/v2\/comments?post=125417"}],"version-history":[{"count":0,"href":"https:\/\/www.europesays.com\/es\/wp-json\/wp\/v2\/posts\/125417\/revisions"}],"wp:featuredmedia":[{"embeddable":true,"href":"https:\/\/www.europesays.com\/es\/wp-json\/wp\/v2\/media\/125418"}],"wp:attachment":[{"href":"https:\/\/www.europesays.com\/es\/wp-json\/wp\/v2\/media?parent=125417"}],"wp:term":[{"taxonomy":"category","embeddable":true,"href":"https:\/\/www.europesays.com\/es\/wp-json\/wp\/v2\/categories?post=125417"},{"taxonomy":"post_tag","embeddable":true,"href":"https:\/\/www.europesays.com\/es\/wp-json\/wp\/v2\/tags?post=125417"}],"curies":[{"name":"wp","href":"https:\/\/api.w.org\/{rel}","templated":true}]}}