{"id":125419,"date":"2025-09-19T14:58:04","date_gmt":"2025-09-19T14:58:04","guid":{"rendered":"https:\/\/www.europesays.com\/es\/125419\/"},"modified":"2025-09-19T14:58:04","modified_gmt":"2025-09-19T14:58:04","slug":"la-flotilla-con-42-barcos-zarpa-de-sicilia-hacia-gaza","status":"publish","type":"post","link":"https:\/\/www.europesays.com\/es\/125419\/","title":{"rendered":"La flotilla con 42 barcos zarpa de Sicilia hacia Gaza"},"content":{"rendered":"<p>Los <strong>42 barcos de la flotilla que pretende llevar ayuda a la Franja de Gaza<\/strong>, procedentes de Espa\u00f1a, Italia y el Magreb, han zarpado este viernes desde el puerto siciliano de Portopalo (sur) despu\u00e9s de que algunos inconvenientes retrasaran su objetivo.<\/p>\n<p>\u00abHemos zarpado. Esta vez no nos detendremos\u00bb, ha confirmado la portavoz de la parte italiana de &#8216;Global Sumud Flotilla, Maria Elena Delia.<\/p>\n<p>La delegaci\u00f3n que sali\u00f3 desde T\u00fanez el pasado domingo, compuesta por naves de pa\u00edses magreb\u00edes y otras de Espa\u00f1a, se ha unido a las diecisiete embarcaciones italianas en el puerto siciliano de Portopalo.<\/p>\n<p>Los dos grupos \u2014italiano y tunecino\u2014 han sufrido retrasos en sus planes en los \u00faltimos d\u00edas. Los italianos deb\u00edan zarpar el pasado 4 de septiembre, pero no fue posible por problemas log\u00edsticos y por las condiciones meteorol\u00f3gicamente adversas del mar, entre otros contratiempos. Mientras que la delegaci\u00f3n tunecina denunci\u00f3 el <a href=\"https:\/\/www.rtve.es\/noticias\/20250910\/global-sumud-flotilla-denuncia-nuevo-ataque-dron-embarcaciones-gaza\/16723131.shtml\" rel=\"nofollow noopener\" target=\"_blank\">ataque con drones a dos de sus barcos<\/a>, el &#8216;Familia&#8217; y &#8216;Alma&#8217;. Con respecto al primer ataque, <a href=\"https:\/\/www.rtve.es\/noticias\/20250909\/global-sumud-flotilla-denuncia-ataque-drones-tunez-embarcaciones-gaza\/16721723.shtml\" rel=\"nofollow noopener\" target=\"_blank\">las autoridades del pa\u00eds lo desmintieron<\/a>, por lo que la flotilla respondi\u00f3 con un v\u00eddeo en redes del momento. <\/p>\n<p>Artistas y pol\u00edticos a bordo de las embarcaciones<\/p>\n<p>La coalici\u00f3n de la &#8216;Global Sumud Flotilla&#8217; busca sumar barcos a lo largo del Mediterr\u00e1neo para llevar alimentos y ayuda humanitaria a la Franja de Gaza, rompiendo el bloqueo israel\u00ed. <strong>A bordo viajan activistas, artistas y otras personalidades<\/strong> como la sueca Greta Thunberg o la exalcaldesa de Barcelona, Ada Colau. <\/p>\n<p>La flota italiana <strong>cuenta adem\u00e1s con cuatro pol\u00edticos<\/strong>: las eurodiputadas Benedetta Scuderi y Annalisa Corrado, de Alianza Verde e Izquierda y el Partido Dem\u00f3crata, respectivamente; el diputado tambi\u00e9n de esta formaci\u00f3n, Arturo Scotto, y el senador Marco Croatti del Movimiento 5 Estrellas.<\/p>\n<p>Mientras, <strong>Israel contin\u00faa su ofensiva por tierra y aire para cercar Ciudad de Gaza<\/strong>. La capital de la Franja sufre por cuarto d\u00eda intensos bombardeos, el avance de los tanques y la huida de cientos de miles de personas que intentan escapar hacia el sur. Todo ello, con <a href=\"https:\/\/www.rtve.es\/play\/videos\/telediario-1\/cortes-comunicacion-gaza-incomunican-familias-separadas-bajo-bombas\/16734857\/\" rel=\"nofollow noopener\" target=\"_blank\">las comunicaciones completamente bloqueadas<\/a>, sin tel\u00e9fono ni internet y con el miedo de que, una vez aislados, Israel intensifique todav\u00eda m\u00e1s sus ataques. <\/p>\n","protected":false},"excerpt":{"rendered":"Los 42 barcos de la flotilla que pretende llevar ayuda a la Franja de Gaza, procedentes de Espa\u00f1a,&hellip;\n","protected":false},"author":2,"featured_media":125420,"comment_status":"","ping_status":"","sticky":false,"template":"","format":"standard","meta":{"footnotes":""},"categories":[42],"tags":[17,18,13,14,11,61,62,63,64,19,20,9,10,15,16,12,21,22,65,66,67],"class_list":{"0":"post-125419","1":"post","2":"type-post","3":"status-publish","4":"format-standard","5":"has-post-thumbnail","7":"category-internacional","8":"tag-breaking-news","9":"tag-breakingnews","10":"tag-featured-news","11":"tag-featurednews","12":"tag-headlines","13":"tag-internacional","14":"tag-international","15":"tag-international-news","16":"tag-internationalnews","17":"tag-latest-news","18":"tag-latestnews","19":"tag-news","20":"tag-noticias","21":"tag-noticias-destacadas","22":"tag-noticiasdestacadas","23":"tag-titulares","24":"tag-ultimas-noticias","25":"tag-ultimasnoticias","26":"tag-world","27":"tag-world-news","28":"tag-worldnews"},"share_on_mastodon":{"url":"","error":""},"_links":{"self":[{"href":"https:\/\/www.europesays.com\/es\/wp-json\/wp\/v2\/posts\/125419","targetHints":{"allow":["GET"]}}],"collection":[{"href":"https:\/\/www.europesays.com\/es\/wp-json\/wp\/v2\/posts"}],"about":[{"href":"https:\/\/www.europesays.com\/es\/wp-json\/wp\/v2\/types\/post"}],"author":[{"embeddable":true,"href":"https:\/\/www.europesays.com\/es\/wp-json\/wp\/v2\/users\/2"}],"replies":[{"embeddable":true,"href":"https:\/\/www.europesays.com\/es\/wp-json\/wp\/v2\/comments?post=125419"}],"version-history":[{"count":0,"href":"https:\/\/www.europesays.com\/es\/wp-json\/wp\/v2\/posts\/125419\/revisions"}],"wp:featuredmedia":[{"embeddable":true,"href":"https:\/\/www.europesays.com\/es\/wp-json\/wp\/v2\/media\/125420"}],"wp:attachment":[{"href":"https:\/\/www.europesays.com\/es\/wp-json\/wp\/v2\/media?parent=125419"}],"wp:term":[{"taxonomy":"category","embeddable":true,"href":"https:\/\/www.europesays.com\/es\/wp-json\/wp\/v2\/categories?post=125419"},{"taxonomy":"post_tag","embeddable":true,"href":"https:\/\/www.europesays.com\/es\/wp-json\/wp\/v2\/tags?post=125419"}],"curies":[{"name":"wp","href":"https:\/\/api.w.org\/{rel}","templated":true}]}}