{"id":125421,"date":"2025-09-19T14:59:11","date_gmt":"2025-09-19T14:59:11","guid":{"rendered":"https:\/\/www.europesays.com\/es\/125421\/"},"modified":"2025-09-19T14:59:11","modified_gmt":"2025-09-19T14:59:11","slug":"polo-chj-pidio-mandar-el-es-alert-dos-horas-antes-de-su-envio","status":"publish","type":"post","link":"https:\/\/www.europesays.com\/es\/125421\/","title":{"rendered":"Polo (CHJ) pidi\u00f3 mandar el Es-Alert dos horas antes de su env\u00edo"},"content":{"rendered":"<p>El presidente de la Confederaci\u00f3n Hidrogr\u00e1fica del J\u00facar (CHJ), Miguel Polo, plante\u00f3 que se enviara el mensaje de alerta a la poblaci\u00f3n por la dana hacia las 18:00 del pasado 29 de octubre, es decir, <strong>m\u00e1s de dos horas antes de que lo mandara la Generalitat, a las 20:11<\/strong>. As\u00ed lo ha asegurado este viernes en su declaraci\u00f3n como testigo en la causa sobre la gesti\u00f3n de las riadas que instruye la jueza de Catarroja Nuria Ruiz Tobarra.<\/p>\n<p>Hac\u00eda referencia en ese momento a la <strong>situaci\u00f3n de la presa de Forata<\/strong>, cuyo posible desbordamiento y rotura centr\u00f3 la preocupaci\u00f3n de los primeros compases de la reuni\u00f3n del Centro de Coordinaci\u00f3n Operativa Integrado (Cecopi), en la que particip\u00f3 telem\u00e1ticamente. <strong>Esta reuni\u00f3n fue \u00abtensa\u00bb porque \u00abno se tomaban decisiones\u00bb, ha a\u00f1adido, <\/strong>y los temas se trataban \u00abcon parsimonia\u00bb<strong>, <\/strong>seg\u00fan ha podido saber RTVE. Polo, como testigo, y a diferencia de un investigado, est\u00e1 obligado a contestar a todas las preguntas y a decir la verdad.<\/p>\n<p>Tras un primer receso en el que se desconect\u00f3 a agencias del Gobierno como la CHJ, Polo recuerda que pidi\u00f3 que se mandara un mensaje porque conoc\u00eda la existencia del sistema Es-Alert. En \u00e9l, tendr\u00eda que indicarse a la poblaci\u00f3n que subiera a pisos altos. En ese momento, la entonces consellera responsable de Emergencias, <strong>Salom\u00e9 Pradas, asegur\u00f3 \u00abque no entend\u00eda por qu\u00e9 se declaraba la emergencia, que qu\u00e9 era eso\u00bb. \u00abNo d\u00e1bamos cr\u00e9dito\u00bb<\/strong>, ha relatado. <\/p>\n<p><strong>Pradas, titular de Justicia e Interior durante la dana, es la \u00fanica imputada<\/strong> en la causa que instruye Ruiz Tobarra junto a su n\u00famero dos, Emilio Arg\u00fceso. <\/p>\n<p>Pradas \u00abten\u00eda dudas de si se pod\u00edan tomar o no medidas\u00bb<\/p>\n<p>Polo ha llegado a los juzgados de Catarroja increpado por familiares de v\u00edctimas. \u00abVenir aqu\u00ed en estas condiciones no es agradable, pero nosotros no tenemos absolutamente nada que ocultar\u00bb, ha afirmado.<\/p>\n<p>Durante la declaraci\u00f3n, ha citado las palabras de Pradas en los momentos m\u00e1s cr\u00edticos de la reuni\u00f3n. \u00abRecuerdo o\u00edr a la consellera decir varias medidas. La que m\u00e1s se me qued\u00f3 fue la palabra &#8216;confinamiento'\u00bb, ha se\u00f1alado. Tambi\u00e9n ha apuntado que se le qued\u00f3 \u00abgrabado\u00bb c\u00f3mo el subdirector de Emergencias, Jorge Su\u00e1rez, le insisti\u00f3 varias veces a Pradas que <strong>\u00abla ley le ampara a tomar cualquier medida, porque ella ten\u00eda dudas de si se pod\u00edan tomar o no medidas\u00bb.<\/strong><\/p>\n<p>Tras otro receso, que dur\u00f3 una hora aproximadamente entre las 18:00 y las 19:00, Polo se dio cuenta de que <strong>todav\u00eda no se hab\u00eda enviado ning\u00fan mensaje de alerta. <\/strong>\u00ab\u00a1\u00bfPero no hab\u00e9is mandado el mensaje?!\u00bb, gritaron desde la CHJ. <\/p>\n<p>Hacia esa hora Pradas ley\u00f3 un texto y pregunt\u00f3 si le parec\u00eda bien, a lo que \u00e9l respondi\u00f3, <strong>\u00abcon el micro cerrado\u00bb, que no le parec\u00eda bien, pero que enviasen algo<\/strong>. En ese momento, asegura, se habla de enviar dos mensajes, uno a toda la provincia de Valencia y otro a las comarcas de la Ribera Alta y la Hoya de Bu\u00f1ol, a lo que desde la CHJ se indica que se a\u00f1ada tambi\u00e9n la Ribera Baixa y l&#8217;Horta Sud. <\/p>\n<p>En ese momento de la tarde Polo asegura haber recibido una llamada del secretario de Estado de Medio Ambiente, Hugo Mor\u00e1n, para preguntar \u00ab\u00bfqu\u00e9 est\u00e1 pasando?\u00bb, a lo que el presidente de la CHJ responde \u00abque ah\u00ed nadie toma ninguna decisi\u00f3n, nadie hace nada\u00bb. <\/p>\n<p>La CHJ no avis\u00f3 del Poyo porque <\/p>\n<p>A preguntas de la Fiscal\u00eda, Polo se ha referido tambi\u00e9n a la informaci\u00f3n que dio el \u00f3rgano que \u00e9l dirige sobre los cauces que se desbordaron, el principal de ellos el barranco del Poyo. <strong>La Confederaci\u00f3n Hidrogr\u00e1fica del J\u00facar no emiti\u00f3 avisos autom\u00e1ticos de su caudal entre las 16:13 y las 18:42, <\/strong>hora en la que la crecida ya era imparable. Poco despu\u00e9s, la fuerza del agua rompi\u00f3 el propio dispositivo que med\u00eda el caudal. <\/p>\n<p>Polo, preguntado por qu\u00e9 no se inform\u00f3 del caudal entre esas horas, ha afirmado que\u00a0<strong>la informaci\u00f3n \u00abno era relevante\u00a0<\/strong>porque no hab\u00eda capacidad de reacci\u00f3n a partir de esos datos\u00bb, ya incluso a las 16:00. Tambi\u00e9n ha justificado que informar de ello hubiera sido \u00abredundante\u00bb porque Emergencias dispon\u00eda de la informaci\u00f3n por otras v\u00edas.<\/p>\n","protected":false},"excerpt":{"rendered":"El presidente de la Confederaci\u00f3n Hidrogr\u00e1fica del J\u00facar (CHJ), Miguel Polo, plante\u00f3 que se enviara el mensaje de&hellip;\n","protected":false},"author":2,"featured_media":125422,"comment_status":"","ping_status":"","sticky":false,"template":"","format":"standard","meta":{"footnotes":""},"categories":[8],"tags":[17,18,25,24,13,14,11,19,20,9,10,15,16,23,12,21,22],"class_list":{"0":"post-125421","1":"post","2":"type-post","3":"status-publish","4":"format-standard","5":"has-post-thumbnail","7":"category-espana","8":"tag-breaking-news","9":"tag-breakingnews","10":"tag-es","11":"tag-espana","12":"tag-featured-news","13":"tag-featurednews","14":"tag-headlines","15":"tag-latest-news","16":"tag-latestnews","17":"tag-news","18":"tag-noticias","19":"tag-noticias-destacadas","20":"tag-noticiasdestacadas","21":"tag-spain","22":"tag-titulares","23":"tag-ultimas-noticias","24":"tag-ultimasnoticias"},"share_on_mastodon":{"url":"","error":""},"_links":{"self":[{"href":"https:\/\/www.europesays.com\/es\/wp-json\/wp\/v2\/posts\/125421","targetHints":{"allow":["GET"]}}],"collection":[{"href":"https:\/\/www.europesays.com\/es\/wp-json\/wp\/v2\/posts"}],"about":[{"href":"https:\/\/www.europesays.com\/es\/wp-json\/wp\/v2\/types\/post"}],"author":[{"embeddable":true,"href":"https:\/\/www.europesays.com\/es\/wp-json\/wp\/v2\/users\/2"}],"replies":[{"embeddable":true,"href":"https:\/\/www.europesays.com\/es\/wp-json\/wp\/v2\/comments?post=125421"}],"version-history":[{"count":0,"href":"https:\/\/www.europesays.com\/es\/wp-json\/wp\/v2\/posts\/125421\/revisions"}],"wp:featuredmedia":[{"embeddable":true,"href":"https:\/\/www.europesays.com\/es\/wp-json\/wp\/v2\/media\/125422"}],"wp:attachment":[{"href":"https:\/\/www.europesays.com\/es\/wp-json\/wp\/v2\/media?parent=125421"}],"wp:term":[{"taxonomy":"category","embeddable":true,"href":"https:\/\/www.europesays.com\/es\/wp-json\/wp\/v2\/categories?post=125421"},{"taxonomy":"post_tag","embeddable":true,"href":"https:\/\/www.europesays.com\/es\/wp-json\/wp\/v2\/tags?post=125421"}],"curies":[{"name":"wp","href":"https:\/\/api.w.org\/{rel}","templated":true}]}}