{"id":125423,"date":"2025-09-19T15:00:08","date_gmt":"2025-09-19T15:00:08","guid":{"rendered":"https:\/\/www.europesays.com\/es\/125423\/"},"modified":"2025-09-19T15:00:08","modified_gmt":"2025-09-19T15:00:08","slug":"la-uca-presente-en-la-reunion-de-los-alcaldes-de-la-provincia-para-impulsar-la-candidatura-jerez-2031-portal-uca","status":"publish","type":"post","link":"https:\/\/www.europesays.com\/es\/125423\/","title":{"rendered":"La UCA, presente en la reuni\u00f3n de los alcaldes de la provincia para impulsar la candidatura Jerez 2031 \u2013 Portal UCA"},"content":{"rendered":"<blockquote>\n<p style=\"text-align: center;\"><strong>El rector, Casimiro Mantell, subraya la importancia de \u201caunar esfuerzos\u201d y recuerda que la Universidad pone al servicio de la provincia su papel de \u201cmotor cultural, acad\u00e9mico e investigador\u201d<\/strong><\/p>\n<\/blockquote>\n<p>La Universidad de C\u00e1diz mantiene su papel activo en los actos para impulsar la candidatura de Jerez como Capital Europea de la Cultura en 2031. El rector, Casimiro Mantell, ha estado presente este viernes en la reuni\u00f3n que han mantenido los alcaldes y alcaldesas de la provincia de C\u00e1diz con el objetivo de reforzar la alianza institucional del proyecto. El encuentro lo han presidido, adem\u00e1s del rector, la alcaldesa de Jerez, Mar\u00eda Jos\u00e9 Garc\u00eda-Pelayo; la presidenta de la Diputaci\u00f3n de C\u00e1diz, Almudena Mart\u00ednez; y el presidente de la C\u00e1mara de Comercio de Jerez, Javier S\u00e1nchez Rojas.<\/p>\n<p>La cita, que ha contado con la presencia de representantes de la zona rural jerezana, se ha celebrado en la Vi\u00f1a Canariera de Gonz\u00e1lez Byass y ha servido para que la Oficina T\u00e9cnica de la Candidatura informara de los trabajos que se han realizado hasta la fecha. Adem\u00e1s, se han concretado los pasos que se dar\u00e1n en los siguientes meses y se ha indicado c\u00f3mo puede colaborar cada instituci\u00f3n con el desarrollo del proyecto.<\/p>\n<p>Casimiro Mantell ha subrayado la importancia de aunar esfuerzos en el marco de esta candidatura, destacando que \u201cla integraci\u00f3n de las propuestas culturales de los municipios de la provincia de C\u00e1diz, as\u00ed como de la zona rural jerezana, resulta fundamental tanto para la candidatura como para la alianza conjunta de conocimiento que estamos construyendo en el proceso\u201d. En esta alianza, la Universidad de C\u00e1diz \u201casume con orgullo su papel de motor cultural, acad\u00e9mico e investigador al servicio de toda la provincia\u201d.<\/p>\n<p>Este pronunciamiento se suma al ya realizado por la Universidad de C\u00e1diz durante el F\u00f3rum Jerez 2031, celebrado en el mes de julio de este a\u00f1o, donde la instituci\u00f3n particip\u00f3 activamente junto a m\u00e1s de 350 profesionales del \u00e1mbito cultural, patrimonial, educativo y creativo, y en el que ahond\u00f3 en la importancia de fomentar la unidad entre instituciones y ciudadan\u00eda para alcanzar el objetivo de que la ciudad sea, en seis a\u00f1os, Capital Europea de la Cultura.<\/p>\n","protected":false},"excerpt":{"rendered":"El rector, Casimiro Mantell, subraya la importancia de \u201caunar esfuerzos\u201d y recuerda que la Universidad pone al servicio&hellip;\n","protected":false},"author":2,"featured_media":125424,"comment_status":"","ping_status":"","sticky":false,"template":"","format":"standard","meta":{"footnotes":""},"categories":[5],"tags":[17,18,25,24,13,14,11,19,20,9,10,15,16,23,12,21,22],"class_list":{"0":"post-125423","1":"post","2":"type-post","3":"status-publish","4":"format-standard","5":"has-post-thumbnail","7":"category-titulares","8":"tag-breaking-news","9":"tag-breakingnews","10":"tag-es","11":"tag-espana","12":"tag-featured-news","13":"tag-featurednews","14":"tag-headlines","15":"tag-latest-news","16":"tag-latestnews","17":"tag-news","18":"tag-noticias","19":"tag-noticias-destacadas","20":"tag-noticiasdestacadas","21":"tag-spain","22":"tag-titulares","23":"tag-ultimas-noticias","24":"tag-ultimasnoticias"},"share_on_mastodon":{"url":"","error":""},"_links":{"self":[{"href":"https:\/\/www.europesays.com\/es\/wp-json\/wp\/v2\/posts\/125423","targetHints":{"allow":["GET"]}}],"collection":[{"href":"https:\/\/www.europesays.com\/es\/wp-json\/wp\/v2\/posts"}],"about":[{"href":"https:\/\/www.europesays.com\/es\/wp-json\/wp\/v2\/types\/post"}],"author":[{"embeddable":true,"href":"https:\/\/www.europesays.com\/es\/wp-json\/wp\/v2\/users\/2"}],"replies":[{"embeddable":true,"href":"https:\/\/www.europesays.com\/es\/wp-json\/wp\/v2\/comments?post=125423"}],"version-history":[{"count":0,"href":"https:\/\/www.europesays.com\/es\/wp-json\/wp\/v2\/posts\/125423\/revisions"}],"wp:featuredmedia":[{"embeddable":true,"href":"https:\/\/www.europesays.com\/es\/wp-json\/wp\/v2\/media\/125424"}],"wp:attachment":[{"href":"https:\/\/www.europesays.com\/es\/wp-json\/wp\/v2\/media?parent=125423"}],"wp:term":[{"taxonomy":"category","embeddable":true,"href":"https:\/\/www.europesays.com\/es\/wp-json\/wp\/v2\/categories?post=125423"},{"taxonomy":"post_tag","embeddable":true,"href":"https:\/\/www.europesays.com\/es\/wp-json\/wp\/v2\/tags?post=125423"}],"curies":[{"name":"wp","href":"https:\/\/api.w.org\/{rel}","templated":true}]}}