{"id":125425,"date":"2025-09-19T15:01:08","date_gmt":"2025-09-19T15:01:08","guid":{"rendered":"https:\/\/www.europesays.com\/es\/125425\/"},"modified":"2025-09-19T15:01:08","modified_gmt":"2025-09-19T15:01:08","slug":"el-santamaria-se-viste-de-gala-para-el-debut-liguero-del-sanicentro-balonmano-guadalajara","status":"publish","type":"post","link":"https:\/\/www.europesays.com\/es\/125425\/","title":{"rendered":"El Santamar\u00eda se viste de gala para el debut liguero del Sanicentro Balonmano Guadalajara"},"content":{"rendered":"<p><strong>El conjunto alcarre\u00f1o afronta este domingo su primer partido en casa en la Liga NEXUS ENERG\u00cdA ASOBAL, con el objetivo de estrenar su casillero de puntos ante el Horneo E\u00d3N Alicante y cerrar las Ferias y Fiestas por todo lo alto<\/strong><\/p>\n<p>\u00a0<\/p>\n<p>La m\u00e1xima categor\u00eda del balonmano espa\u00f1ol aterriza este domingo en el David Santamar\u00eda. El Sanicentro Balonmano Guadalajara recibe al Horneo E\u00d3N Alicante (20:30 h) en su estreno como local esta temporada, un encuentro que llega con la ilusi\u00f3n de sumar los dos primeros puntos del curso y regalar un triunfo a su afici\u00f3n en plena semana grande de la ciudad.<\/p>\n<p>\u00a0<\/p>\n<p>Despu\u00e9s de rozar la sorpresa en la jornada inaugural en Logro\u00f1o \u2014donde los de Juan Carlos Requena compitieron de t\u00fa a t\u00fa hasta el tramo final\u2014, el equipo conf\u00eda en dar un paso adelante en el juego y transformar las buenas sensaciones en resultados. \u201cSi repetimos el nivel mostrado en Logro\u00f1o, tendremos opciones reales de ganar\u201d, afirmaba el t\u00e9cnico en la previa, subrayando la importancia de mejorar los duelos individuales para marcar la diferencia.<\/p>\n<p>\u00a0<\/p>\n<p>El rival, dirigido por Fernando Latorre, presenta un bloque muy renovado y peligroso, con refuerzos de nivel como James Lewis Parker, Ander Torrico o Darko Dimitrievski. Requena no escatima en elogios: \u201cEs un equipo vers\u00e1til, que cambia mucho sus sistemas y te obliga a preparar muchos escenarios distintos\u201d. Aun as\u00ed, conf\u00eda en que el factor cancha y el aliento de un Santamar\u00eda que promete gran ambiente sean determinantes para doblegar al conjunto alicantino.<\/p>\n<p>\u00a0<\/p>\n<p>Uno de los protagonistas ser\u00e1 Diego Vera, pivote llegado este verano precisamente desde Alicante, que dej\u00f3 buenas sensaciones en su debut y espera dar un paso m\u00e1s en su adaptaci\u00f3n: \u201cTodav\u00eda me falta afinar detalles f\u00edsicos y t\u00e1cticos, pero con la ayuda del cuerpo t\u00e9cnico y los compa\u00f1eros voy a seguir creciendo\u201d.<\/p>\n<p>\u00a0<\/p>\n<p>Con toda la plantilla disponible y el pabell\u00f3n listo para la gran cita, el Sanicentro BM Guadalajara aspira a cerrar las Ferias con la primera victoria de la temporada. La afici\u00f3n, ilusionada, ya espera te\u00f1ir de morado el Santamar\u00eda.<\/p>\n","protected":false},"excerpt":{"rendered":"El conjunto alcarre\u00f1o afronta este domingo su primer partido en casa en la Liga NEXUS ENERG\u00cdA ASOBAL, con&hellip;\n","protected":false},"author":2,"featured_media":125426,"comment_status":"","ping_status":"","sticky":false,"template":"","format":"standard","meta":{"footnotes":""},"categories":[278],"tags":[376,168,25,24,375,23440,37627,23,167],"class_list":{"0":"post-125425","1":"post","2":"type-post","3":"status-publish","4":"format-standard","5":"has-post-thumbnail","7":"category-balonmano","8":"tag-balonmano","9":"tag-deportes","10":"tag-es","11":"tag-espana","12":"tag-handball","13":"tag-liga-plenitude-asobal","14":"tag-sanicentro-balonmano-guadalajara","15":"tag-spain","16":"tag-sports"},"share_on_mastodon":{"url":"","error":""},"_links":{"self":[{"href":"https:\/\/www.europesays.com\/es\/wp-json\/wp\/v2\/posts\/125425","targetHints":{"allow":["GET"]}}],"collection":[{"href":"https:\/\/www.europesays.com\/es\/wp-json\/wp\/v2\/posts"}],"about":[{"href":"https:\/\/www.europesays.com\/es\/wp-json\/wp\/v2\/types\/post"}],"author":[{"embeddable":true,"href":"https:\/\/www.europesays.com\/es\/wp-json\/wp\/v2\/users\/2"}],"replies":[{"embeddable":true,"href":"https:\/\/www.europesays.com\/es\/wp-json\/wp\/v2\/comments?post=125425"}],"version-history":[{"count":0,"href":"https:\/\/www.europesays.com\/es\/wp-json\/wp\/v2\/posts\/125425\/revisions"}],"wp:featuredmedia":[{"embeddable":true,"href":"https:\/\/www.europesays.com\/es\/wp-json\/wp\/v2\/media\/125426"}],"wp:attachment":[{"href":"https:\/\/www.europesays.com\/es\/wp-json\/wp\/v2\/media?parent=125425"}],"wp:term":[{"taxonomy":"category","embeddable":true,"href":"https:\/\/www.europesays.com\/es\/wp-json\/wp\/v2\/categories?post=125425"},{"taxonomy":"post_tag","embeddable":true,"href":"https:\/\/www.europesays.com\/es\/wp-json\/wp\/v2\/tags?post=125425"}],"curies":[{"name":"wp","href":"https:\/\/api.w.org\/{rel}","templated":true}]}}