{"id":125427,"date":"2025-09-19T15:03:24","date_gmt":"2025-09-19T15:03:24","guid":{"rendered":"https:\/\/www.europesays.com\/es\/125427\/"},"modified":"2025-09-19T15:03:24","modified_gmt":"2025-09-19T15:03:24","slug":"ya-hay-fecha-para-el-debut-de-alexandre-topuria-en-la-ufc","status":"publish","type":"post","link":"https:\/\/www.europesays.com\/es\/125427\/","title":{"rendered":"Ya hay fecha para el debut de Alexandre Topuria en la UFC"},"content":{"rendered":"<p><b>Es oficial. Aleksandre Topuria se acaba de convertir en nuevo peleador de la UFC<\/b>, la mayor compa\u00f1\u00eda de Artes Marciales Mixtas del mundo. El hispano-georgiano, hermano del campe\u00f3n del peso pluma debutar\u00e1 en la UFC despu\u00e9s de varios meses de especulaciones con su posible rival y la fecha de estreno.<\/p>\n<p><b>El mayor de los Topuria comenzar\u00e1 su andadura en el peso ligero, una divisi\u00f3n muy competitiva<\/b> y en la que el campe\u00f3n, Islam Makhachev, se ha instalado como uno de los mejores de la historia. Aleksandre tratar\u00e1 de seguir los pasos de su hermano y hacer historia.<\/p>\n<p>El debut Aleksandre Topuria<\/p>\n<p>El hispano-georgiano (5-1) <b>debutar\u00e1 el pr\u00f3ximo 9 de febrero en Australia en el UFC 312 ante Cody Haddon (8-1)<\/b>, por lo que restan pocos d\u00edas para que comience su campamento de preparaci\u00f3n. Un campamento en el que por supuesto estar\u00e1 <a title=\"Ilia Topuria\" href=\"https:\/\/www.larazon.es\/deportes\/ilia-topuria-rey-peso-pluma_20241027671e71a12914190001e31d0b.html\" target=\"_blank\" rel=\"nofollow noopener\">Ilia Topuria<\/a>, que ayudar\u00e1 a su hermano a preparar el combate, al igual que Aleksandre hizo lo propio meses atr\u00e1s.<\/p>\n<p>La cuenta oficial de la UFC en Australia ha publicado un v\u00eddeo donde se puede ver un mensaje de Cody Haddon, el pr\u00f3ximo rival de los Topuria, asegurando que la pelea ser\u00e1 un bombazo: \u00ab<b>Estar\u00e9 peleando en Sidney en el UFC 312 contra Aleksandre Topuria en UFC 312. Estoy muy emocionado. \u00a1Va a ser un bombazo!<\/b>\u00ab, afirmaba el peleador.<\/p>\n<p><a title=\"La pelea formar\u00e1 parte de la cartelera preliminar del evento numerado\" href=\"https:\/\/www.ufcespanol.com\/event\/ufc-312\" target=\"_blank\" rel=\"nofollow noopener\">La pelea formar\u00e1 parte de la cartelera preliminar del evento numerado<\/a><b>encabezado por Dricus Du Plessis y Sean Strickland<\/b>, y donde se disputar\u00e1 el campeonato por el peso medio que actualmente sostiene el peleador sudafricano.<\/p>\n<p>Una pelea que se ha retrasado m\u00e1s de lo esperado<\/p>\n<p>A pesar de haberse confirmado la pelea, <b>el debut de Aleksandre Topuria estaba programado para mucho antes<\/b>. Seg\u00fan ha podido confirmar en una entrevista para Eurosport, <b>el hispano-georgiano ten\u00eda previsto realizar su primera pelea en la <\/b><a title=\"promotora estadounidense\" href=\"https:\/\/www.larazon.es\/deportes\/quien-dana-white-presidente-ufc-que-celebrado-victoria-junto-trump-esto-karma-caballeros_20241106672b340d759afe00014ac58a.html\" target=\"_blank\" rel=\"nofollow noopener\"><b>promotora estadounidense<\/b><\/a><b> a principios de 2024<\/b>. Sin embargo, el triunfo de su hermano en el peso pluma, arrebatando el cintur\u00f3n a Alexander Volkanovski cambi\u00f3 los planes.<\/p>\n<p>Su debut se retras\u00f3, con el objetivo de centrar todos los esfuerzos en la carrera de Ilia, que se convirti\u00f3 en el primero en derrotar a Volkanovski en el peso pluma dentro de la UFC.<\/p>\n<p>\u00abLa pelea se iba a dar desde principios de 2024. Mis planes eran un poco diferentes, pero cuando tu hermano gana el cintur\u00f3n mundial, es lo que hay\u00bb, explic\u00f3 el peso gallo.<\/p>\n<p>\u00abMis planes era entrar en la UFC, hacer unas peleas m\u00e1s. Ten\u00eda la UFC a las puertas, y si est\u00e1 aqu\u00ed, \u00bfqu\u00e9 voy a decir? Ganar un poco m\u00e1s dinero, pelear en la jaula m\u00e1s grande, en la liga m\u00e1s grande del mundo. \u00bfPor qu\u00e9 desaprovechar esta oportunidad? Mi carrera no ha ido como la de todos los dem\u00e1s, otros peleadores han podido centrarse en s\u00ed mismos. <b>Yo he estado con mi hermano, y tuve una charla con \u00e9l para aplazar mi pelea, porque necesit\u00e1bamos plena concentraci\u00f3n en \u00e9l. Porque iba a pelear por el cintur\u00f3n y eso nos iba a abrir la puerta a \u00e9l y a m\u00ed tambi\u00e9n<\/b>\u00ab, afirmaba Aleksandre Topuria durante la entrevista.<\/p>\n<p>Un inicio en la compa\u00f1\u00eda&#8230; ante un rival nada sencillo<\/p>\n<p>El peleador hispano-georgiano tendr\u00e1 la oportunidad de deslumbrar al mundo entero como lo hizo su hermano, pero no lo tendr\u00e1 f\u00e1cil. Varios son los motivos que se pueden volver en contra de Aleksandre. Por un lado, <b>debutar\u00e1 ante un rival que ya lo ha hecho en la UFC, y lo har\u00e1 en su pa\u00eds, con todo el p\u00fablico en contra<\/b>. Cody Haddon, de 26 a\u00f1os, es uno de los grandes peleadores que tiene Australia, y buscar\u00e1 seguir con su invicto dentro de la compa\u00f1\u00eda.<\/p>\n<p><img decoding=\"async\" loading=\"lazy\" src=\"https:\/\/www.europesays.com\/es\/wp-content\/uploads\/2025\/09\/aleksandre-topuria-ufc_58.jpg\" alt=\"Aleksandre Topuria, UFC\" width=\"1248\" height=\"698\"\/><b>Aleksandre Topuria, UFC<\/b>Agencia AP<\/p>\n<p>Por otro lado, <b>un factor que puede jugar una mala pasada es el \u00abhype\u00bb creador a su alrededor<\/b>. El ansiado deseo de su llegada a la compa\u00f1\u00eda y el peso de su apellido hacen que los aficionados esperen un gran desempe\u00f1o de Aleksandre. A pesar de que en la familia Topuria parece no existir la palabra \u00abpresi\u00f3n\u00bb, <b>sin duda las expectativas generadas pueden ser determinantes para que el p\u00fablico mantenga las ganas de ver al hispano-georgiano volver a subirse a la jaula<\/b>.<\/p>\n<p>Pelear\u00e1 en las 155 libras&#8230; donde Ilia pretende instalarse<\/p>\n<p>Existe una gran inc\u00f3gnita con la llegada de Aleksandre Topuria a la divisi\u00f3n del peso ligero.<b> Y es que tal y como confirm\u00f3 Ilia hace unas semanas, su intenci\u00f3n es la de subir a las 155 libras<\/b> y luchar por el cintur\u00f3n.<\/p>\n<p>Sin embargo, la llegada de Aleksandre podr\u00eda cambiar los planes. <b>Parece poco probable que ambos quieran enfrentarse en una hipot\u00e9tica pelea en un futuro<\/b>, y por los \u00faltimos rumores, parece que la revancha entre Ilia Topuria y Alexander Volkanovski en las 145 libras ser\u00e1 una realidad.<\/p>\n<p>Llegan las primeras predicciones<\/p>\n<p>A falta de menos de un mes para el debut, <b>las primeras predicciones se empiezan a suceder<\/b>. En este caso, \u00c1lvaro Colmenero, uno de los periodistas m\u00e1s reconocidos dentro de la MMA en Espa\u00f1a, <b>vaticina la victoria de Aleksandre v\u00eda finalizaci\u00f3n<\/b>.<\/p>\n<p>Por el momento, se desconoce cu\u00e1l ser\u00e1 el paso del mayor de los Topuria por la UFC,<b> pero lo que est\u00e1 claro es que el hispano-georgiano tratar\u00e1 de no decepcionar a nadie.<\/b><\/p>\n","protected":false},"excerpt":{"rendered":"Es oficial. Aleksandre Topuria se acaba de convertir en nuevo peleador de la UFC, la mayor compa\u00f1\u00eda de&hellip;\n","protected":false},"author":2,"featured_media":125428,"comment_status":"","ping_status":"","sticky":false,"template":"","format":"standard","meta":{"footnotes":""},"categories":[276],"tags":[168,25,24,23,167,343],"class_list":{"0":"post-125427","1":"post","2":"type-post","3":"status-publish","4":"format-standard","5":"has-post-thumbnail","7":"category-ufc","8":"tag-deportes","9":"tag-es","10":"tag-espana","11":"tag-spain","12":"tag-sports","13":"tag-ufc"},"share_on_mastodon":{"url":"","error":""},"_links":{"self":[{"href":"https:\/\/www.europesays.com\/es\/wp-json\/wp\/v2\/posts\/125427","targetHints":{"allow":["GET"]}}],"collection":[{"href":"https:\/\/www.europesays.com\/es\/wp-json\/wp\/v2\/posts"}],"about":[{"href":"https:\/\/www.europesays.com\/es\/wp-json\/wp\/v2\/types\/post"}],"author":[{"embeddable":true,"href":"https:\/\/www.europesays.com\/es\/wp-json\/wp\/v2\/users\/2"}],"replies":[{"embeddable":true,"href":"https:\/\/www.europesays.com\/es\/wp-json\/wp\/v2\/comments?post=125427"}],"version-history":[{"count":0,"href":"https:\/\/www.europesays.com\/es\/wp-json\/wp\/v2\/posts\/125427\/revisions"}],"wp:featuredmedia":[{"embeddable":true,"href":"https:\/\/www.europesays.com\/es\/wp-json\/wp\/v2\/media\/125428"}],"wp:attachment":[{"href":"https:\/\/www.europesays.com\/es\/wp-json\/wp\/v2\/media?parent=125427"}],"wp:term":[{"taxonomy":"category","embeddable":true,"href":"https:\/\/www.europesays.com\/es\/wp-json\/wp\/v2\/categories?post=125427"},{"taxonomy":"post_tag","embeddable":true,"href":"https:\/\/www.europesays.com\/es\/wp-json\/wp\/v2\/tags?post=125427"}],"curies":[{"name":"wp","href":"https:\/\/api.w.org\/{rel}","templated":true}]}}