{"id":125431,"date":"2025-09-19T15:05:20","date_gmt":"2025-09-19T15:05:20","guid":{"rendered":"https:\/\/www.europesays.com\/es\/125431\/"},"modified":"2025-09-19T15:05:20","modified_gmt":"2025-09-19T15:05:20","slug":"los-hombres-lo-hacen-todo-el-tiempo-por-que-yo-no","status":"publish","type":"post","link":"https:\/\/www.europesays.com\/es\/125431\/","title":{"rendered":"Los hombres lo hacen todo el tiempo, \u00bfpor qu\u00e9 yo no?"},"content":{"rendered":"<p id=\"el0vNmnWas\" data-wc=\"85\">Si lo que quer\u00eda Brooks Nader es que se hablara de ella, no hay duda de que lo est\u00e1 consiguiendo. De un d\u00eda para otro, la modelo de Sports Illustrated <a class=\"hm-link ho-link\" href=\"https:\/\/www.hola.com\/actualidad\/20250911855162\/brooks-nader-pistas-relacion-carlos-alcaraz\/\" data-mrf-recirculation=\"article-body-link\" rel=\"nofollow noopener\" target=\"_blank\">se ha convertido en noticia<\/a>, acaparando titulares en medios de todo el mundo y haci\u00e9ndose viral en las redes sociales por <strong>su relaci\u00f3n con Carlos Alcaraz<\/strong>. Sin embargo, parece que su vida amorosa va a seguir dando que hablar, ya que en su coraz\u00f3n podr\u00eda haber m\u00e1s de un hombre. Concretamente, m\u00e1s de un tenista.<\/p>\n<p> <img src=\"https:\/\/www.europesays.com\/es\/wp-content\/uploads\/2025\/09\/b6c5a22677fc-gettyimages-2222529805-1.jpg\"   width=\"1080\" height=\"1080\" loading=\"lazy\" decoding=\"async\" alt=\"Brooks Nader en la boda Jeff Bezos y Lauren Sanchez en Venecia el 27 de junio de 2025\" fetchpriority=\"auto\" class=\"image ho-image\"\/>\u00a9 Getty Images<\/p>\n<p id=\"e3Rv8ciAcA\" data-wc=\"69\">Hay que recordar que, d\u00edas antes de que su hermana confirmara su relaci\u00f3n Alcaraz, <strong>la modelo fue relacionada con el tenista italiano Jannik Sinner<\/strong>, quien, curiosidades de la vida, <a class=\"hm-link ho-link\" href=\"https:\/\/www.hola.com\/actualidad\/20250908854378\/carlos-alcaraz-celebracion-ganar-us-open-lagrimas-emocion-champan\/\" data-mrf-recirculation=\"article-body-link\" rel=\"nofollow noopener\" target=\"_blank\">perdi\u00f3 la final del US Open contra el jugador espa\u00f1ol<\/a>. Despu\u00e9s, salt\u00f3 a la prensa internacional su romance con el n\u00famero 1 del mundo y esos rumores quedaron en un segundo plano, pero ahora hemos sabido que podr\u00edan ser ciertos.<\/p>\n<p> <img src=\"https:\/\/www.europesays.com\/es\/wp-content\/uploads\/2025\/09\/fcbd8942ca8f-gettyimages-2234195389.jpg\"   width=\"1080\" height=\"1080\" loading=\"lazy\" decoding=\"async\" alt=\"Carlos Alcaraz vence a Jannik Sinner y gana el US Open en Nueva York el 7 de septiembre de 2025\" fetchpriority=\"auto\" class=\"image ho-image\"\/>\u00a9 Getty ImagesJannik Sinner y Carlos Alcaraz en la final del Us Open en Nueva York el 7 de septiembre<br \/>\nSu respuesta que se ha hecho viral<\/p>\n<p id=\"eIVuhiseum\" data-wc=\"63\">Lo ha deslizado la propia Brooks en el programa de televisi\u00f3n Watch What Happens Live\u00a0al que ha acudido esta semana como invitada. El presentador Andy Cohen, consciente de todo lo que se ha publicado sobre ella y de que es la chica del momento, no dud\u00f3 en <strong>preguntarle directamente sobre este tri\u00e1ngulo amoroso<\/strong>, y la respuesta de ella fue cuanto menos curiosa.<\/p>\n<p> <img src=\"https:\/\/www.europesays.com\/es\/wp-content\/uploads\/2025\/09\/85905c7f9967-saveclipapp549292564185258963890386453735314860673098410n.jpg\"   width=\"1024\" height=\"963\" loading=\"lazy\" decoding=\"async\" alt=\"Brooks Nader\" fetchpriority=\"auto\" class=\"image ho-image\"\/>\u00a9 brooksnader<\/p>\n<p id=\"ejZ_B19RriP\" data-wc=\"71\">\u00abYo s\u00f3lo digo que <strong>una dama nunca besa y luego lo cuenta, especialmente dos veces<\/strong>. Eso no est\u00e1 bien&#8230;\u00bb, dijo. \u00ab<strong>Especialmente no a su otro novio<\/strong>\u00ab, a\u00f1adi\u00f3 su hermana peque\u00f1a Grace Ann, que se encontraba entre el p\u00fablico, y consigui\u00f3 dejarla sin palabras y con la boca abierta. \u00abMmmm&#8230; eh&#8230; Se me ha olvidado la pregunta\u00bb, dijo algo desconcertada y sin poder creerse la &#8216;bomba&#8217; que acababa de soltar su hermana.<\/p>\n<p> <img src=\"https:\/\/www.europesays.com\/es\/wp-content\/uploads\/2025\/09\/15a20b75b8c0-screenshot1.jpg\"   width=\"1024\" height=\"832\" loading=\"lazy\" decoding=\"async\" alt=\"Brooks Nader\" fetchpriority=\"auto\" class=\"image ho-image\"\/>\u00a9 Whatch What Happens Live with Andy Cohen<\/p>\n<p id=\"eReoShUxEhH\" data-wc=\"101\">\u00abLa pregunta es: <strong>\u00bfEs verdad que has estado saliendo con los dos a la vez? \u00bfellos lo sab\u00edan?<\/strong>\u00ab, insiti\u00f3 el conductor estadounidense. \u00ab&#8216;Salir&#8217; es un t\u00e9rmino un poco impreciso hoy en d\u00eda. Es que\u2026 no s\u00e9\u00bb, dijo con tono p\u00edcaro. \u00abLo que quiero decir es que los hombres lo hacen todo el tiempo, as\u00ed que \u00bfpor qu\u00e9 yo no? No lo entiendo\u00bb, contest\u00f3 ante el aplauso y los gritos de todos, que la ovacionaron. Incluso choc\u00f3 su mano con la del presentador, que termin\u00f3 levant\u00e1ndose de la silla para aplaudirla mientras ella repet\u00eda: \u00ab\u00a1<strong>Es que no lo entiendo, lo hacen constantemente<\/strong>!\u00bb. \u00a0<\/p>\n<p> <img src=\"https:\/\/www.europesays.com\/es\/wp-content\/uploads\/2025\/09\/34ef5b801c5a-screenshot2-1.jpg\"   width=\"1024\" height=\"876\" loading=\"lazy\" decoding=\"async\" alt=\"Brooks Nader\" fetchpriority=\"auto\" class=\"image ho-image\"\/>\u00a9 Whatch What Happens Live with Andy Cohen<\/p>\n<p id=\"eMFvgfsiiia\" data-wc=\"68\">El culebr\u00f3n \u00abNader-Alcaraz-Sinner\u00bb sigue dando titulares y lo cierto es que <a class=\"hm-link ho-link\" href=\"https:\/\/www.hola.com\/actualidad\/20250911855162\/brooks-nader-pistas-relacion-carlos-alcaraz\/\" data-mrf-recirculation=\"article-body-link\" rel=\"nofollow noopener\" target=\"_blank\">vimos las pistas<\/a> que la concursante de Dancing with the Stars dio sobre su relaci\u00f3n con el tenista espa\u00f1ol, pero tambi\u00e9n hab\u00eda detalles sobre el italiano. Ahora cobrar\u00eda sentido las declaraciones que hizo su hermana, asegurando que Brooks <strong>estaba viendo a alguien \u00abcuyo nombre rima con &#8216;winner&#8217;<\/strong> (ganador)\u00bb. Ella lo dijo claro, pero nadie se dio cuenta&#8230;<\/p>\n<p> <img src=\"https:\/\/www.europesays.com\/es\/wp-content\/uploads\/2025\/09\/8e3feb0239f8-saveclipapp549959526185258963350386454232864067509430391n.jpg\"   width=\"749\" height=\"1024\" loading=\"lazy\" decoding=\"async\" alt=\"Brooks Nader\" fetchpriority=\"auto\" class=\"image ho-image\"\/>\u00a9 brooksnader<br \/>\nSiempre quiso ser una estrella<\/p>\n<p id=\"ePtGj3sziv\" data-wc=\"106\">La modelo, que protagoniza el reality Love Thy Nader, que se emite en la plataforma Hulu, est\u00e1 feliz con la exposici\u00f3n medi\u00e1tica que est\u00e1 teniendo. Y es que lleva mucho tiempo querido dar el salto al estrellato. \u00ab<strong>Me cautivaba much\u00edsimo todo ese mundo de Hollywood, el brillo, el glamour, las alfombras rojas<\/strong>&#8230;\u00bb, reconoci\u00f3 en una entrevista que concedi\u00f3 a Us Weekly el pasado mes de agosto. \u00abRecuerdo ir al supermercado y mi madre se volv\u00eda loca porque no me encontraba, pero yo estaba en un rinc\u00f3n leyendo todas las revistas y pensando lo incre\u00edble que era. Siento que, de alguna manera, lo manifest\u00e9 desde muy peque\u00f1a\u00bb.\u00a0<\/p>\n<p> <img src=\"https:\/\/www.europesays.com\/es\/wp-content\/uploads\/2025\/09\/01c58cbe8118-gettyimages-2230544807-2.jpg\"   width=\"811\" height=\"1024\" loading=\"lazy\" decoding=\"async\" alt=\"Brooks Nader en un evento en Monterey, California, el 16 de agosto de 2025\" fetchpriority=\"auto\" class=\"image ho-image\"\/>\u00a9 Getty Images<\/p>\n<p id=\"eqRqCTlIf6\" data-wc=\"71\">Asimismo, una fuente cercana a la estrella televisiva confesaba que Nader est\u00e1 haciendo todo lo posible por ser el foco de atenci\u00f3n para impulsar tanto su perfil p\u00fablico como su reality. \u00abLa agenda de Brooks ahora es aparecer en todo tipo de historias y dramas, porque est\u00e1 enfocada en que su programa tenga \u00e9xito y la sigan considerando como <strong>una figura emergente del mundo del entretenimiento<\/strong> \u201d, puntualiz\u00f3 la citada fuente.<\/p>\n<p> \u00a0<img src=\"https:\/\/www.europesays.com\/es\/wp-content\/uploads\/2025\/09\/8858a5fa2f95-gettyimages-2206329228.jpg\"   width=\"703\" height=\"1024\" loading=\"lazy\" decoding=\"async\" alt=\"Brooks Nader en un evento en Los Angeles en marzo de 2025\" fetchpriority=\"auto\" class=\"image ho-image\"\/>\u00a9 Getty Images<\/p>\n<p id=\"ely-B5HuWS\" data-wc=\"76\">Y lo cierto es que as\u00ed est\u00e1 siendo, ya que durante estas \u00faltimas semanas la modelo ha asistido a un sinf\u00edn de eventos. Brooks ha demostrado que <strong>su imagen resulta especialmente atractiva para las marcas<\/strong>, que la eligen como embajadora por su estilo y capacidad de generar contenido tanto en redes sociales como en los grandes eventos internacionales. Sin duda, ha conseguido su objetivo: convertirse en la chica del momento y que todos hablen de ella.<\/p>\n<p>  <img src=\"https:\/\/www.europesays.com\/es\/wp-content\/uploads\/2025\/09\/8e7921bd42bf-gettyimages-2234737076-2.jpg\"   width=\"1080\" height=\"1800\" loading=\"lazy\" decoding=\"async\" alt=\"Brooks Nader en el desfile Raising Cane's Fashion Show en The Standard High Line en Nueva York, el 10 de septiembre de 2025\" fetchpriority=\"auto\" class=\"image ho-image\"\/>\u00a9 Getty Images<\/p>\n<p>  <img src=\"https:\/\/www.europesays.com\/es\/wp-content\/uploads\/2025\/09\/1f7aa8804890-dlu590855018.jpg\"   width=\"1080\" height=\"1800\" loading=\"lazy\" decoding=\"async\" alt=\"Brooks Nader en un evento en Nueva York el 13 de septiembre de 2025\" fetchpriority=\"auto\" class=\"image ho-image\"\/>\u00a9 GTRES<\/p>\n","protected":false},"excerpt":{"rendered":"Si lo que quer\u00eda Brooks Nader es que se hablara de ella, no hay duda de que lo&hellip;\n","protected":false},"author":2,"featured_media":125432,"comment_status":"","ping_status":"","sticky":false,"template":"","format":"standard","meta":{"footnotes":""},"categories":[274],"tags":[517,545,168,25,24,23,167,327,326],"class_list":{"0":"post-125431","1":"post","2":"type-post","3":"status-publish","4":"format-standard","5":"has-post-thumbnail","7":"category-tenis","8":"tag-actualidad","9":"tag-carlos-alcaraz","10":"tag-deportes","11":"tag-es","12":"tag-espana","13":"tag-spain","14":"tag-sports","15":"tag-tenis","16":"tag-tennis"},"share_on_mastodon":{"url":"","error":""},"_links":{"self":[{"href":"https:\/\/www.europesays.com\/es\/wp-json\/wp\/v2\/posts\/125431","targetHints":{"allow":["GET"]}}],"collection":[{"href":"https:\/\/www.europesays.com\/es\/wp-json\/wp\/v2\/posts"}],"about":[{"href":"https:\/\/www.europesays.com\/es\/wp-json\/wp\/v2\/types\/post"}],"author":[{"embeddable":true,"href":"https:\/\/www.europesays.com\/es\/wp-json\/wp\/v2\/users\/2"}],"replies":[{"embeddable":true,"href":"https:\/\/www.europesays.com\/es\/wp-json\/wp\/v2\/comments?post=125431"}],"version-history":[{"count":0,"href":"https:\/\/www.europesays.com\/es\/wp-json\/wp\/v2\/posts\/125431\/revisions"}],"wp:featuredmedia":[{"embeddable":true,"href":"https:\/\/www.europesays.com\/es\/wp-json\/wp\/v2\/media\/125432"}],"wp:attachment":[{"href":"https:\/\/www.europesays.com\/es\/wp-json\/wp\/v2\/media?parent=125431"}],"wp:term":[{"taxonomy":"category","embeddable":true,"href":"https:\/\/www.europesays.com\/es\/wp-json\/wp\/v2\/categories?post=125431"},{"taxonomy":"post_tag","embeddable":true,"href":"https:\/\/www.europesays.com\/es\/wp-json\/wp\/v2\/tags?post=125431"}],"curies":[{"name":"wp","href":"https:\/\/api.w.org\/{rel}","templated":true}]}}