{"id":125433,"date":"2025-09-19T15:06:08","date_gmt":"2025-09-19T15:06:08","guid":{"rendered":"https:\/\/www.europesays.com\/es\/125433\/"},"modified":"2025-09-19T15:06:08","modified_gmt":"2025-09-19T15:06:08","slug":"tras-18-000-km-y-64-dias-un-ciclista-estaba-rozando-una-gesta-historica-el-problema-es-que-la-meta-estaba-en-rusia","status":"publish","type":"post","link":"https:\/\/www.europesays.com\/es\/125433\/","title":{"rendered":"Tras 18.000 km y 64 d\u00edas, un ciclista estaba rozando una gesta hist\u00f3rica. El problema es que la meta estaba en Rusia"},"content":{"rendered":"<p>La historia del deporte est\u00e1 plagada de <a class=\"text-outboundlink\" href=\"https:\/\/www.xataka.com\/historia-tecnologica\/una-hora-una-bici-y-un-ciclista-o-como-romper-barreras-tecnologicas-en-el-record-de-la-hora\" data-vars-post-title=\"Una hora, una bici y un ciclista: o c\u00f3mo romper barreras tecnol\u00f3gicas en el R\u00e9cord de la Hora\" data-vars-post-url=\"https:\/\/www.xataka.com\/historia-tecnologica\/una-hora-una-bici-y-un-ciclista-o-como-romper-barreras-tecnologicas-en-el-record-de-la-hora\" rel=\"nofollow noopener\" target=\"_blank\">heroicidades y r\u00e9cords<\/a> que parecen imposibles de batir. Tambi\u00e9n de momentos de gran crueldad, donde el deportista de \u00e9lite \u201cmuere\u201d en la orilla, a apenas unos segundos, metros o incluso cent\u00edmetros de la gloria. Por eso, el relato de un ciclista franc\u00e9s que ha estado tan cerca de coronarse con <a rel=\"noopener, noreferrer nofollow\" href=\"https:\/\/www.followmychallenge.com\/live\/sofiane-eurasia\/?lat=44.070125&amp;lng=130.328004&amp;z=6.64&amp;b=0&amp;p=0\" target=\"_blank\">una gesta hist\u00f3rica<\/a> est\u00e1 siendo noticia estos d\u00edas.\u00a0<\/p>\n<p>A <a rel=\"noopener, noreferrer nofollow\" href=\"https:\/\/www.youtube.com\/@sofianeshl\/videos\" target=\"_blank\">Sofiane Sehili<\/a>, de 44 a\u00f1os, solo le faltaba Rusia, y ah\u00ed sigue.<\/p>\n<p><strong>Un viaje \u00e9pico interrumpido. <\/strong>Como dec\u00edamos, <a rel=\"noopener, noreferrer nofollow\" href=\"https:\/\/www.youtube.com\/@sofianeshl\/videos\" target=\"_blank\">Sofiane<\/a> estaba a nada de coronarse en los <a rel=\"noopener, noreferrer nofollow\" href=\"https:\/\/sofianesehili.com\/about\/\" target=\"_blank\">libros de historia<\/a>: nada menos que recorrer en bicicleta, sin asistencia, 17 pa\u00edses desde Cabo dan Roca en Portugal hasta Vladivostok en el extremo oriental de Rusia en apenas 62 d\u00edas, con lo que habr\u00eda superado el r\u00e9cord mundial de 64 d\u00edas.\u00a0<\/p>\n<p>Tras cerca de 18.000 kil\u00f3metros de caminos inh\u00f3spitos, tormentas, noches tremendas en gasolineras de Mongolia y las estepas infinitas de China, se encontraba a <a rel=\"noopener, noreferrer nofollow\" href=\"https:\/\/www.followmychallenge.com\/live\/sofiane-eurasia\/?lat=44.070125&amp;lng=130.328004&amp;z=6.64&amp;b=0&amp;p=0\" target=\"_blank\">tan solo\u00a0<\/a><a rel=\"noopener, noreferrer nofollow\" href=\"https:\/\/www.followmychallenge.com\/live\/sofiane-eurasia\/?lat=44.070125&amp;lng=130.328004&amp;z=6.64&amp;b=0&amp;p=0\" target=\"_blank\">180 kil\u00f3metros de su meta<\/a> cuando <a rel=\"noopener, noreferrer nofollow\" href=\"https:\/\/www.washingtonpost.com\/world\/2025\/09\/18\/sofiane-sehili-cyclist-arrested-vladivostok-russia\/\" target=\"_blank\">fue detenido<\/a> el 2 de septiembre por guardias fronterizos rusos en la regi\u00f3n de Primorie, acusado de <a rel=\"noopener, noreferrer nofollow\" href=\"https:\/\/meduza.io\/en\/feature\/2025\/09\/16\/french-cyclist-sofiane-sehili-likely-to-be-imprisoned-for-illegal-border-crossing-while-attempting-ultra-distance-record\" target=\"_blank\">cruzar ilegalmente<\/a> desde China pese a disponer de un visado v\u00e1lido. Su odisea, <a rel=\"noopener, noreferrer nofollow\" href=\"https:\/\/www.instagram.com\/sofianeshl\/?hl=fr\" target=\"_blank\">narrada en v\u00eddeos<\/a> que mostraban tanto el dolor de pedalear con los pies hundidos en barro y calcetines mojados como el j\u00fabilo al contemplar caballos salvajes y paisajes solitarios, ha terminado abruptamente en una celda.<\/p>\n<p>    <a href=\"https:\/\/www.xataka.com\/magnet\/ucrania-ha-abierto-dron-moscu-inmune-a-guerra-electronica-rusia-solo-tiene-nombre-resto-aliados\" class=\"pivot-outboundlink\" data-vars-post-title=\"Ucrania ha abierto el dron de Mosc\u00fa inmune a la guerra electr\u00f3nica. De Rusia solo tiene el nombre, el resto es de los aliados\" rel=\"nofollow noopener\" target=\"_blank\"><br \/>\n     <img loading=\"lazy\" decoding=\"async\" alt=\"Ucrania ha abierto el dron de Mosc\u00fa inmune a la guerra electr\u00f3nica. De Rusia solo tiene el nombre, el resto es de los aliados\" width=\"375\" height=\"142\" src=\"https:\/\/www.europesays.com\/es\/wp-content\/uploads\/2025\/09\/1758294368_197_375_142.jpeg\"\/><br \/>\n    <\/a><\/p>\n<p><strong>El laberinto euroasi\u00e1tico. <\/strong>El arresto se produjo tras v<a rel=\"noopener, noreferrer nofollow\" href=\"https:\/\/t.me\/Govorit_NeMoskva\/51326\">arios intentos frustrados<\/a> de cruzar la frontera entre China y Rusia. En puestos oficiales se le neg\u00f3 el paso porque solo los ciudadanos chinos o rusos pueden entrar en bicicleta, mientras que en otros pasos solo se admite el acceso en coche, autob\u00fas o tren. Tras estos rechazos, Sehili intent\u00f3 avanzar por un bosque cerca de Suifenhe y, al mostrar su pasaporte a los guardias rusos, <a rel=\"noopener, noreferrer nofollow\" href=\"https:\/\/www.lequipe.fr\/Cyclisme-sur-route\/Actualites\/Sofiane-sehili-en-detention-provisoire-jusqu-au-4-octobre-en-russie\/1594256\" target=\"_blank\">fue arrestado<\/a>.\u00a0<\/p>\n<p>Su pareja, Fanny Bensussan, <a rel=\"noopener, noreferrer nofollow\" href=\"https:\/\/www.lequipe.fr\/Cyclisme-sur-route\/Actualites\/Sofiane-sehili-en-detention-provisoire-jusqu-au-4-octobre-en-russie\/1594256\" target=\"_blank\">confirm\u00f3 que<\/a>, tras ser rechazado en los cruces oficiales, busc\u00f3 rutas alternativas, lo que precipit\u00f3 su detenci\u00f3n. La corte de Ussuriysk orden\u00f3 su reclusi\u00f3n hasta el 4 de octubre a la espera de juicio, sin que se precisaran cargos formales.<\/p>\n<p><strong>De r\u00e9cord a reh\u00e9n. <\/strong>El caso de Sehili no puede desligarse <a rel=\"noopener, noreferrer nofollow\" href=\"https:\/\/www.washingtonpost.com\/world\/2025\/09\/18\/sofiane-sehili-cyclist-arrested-vladivostok-russia\/\" target=\"_blank\">de un patr\u00f3n<\/a> cada vez m\u00e1s evidente en Mosc\u00fa: la detenci\u00f3n de extranjeros en lo que analistas y ONG califican de \u201cdiplomacia de rehenes\u201d. Rusia ha acumulado antecedentes notables, como el de la jugadora de baloncesto <a rel=\"noopener, noreferrer nofollow\" href=\"https:\/\/www.washingtonpost.com\/national-security\/2022\/12\/11\/brittney-griner-prisoner-swap-health\/\" target=\"_blank\">Brittney Griner<\/a>, el periodista del\u00a0Wall Street Journal\u00a0<a rel=\"noopener, noreferrer nofollow\" href=\"https:\/\/www.washingtonpost.com\/style\/media\/2024\/08\/01\/evan-gershkovich-wall-street-journal-reporter-free\/\" target=\"_blank\">Evan Gershkovich<\/a> o el consultor <a rel=\"noopener, noreferrer nofollow\" href=\"https:\/\/www.washingtonpost.com\/national-security\/2024\/08\/01\/deal-us-russia-prisoner-swap\/\" target=\"_blank\">Paul Whelan<\/a>, entre otros, usados como <a rel=\"noopener, noreferrer nofollow\" href=\"https:\/\/www.washingtonpost.com\/national-security\/2024\/08\/02\/marc-fogel-russia-prisoner-swap\/\" target=\"_blank\">fichas de intercambio<\/a> por rusos condenados en Occidente.\u00a0<\/p>\n<p>Tambi\u00e9n ciudadanos franceses han sufrido esta pol\u00edtica, como el investigador <a rel=\"noopener, noreferrer nofollow\" href=\"https:\/\/hdcentre.org\/news\/statement-on-the-detention-of-an-hd-advisor-in-russia-declaration-sur-la-detention-dun-conseiller-en-hd-en-russie\/\" target=\"_blank\">Laurent Vinatier<\/a>, condenado por no registrarse como \u201cagente extranjero\u201d y recientemente acusado de espionaje con riesgo de <a rel=\"noopener, noreferrer nofollow\" href=\"https:\/\/www.rfi.fr\/en\/international-news\/20250825-russia-to-hold-espionage-hearing-against-french-researcher\" target=\"_blank\">hasta 20 a\u00f1os de c\u00e1rcel<\/a>. En este contexto, el encarcelamiento de un deportista de resistencia, aunque aparentemente fruto de un incidente fronterizo se interpreta tambi\u00e9n como un movimiento pol\u00edtico de presi\u00f3n internacional.<\/p>\n<p><strong>La dimensi\u00f3n humana del desaf\u00edo. <\/strong>M\u00e1s all\u00e1 de la geopol\u00edtica, el periplo de Sehili ilustra la dureza de los <a rel=\"noopener, noreferrer nofollow\" href=\"https:\/\/www.lequipe.fr\/Cyclisme-sur-route\/Actualites\/Sofiane-sehili-en-detention-provisoire-jusqu-au-4-octobre-en-russie\/1594256\" target=\"_blank\">retos de ultra-resistencia<\/a>. A lo largo de su traves\u00eda, el hombre enfrent\u00f3 noches heladas en suelos de cemento, hoteles sin condiciones m\u00ednimas, aver\u00edas constantes, viento en contra y el desgaste de pedalear m\u00e1s de 270 kil\u00f3metros diarios.<\/p>\n<p><a rel=\"noopener, noreferrer nofollow\" href=\"https:\/\/www.instagram.com\/sofianeshl\/?hl=fr\" target=\"_blank\">En sus relatos<\/a>, se mezclaban momentos de desesperanza absoluta (cuando confesaba no tener ganas de seguir adelante) con instantes <a rel=\"noopener, noreferrer nofollow\" href=\"https:\/\/www.instagram.com\/sofianeshl\/reel\/DN2KKL75EQR\/?hl=fr\" target=\"_blank\">de serenidad total<\/a>, en los que reconoc\u00eda que estas aventuras daban sentido a su vida. El contacto humano, como el gesto de una mujer china que <a rel=\"noopener, noreferrer nofollow\" href=\"https:\/\/www.washingtonpost.com\/world\/2025\/09\/18\/sofiane-sehili-cyclist-arrested-vladivostok-russia\/\" target=\"_blank\">le ofreci\u00f3 comida caliente<\/a> y le present\u00f3 a sus hijos tras un d\u00eda de lluvia y fr\u00edo, funcionaba como peque\u00f1os recordatorios del valor de su viaje.<\/p>\n<p>    <a href=\"https:\/\/www.xataka.com\/empresas-y-economia\/reclutadores-estan-empezando-a-echar-algo-entrevistas-trabajo-falta-compromiso-puesto-1\" class=\"pivot-outboundlink\" data-vars-post-title=\"Los reclutadores est\u00e1n empezando a echar de menos algo en las entrevistas de trabajo: la falta de compromiso con el puesto \" rel=\"nofollow noopener\" target=\"_blank\"><br \/>\n     <img loading=\"lazy\" decoding=\"async\" alt=\"Los reclutadores est\u00e1n empezando a echar de menos algo en las entrevistas de trabajo: la falta de compromiso con el puesto \" width=\"375\" height=\"142\" src=\"https:\/\/www.europesays.com\/es\/wp-content\/uploads\/2025\/09\/1758294368_288_375_142.jpeg\"\/><br \/>\n    <\/a><\/p>\n<p><strong>Precedente inquietante. <\/strong>Que Rusia haya <a rel=\"noopener, noreferrer nofollow\" href=\"https:\/\/www.lequipe.fr\/Cyclisme-sur-route\/Actualites\/Sofiane-sehili-en-detention-provisoire-jusqu-au-4-octobre-en-russie\/1594256\" target=\"_blank\">detenido a un ciclista<\/a> al borde de un r\u00e9cord mundial coloca al deporte de resistencia en un terreno in\u00e9dito, donde los desaf\u00edos f\u00edsicos y personales pueden chocar con los intereses pol\u00edticos de los Estados. La imagen de Sehili, exhausto pero determinado a llegar a Vladivostok, contrasta con la realidad de una frontera convertida <a rel=\"noopener, noreferrer nofollow\" href=\"https:\/\/www.washingtonpost.com\/world\/2025\/09\/18\/sofiane-sehili-cyclist-arrested-vladivostok-russia\/\" target=\"_blank\">en trampa pol\u00edtica<\/a>.\u00a0<\/p>\n<p>Su caso, lejos de ser anecd\u00f3tico, subraya c\u00f3mo incluso gestas deportivas pueden quedar atrapadas en un escenario geopol\u00edtico donde los gobiernos <a rel=\"noopener, noreferrer nofollow\" href=\"https:\/\/meduza.io\/en\/feature\/2025\/09\/16\/french-cyclist-sofiane-sehili-likely-to-be-imprisoned-for-illegal-border-crossing-while-attempting-ultra-distance-record\" target=\"_blank\">instrumentalizan a ciudadanos<\/a> extranjeros para enviar mensajes de fuerza o para preparar futuros canjes diplom\u00e1ticos. En la frontera entre la haza\u00f1a deportiva y la diplomacia represiva, el viaje de Sehili quedar\u00e1 como s\u00edmbolo de la fragilidad del individuo frente a los c\u00e1lculos de poder.<\/p>\n<p>Imagen | Captura\/ <a rel=\"noopener, noreferrer nofollow\" href=\"https:\/\/www.youtube.com\/@sofianeshl\/videos\" target=\"_blank\">YouTube<\/a><\/p>\n<p>En Xataka | <a class=\"text-outboundlink\" href=\"https:\/\/www.xataka.com\/historia-tecnologica\/una-hora-una-bici-y-un-ciclista-o-como-romper-barreras-tecnologicas-en-el-record-de-la-hora\" data-vars-post-title=\"Una hora, una bici y un ciclista: o c\u00f3mo romper barreras tecnol\u00f3gicas en el R\u00e9cord de la Hora\" data-vars-post-url=\"https:\/\/www.xataka.com\/historia-tecnologica\/una-hora-una-bici-y-un-ciclista-o-como-romper-barreras-tecnologicas-en-el-record-de-la-hora\" rel=\"nofollow noopener\" target=\"_blank\">Una hora, una bici y un ciclista: o c\u00f3mo romper barreras tecnol\u00f3gicas en el R\u00e9cord de la Hora<\/a><\/p>\n<p>En Xataka | <a class=\"text-outboundlink\" href=\"https:\/\/www.xataka.com\/movilidad\/dia-1978-porsche-intento-alcanzar-240-km-h-bicicleta-acabo-conseguirlo\" data-vars-post-title=\"Un d\u00eda de 1978, Porsche intent\u00f3 alcanzar 240 km\/h... con una bicicleta. Y acab\u00f3 por conseguirlo\" data-vars-post-url=\"https:\/\/www.xataka.com\/movilidad\/dia-1978-porsche-intento-alcanzar-240-km-h-bicicleta-acabo-conseguirlo\" rel=\"nofollow noopener\" target=\"_blank\">Un d\u00eda de 1978, Porsche intent\u00f3 alcanzar 240 km\/h&#8230; con una bicicleta. Y acab\u00f3 por conseguirlo<\/a><\/p>\n<p> <script async src=\"\/\/www.instagram.com\/embed.js\"><\/script><\/p>\n","protected":false},"excerpt":{"rendered":"La historia del deporte est\u00e1 plagada de heroicidades y r\u00e9cords que parecen imposibles de batir. Tambi\u00e9n de momentos&hellip;\n","protected":false},"author":2,"featured_media":125434,"comment_status":"","ping_status":"","sticky":false,"template":"","format":"standard","meta":{"footnotes":""},"categories":[273],"tags":[313,312,168,25,24,23,167],"class_list":{"0":"post-125433","1":"post","2":"type-post","3":"status-publish","4":"format-standard","5":"has-post-thumbnail","7":"category-ciclismo","8":"tag-ciclismo","9":"tag-cycling","10":"tag-deportes","11":"tag-es","12":"tag-espana","13":"tag-spain","14":"tag-sports"},"share_on_mastodon":{"url":"","error":""},"_links":{"self":[{"href":"https:\/\/www.europesays.com\/es\/wp-json\/wp\/v2\/posts\/125433","targetHints":{"allow":["GET"]}}],"collection":[{"href":"https:\/\/www.europesays.com\/es\/wp-json\/wp\/v2\/posts"}],"about":[{"href":"https:\/\/www.europesays.com\/es\/wp-json\/wp\/v2\/types\/post"}],"author":[{"embeddable":true,"href":"https:\/\/www.europesays.com\/es\/wp-json\/wp\/v2\/users\/2"}],"replies":[{"embeddable":true,"href":"https:\/\/www.europesays.com\/es\/wp-json\/wp\/v2\/comments?post=125433"}],"version-history":[{"count":0,"href":"https:\/\/www.europesays.com\/es\/wp-json\/wp\/v2\/posts\/125433\/revisions"}],"wp:featuredmedia":[{"embeddable":true,"href":"https:\/\/www.europesays.com\/es\/wp-json\/wp\/v2\/media\/125434"}],"wp:attachment":[{"href":"https:\/\/www.europesays.com\/es\/wp-json\/wp\/v2\/media?parent=125433"}],"wp:term":[{"taxonomy":"category","embeddable":true,"href":"https:\/\/www.europesays.com\/es\/wp-json\/wp\/v2\/categories?post=125433"},{"taxonomy":"post_tag","embeddable":true,"href":"https:\/\/www.europesays.com\/es\/wp-json\/wp\/v2\/tags?post=125433"}],"curies":[{"name":"wp","href":"https:\/\/api.w.org\/{rel}","templated":true}]}}