{"id":125435,"date":"2025-09-19T15:07:09","date_gmt":"2025-09-19T15:07:09","guid":{"rendered":"https:\/\/www.europesays.com\/es\/125435\/"},"modified":"2025-09-19T15:07:09","modified_gmt":"2025-09-19T15:07:09","slug":"sainz-el-ritmo-es-bueno-pero-nos-cuesta-con-el-neumatico-blando","status":"publish","type":"post","link":"https:\/\/www.europesays.com\/es\/125435\/","title":{"rendered":"Sainz: \u201cEl ritmo es bueno, pero nos cuesta con el neum\u00e1tico blando\u201d"},"content":{"rendered":"<p class=\"\"><b>Carlos Sainz fue und\u00e9cimo en la tabla de tiempo<\/b>s del viernes y termin\u00f3 satisfecho con el Williams en cuanto a ritmo de carrera, pero algo m\u00e1s preocupado de cara a la clasificaci\u00f3n. Como en muchas ocasiones a lo largo de la temporada, el FW47 tiene mucho potencial pero no se manifiesta a una vuelta.<\/p>\n<p>Noticias relacionadas<a href=\"https:\/\/as.com\/motor\/formula_1\/ferrari-avisa-en-un-viernes-negro-para-mclaren-n\/\" class=\"s_m_w\" title=\"Hamilton y Leclerc lideran con Piastri 12\u00ba, y Norris rompe la suspensi\u00f3n trasera contra los muros. Sainz fue 11\u00ba y Alonso, 19\u00ba.\" data-tb-link=\"\" rel=\"nofollow noopener\" target=\"_blank\"><img decoding=\"async\" src=\"https:\/\/www.europesays.com\/es\/wp-content\/uploads\/2025\/09\/OYIDFU6CNBMVLB3IJNK4DLJWFQ.jpg\" alt=\"Ferrari avisa en un viernes negro para McLaren\" class=\"\" height=\"1\" width=\"1\"   loading=\"lazy\" data-tb-thumbnail=\"\"\/><\/a><a href=\"https:\/\/as.com\/motor\/formula_1\/gp-de-azerbaiyan-de-f1-tv-horarios-y-donde-ver-las-carreras-en-baku-en-directo-online-n-4\/\" class=\"s_m_w\" title=\"Conoce la fecha, hora, d\u00f3nde ver en directo por televisi\u00f3n y c\u00f3mo seguir en vivo online el GP de Azerbaiy\u00e1n 2025 de F\u00f3rmula 1 en Bak\u00fa, 17\u00aa cita del a\u00f1o.\" data-tb-link=\"\" rel=\"nofollow noopener\" target=\"_blank\"><img decoding=\"async\" src=\"https:\/\/www.europesays.com\/es\/wp-content\/uploads\/2025\/09\/1758294429_845_MM5OE5KUVFFE7CGKT6NYCQH3HA.jpg\" alt=\"GP de Azerbaiy\u00e1n de F1: TV, horarios y d\u00f3nde ver las carreras en Bak\u00fa en directo online\" class=\"\" height=\"1\" width=\"1\"   loading=\"lazy\" data-tb-thumbnail=\"\"\/><\/a><\/p>\n<p class=\"\">\u201cHa sido un viernes m\u00e1s o menos como esper\u00e1bamos. Con muy buen rendimiento en tandas largas y con el neum\u00e1tico medio, antes de poner la blanda. Pero con la blanda, como siempre, tuvimos problemas de balance en el coche, no tanto del neum\u00e1tico.<b> Nos ha constado mucho entender esa goma blanda <\/b>que ser\u00e1 clave para este s\u00e1bado. Aunque por lo dem\u00e1s, vamos r\u00e1pido, me siento bien con el coche y estamos cada vez m\u00e1s cerca y m\u00e1s contentos\u201d, dijo el piloto espa\u00f1ol.<\/p>\n<p class=\"\">\u201cSomos muy r\u00e1pidos en las tandas largas y con el neum\u00e1tico medio, pero en cuanto ponemos el blando no encontramos m\u00e1s tiempo por vuelta. Hay una limitaci\u00f3n y tendremos que trabajarlo para este s\u00e1bado. Cambiamos mucho el coche pero todav\u00eda no encontramos el balance adecuado para la clasificaci\u00f3n<b>. Tenemos que encontrar algo porque el ritmo es realmente bueno\u201d,<\/b> apunta Sainz, que espera variedad de neum\u00e1ticos en la clasificaci\u00f3n con los compuestos C5 y C6: \u201cEs dif\u00edcil, los dos neum\u00e1ticos est\u00e1n bastante cerca as\u00ed que es gesti\u00f3n de trabajar con el coche con una u otra rueda para adaptarse. Pero los dos neum\u00e1ticos son parejos as\u00ed que no es una preocupaci\u00f3n. Habr\u00e1 estrategias en clasificaci\u00f3n y eso pondr\u00e1 picante\u201d.<\/p>\n","protected":false},"excerpt":{"rendered":"Carlos Sainz fue und\u00e9cimo en la tabla de tiempos del viernes y termin\u00f3 satisfecho con el Williams en&hellip;\n","protected":false},"author":2,"featured_media":125436,"comment_status":"","ping_status":"","sticky":false,"template":"","format":"standard","meta":{"footnotes":""},"categories":[270],"tags":[168,25,24,306,271,272,23,167],"class_list":{"0":"post-125435","1":"post","2":"type-post","3":"status-publish","4":"format-standard","5":"has-post-thumbnail","7":"category-formula-1","8":"tag-deportes","9":"tag-es","10":"tag-espana","11":"tag-f1","12":"tag-formula-1","13":"tag-formula1","14":"tag-spain","15":"tag-sports"},"share_on_mastodon":{"url":"","error":""},"_links":{"self":[{"href":"https:\/\/www.europesays.com\/es\/wp-json\/wp\/v2\/posts\/125435","targetHints":{"allow":["GET"]}}],"collection":[{"href":"https:\/\/www.europesays.com\/es\/wp-json\/wp\/v2\/posts"}],"about":[{"href":"https:\/\/www.europesays.com\/es\/wp-json\/wp\/v2\/types\/post"}],"author":[{"embeddable":true,"href":"https:\/\/www.europesays.com\/es\/wp-json\/wp\/v2\/users\/2"}],"replies":[{"embeddable":true,"href":"https:\/\/www.europesays.com\/es\/wp-json\/wp\/v2\/comments?post=125435"}],"version-history":[{"count":0,"href":"https:\/\/www.europesays.com\/es\/wp-json\/wp\/v2\/posts\/125435\/revisions"}],"wp:featuredmedia":[{"embeddable":true,"href":"https:\/\/www.europesays.com\/es\/wp-json\/wp\/v2\/media\/125436"}],"wp:attachment":[{"href":"https:\/\/www.europesays.com\/es\/wp-json\/wp\/v2\/media?parent=125435"}],"wp:term":[{"taxonomy":"category","embeddable":true,"href":"https:\/\/www.europesays.com\/es\/wp-json\/wp\/v2\/categories?post=125435"},{"taxonomy":"post_tag","embeddable":true,"href":"https:\/\/www.europesays.com\/es\/wp-json\/wp\/v2\/tags?post=125435"}],"curies":[{"name":"wp","href":"https:\/\/api.w.org\/{rel}","templated":true}]}}