{"id":125439,"date":"2025-09-19T15:09:07","date_gmt":"2025-09-19T15:09:07","guid":{"rendered":"https:\/\/www.europesays.com\/es\/125439\/"},"modified":"2025-09-19T15:09:07","modified_gmt":"2025-09-19T15:09:07","slug":"no-saldremos-rapido-de-esta-situacion-tendremos-que-sufrirla","status":"publish","type":"post","link":"https:\/\/www.europesays.com\/es\/125439\/","title":{"rendered":"No saldremos r\u00e1pido de esta situaci\u00f3n, tendremos que sufrirla"},"content":{"rendered":"<p data-gtm-element-container=\"modulo-texto-link\" class=\"paragraph\"><strong>M\u00edchel<\/strong> compareci\u00f3 en la previa del duelo frente al <strong>Levante<\/strong> y volvi\u00f3 a lanzar un mensaje claro de exigencia.<\/p>\n<p data-gtm-element-container=\"modulo-texto-link\" class=\"paragraph\">El entrenador confirm\u00f3 que <strong>Thomas Lemar <\/strong>y <strong>Viktor Tsygankov<\/strong> no estar\u00e1n disponibles. \u201cLemar tiene una peque\u00f1a lesi\u00f3n que le apartar\u00e1 dos semanas y lo de Viktor depender\u00e1 de sus sensaciones, porque no est\u00e1 c\u00f3modo. <strong>David L\u00f3pez<\/strong> sigue lesionado\u201d, explic\u00f3 el madrile\u00f1o.<\/p>\n<p data-gtm-element-container=\"modulo-texto-link\" class=\"paragraph\">El t\u00e9cnico subray\u00f3 la importancia del encuentro en <strong>Montilivi<\/strong>. \u201cEl partido es muy importante, m\u00e1s all\u00e1 de los tres partidos que tenemos en una semana\u201d, se\u00f1al\u00f3. Para <strong>M\u00edchel<\/strong>, la clave pasa por reforzar la solidez atr\u00e1s. \u201cMantener la porter\u00eda a cero es fundamental para tener m\u00e1s confianza con el bal\u00f3n\u201d, a\u00f1adi\u00f3.<\/p>\n<p data-gtm-element-container=\"modulo-texto-link\" class=\"paragraph\">El entrenador reconoci\u00f3 que la situaci\u00f3n en la clasificaci\u00f3n le preocupa, aunque conf\u00eda en la actitud del grupo. \u201c<strong>No saldremos r\u00e1pido de esta situaci\u00f3n<\/strong>, tendremos que sufrirla, aunque queremos que sea en el menor tiempo posible. Necesitamos tiempo y las cosas no vendr\u00e1n f\u00e1ciles\u201d, asegur\u00f3. Tambi\u00e9n envi\u00f3 un mensaje de unidad: \u201cNecesitamos a todo el mundo remando hacia la misma direcci\u00f3n\u201d, remarc\u00f3.<\/p>\n<p data-gtm-element-container=\"modulo-texto-link\" class=\"paragraph\">Sobre <strong>Joel Roca<\/strong>, convocado con la Sub-20, <strong>M\u00edchel<\/strong> se mostr\u00f3 comprensivo. \u201cJugar un <strong>Mundial Sub-20<\/strong> es muy especial, pero para nosotros es una baja sensible porque tenemos pocos extremos en su mejor momento\u201d, apunt\u00f3. En cuanto al rival, destac\u00f3 la energ\u00eda del reci\u00e9n ascendido. \u201cEl <strong>Levante<\/strong> acaba de subir y tiene una motivaci\u00f3n especial por estar en <strong>Primera<\/strong>. Necesitamos conexiones, situaciones de tercer hombre y jugar de lado a lado para incomodarles\u201d, explic\u00f3.<\/p>\n<p>    Lee tambi\u00e9n<\/p>\n<p data-gtm-element-container=\"modulo-texto-link\" class=\"paragraph\">Finalmente, habl\u00f3 sobre la evoluci\u00f3n de <strong>Asprilla<\/strong>, a quien exigi\u00f3 m\u00e1s regularidad. \u201cHa venido con una mentalidad diferente, aunque no hemos visto a\u00fan su mejor versi\u00f3n. Su irregularidad es propia de su edad, pero s\u00e9 que est\u00e1 trabajando bien y mejorar\u00e1\u201d, concluy\u00f3 el t\u00e9cnico.<\/p>\n","protected":false},"excerpt":{"rendered":"M\u00edchel compareci\u00f3 en la previa del duelo frente al Levante y volvi\u00f3 a lanzar un mensaje claro de&hellip;\n","protected":false},"author":2,"featured_media":125440,"comment_status":"","ping_status":"","sticky":false,"template":"","format":"standard","meta":{"footnotes":""},"categories":[268],"tags":[168,25,24,280,282,281,23,167],"class_list":{"0":"post-125439","1":"post","2":"type-post","3":"status-publish","4":"format-standard","5":"has-post-thumbnail","7":"category-futbol","8":"tag-deportes","9":"tag-es","10":"tag-espana","11":"tag-football","12":"tag-futbol","13":"tag-soccer","14":"tag-spain","15":"tag-sports"},"share_on_mastodon":{"url":"","error":""},"_links":{"self":[{"href":"https:\/\/www.europesays.com\/es\/wp-json\/wp\/v2\/posts\/125439","targetHints":{"allow":["GET"]}}],"collection":[{"href":"https:\/\/www.europesays.com\/es\/wp-json\/wp\/v2\/posts"}],"about":[{"href":"https:\/\/www.europesays.com\/es\/wp-json\/wp\/v2\/types\/post"}],"author":[{"embeddable":true,"href":"https:\/\/www.europesays.com\/es\/wp-json\/wp\/v2\/users\/2"}],"replies":[{"embeddable":true,"href":"https:\/\/www.europesays.com\/es\/wp-json\/wp\/v2\/comments?post=125439"}],"version-history":[{"count":0,"href":"https:\/\/www.europesays.com\/es\/wp-json\/wp\/v2\/posts\/125439\/revisions"}],"wp:featuredmedia":[{"embeddable":true,"href":"https:\/\/www.europesays.com\/es\/wp-json\/wp\/v2\/media\/125440"}],"wp:attachment":[{"href":"https:\/\/www.europesays.com\/es\/wp-json\/wp\/v2\/media?parent=125439"}],"wp:term":[{"taxonomy":"category","embeddable":true,"href":"https:\/\/www.europesays.com\/es\/wp-json\/wp\/v2\/categories?post=125439"},{"taxonomy":"post_tag","embeddable":true,"href":"https:\/\/www.europesays.com\/es\/wp-json\/wp\/v2\/tags?post=125439"}],"curies":[{"name":"wp","href":"https:\/\/api.w.org\/{rel}","templated":true}]}}