{"id":125441,"date":"2025-09-19T15:10:08","date_gmt":"2025-09-19T15:10:08","guid":{"rendered":"https:\/\/www.europesays.com\/es\/125441\/"},"modified":"2025-09-19T15:10:08","modified_gmt":"2025-09-19T15:10:08","slug":"a-manu-sanchez-le-preguntan-por-lo-de-marilo-montero-en-la-revuelta-y-no-puede-ser-mas-claro","status":"publish","type":"post","link":"https:\/\/www.europesays.com\/es\/125441\/","title":{"rendered":"A Manu S\u00e1nchez le preguntan por lo de Maril\u00f3 Montero en &#8216;La Revuelta&#8217; y no puede ser m\u00e1s claro"},"content":{"rendered":"<p>Las palabras de <a href=\"https:\/\/eltelevisero.huffingtonpost.es\/2025\/09\/marilo-montero-vuelve-a-la-carga-contra-rtve-y-responde-si-se-arrepiente-de-su-visita-a-la-revuelta\/\" rel=\"nofollow noopener\" target=\"_blank\">Maril\u00f3 Montero<\/a> en &#8216;La Revuelta&#8217; siguen trayendo cola. El \u00faltimo en cuestionar las declaraciones de la presentadora en el espacio de La 1 ha sido <a href=\"https:\/\/eltelevisero.huffingtonpost.es\/2025\/08\/el-nuevo-proyecto-profesional-de-manu-sanchez-con-el-que-cumple-un-sueno-tras-superar-su-cancer-estoy-sobrecogido\/\" rel=\"nofollow noopener\" target=\"_blank\">Manu S\u00e1nchez, <\/a>uno de los rostros m\u00e1s populares de Canal Sur, quien este s\u00e1bado 20 de septiembre estrena en la cadena p\u00fablica andaluza un nuevo programa, &#8216;No dejes de so\u00f1ar&#8217;.<\/p>\n<p>En declaraciones a <a href=\"https:\/\/www.elconfidencial.com\/television\/programas-tv\/2025-09-19\/manu-sanchez-canal-sur-pluralidad-marilo-la-revuelta-decir_4211792\/\" target=\"_blank\" rel=\"noreferrer noopener nofollow\">El Confi TV, <\/a>Manu S\u00e1nchez se ha mostrado muy ilusionado con este nuevo proyecto: \u00abTo\u00f1i Moreno celebra los 200 programas de &#8216;Gente maravillosa&#8217;, Juan y Medio y Eva Ruiz los 4.000 de &#8216;La tarde aqu\u00ed y ahora&#8217;, y nosotros estrenamos, con mucha ilusi\u00f3n, el 1, as\u00ed es que esperamos que esto os guste tanto como para celebrar los 200 y los 4.000\u00bb. El objetivo de este nuevo programa es cumplir \u00ablos sue\u00f1os de Andaluc\u00eda y empujar a que los andaluces sue\u00f1en\u00bb.<\/p>\n<p>&#8216;No dejes de so\u00f1ar&#8217; contar\u00e1 con un sill\u00f3n que cumplir\u00e1 los sue\u00f1os de personas an\u00f3nimas e invitados. \u00abHay mucho de &#8216;Tierra de talento&#8217;, ya que muchos an\u00f3nimos ven\u00edan a dar un empuj\u00f3n a sus carreras; y hay mucho de &#8216;Somos m\u00fasica&#8217;, donde conoc\u00edamos m\u00e1s emocional e \u00edntimamente a nuestros famosos y les d\u00e1bamos sorpresas paseando por su vida. &#8216;No dejes de solar&#8217; es todav\u00eda m\u00e1s, es un paso m\u00e1s all\u00e1\u00bb, explica el presentador al citado medio.<\/p>\n<p>Manu S\u00e1nchez defiende la pluralidad de Canal Sur<\/p>\n<p>Manu S\u00e1nchez ha sido preguntado por las pol\u00e9micas palabras de Maril\u00f3 Montero en &#8216;La Revuelta&#8217;, donde critic\u00f3 la falta de pluralidad en los rostros de TVE, asegurando que todos eran \u00absanchistas\u00bb. \u00abMaril\u00f3 no se meti\u00f3 en ning\u00fan charco y sab\u00eda lo que estaba diciendo y d\u00f3nde lo estaba diciendo. Consigui\u00f3 lo que quer\u00eda conseguir, es tremendamente inteligente y David Broncano tambi\u00e9n\u00bb, defiende el c\u00f3mico.<\/p>\n<p>Adem\u00e1s, cree que \u00abtodo el mundo recogi\u00f3 lo que quer\u00eda recoger. Cuando Maril\u00f3 dice que falta pluralidad y toca un tema tan sensible como el de los toros, la abuche\u00f3 todo el p\u00fablico y poco menos que el p\u00fablico le dio la raz\u00f3n, porque parec\u00eda que todos opinaban lo mismo\u00bb. E insiste en que \u00ablas parrillas son muy grandes y diversas\u00bb, aunque reconoce que todos los programas, tanto informativos como de entretenimiento, \u00abcuenta con una l\u00ednea editorial\u00bb.<\/p>\n<p>\u00abA m\u00ed no me dice nadie, desde la cadena, qu\u00e9 tenemos que hacer o decir. Desde 16 Escalones llevamos muchos a\u00f1os haciendo algunos contenidos que tienen sensibilidad pol\u00edtica, como el d\u00eda del 28F o Nochevieja, donde se piden deseos, y hemos defendido siempre los servicios p\u00fablicos de una manera muy vehemente\u00bb, a\u00f1ade Manu S\u00e1nchez, dejando claro que en su equipo se trabaja con absoluta libertad.<\/p>\n<p>\u00abMe asomo a ver los compa\u00f1eros de cadena y s\u00e9 que piensan de una manera m\u00e1s conservadora o m\u00e1s progresista. Las parrillas son muy grandes y, si miro a mi casa, Canal Sur tiene un poquito de todo\u00bb, sentenci\u00f3 el presentador, defendiendo la pluralidad de la cadena p\u00fablica andaluza.<\/p>\n","protected":false},"excerpt":{"rendered":"Las palabras de Maril\u00f3 Montero en &#8216;La Revuelta&#8217; siguen trayendo cola. El \u00faltimo en cuestionar las declaraciones de&hellip;\n","protected":false},"author":2,"featured_media":125442,"comment_status":"","ping_status":"","sticky":false,"template":"","format":"standard","meta":{"footnotes":""},"categories":[174],"tags":[255,146,147,25,24,256,23],"class_list":{"0":"post-125441","1":"post","2":"type-post","3":"status-publish","4":"format-standard","5":"has-post-thumbnail","7":"category-famosos","8":"tag-celebrities","9":"tag-entertainment","10":"tag-entretenimiento","11":"tag-es","12":"tag-espana","13":"tag-famosos","14":"tag-spain"},"share_on_mastodon":{"url":"","error":""},"_links":{"self":[{"href":"https:\/\/www.europesays.com\/es\/wp-json\/wp\/v2\/posts\/125441","targetHints":{"allow":["GET"]}}],"collection":[{"href":"https:\/\/www.europesays.com\/es\/wp-json\/wp\/v2\/posts"}],"about":[{"href":"https:\/\/www.europesays.com\/es\/wp-json\/wp\/v2\/types\/post"}],"author":[{"embeddable":true,"href":"https:\/\/www.europesays.com\/es\/wp-json\/wp\/v2\/users\/2"}],"replies":[{"embeddable":true,"href":"https:\/\/www.europesays.com\/es\/wp-json\/wp\/v2\/comments?post=125441"}],"version-history":[{"count":0,"href":"https:\/\/www.europesays.com\/es\/wp-json\/wp\/v2\/posts\/125441\/revisions"}],"wp:featuredmedia":[{"embeddable":true,"href":"https:\/\/www.europesays.com\/es\/wp-json\/wp\/v2\/media\/125442"}],"wp:attachment":[{"href":"https:\/\/www.europesays.com\/es\/wp-json\/wp\/v2\/media?parent=125441"}],"wp:term":[{"taxonomy":"category","embeddable":true,"href":"https:\/\/www.europesays.com\/es\/wp-json\/wp\/v2\/categories?post=125441"},{"taxonomy":"post_tag","embeddable":true,"href":"https:\/\/www.europesays.com\/es\/wp-json\/wp\/v2\/tags?post=125441"}],"curies":[{"name":"wp","href":"https:\/\/api.w.org\/{rel}","templated":true}]}}