{"id":125443,"date":"2025-09-19T15:11:11","date_gmt":"2025-09-19T15:11:11","guid":{"rendered":"https:\/\/www.europesays.com\/es\/125443\/"},"modified":"2025-09-19T15:11:11","modified_gmt":"2025-09-19T15:11:11","slug":"abarca-inaugura-un-museo-de-obra-grafica","status":"publish","type":"post","link":"https:\/\/www.europesays.com\/es\/125443\/","title":{"rendered":"Abarca inaugura un museo de obra gr\u00e1fica"},"content":{"rendered":"<p>Abarca de Campos \u00a0da un gran paso hacia la dinamizaci\u00f3n cultural del medio rural con la inauguraci\u00f3n del Museo de Obra Gr\u00e1fica, una iniciativa privada impulsada por el coleccionista y galerista Mariano Olcese. El museo, que abrir\u00e1 sus puertas este s\u00e1bado, nace con el objetivo de acercar al p\u00fablico general una selecci\u00f3n significativa de obra gr\u00e1fica (grabados, litograf\u00edas, serigraf\u00edas, linograf\u00edas, collages y t\u00e9cnicas mixtas), de los autores co contempor\u00e1neros m\u00e1s influyente \u00a0dentro del panorama nacional e internacional, seg\u00fan explica el promotor respecto a esa iniciativa, ejemplo de su labor como galerista y coleccionista, en especial al frente de la galer\u00eda La Maleta de Valladolid.<\/p>\n<p>represenativo. La muestra inaugural de este museo incluye obras de 33 artistas que ofrecen un recorrido representativo por la obra gr\u00e1fica de finales del siglo XX y comienzos del XXI. En total, la colecci\u00f3n completa cuenta con m\u00e1s de 250 piezas, lo que permitir\u00e1 renovar la exposici\u00f3n.<\/p>\n<p>Entre los artistas representados destacan grandes nombres del panorama art\u00edstico espa\u00f1ol como Miquel Barcel\u00f3, Eduardo \u00darculo, Joan Mir\u00f3, Antonio Saura, Pablo Palazuelo, Antoni T\u00e0pies, Eduardo Chillida, Antonio L\u00f3pez y Luis Gordillo. Tambi\u00e9n hay presencia internacional con artistas franceses, italianos y japoneses.<\/p>\n<p>Entre los autores se encuentra tambi\u00e9n \u00a0Jos\u00e9 Jim\u00e9nez Lozano, Premio Cervantes, quien, aunque no fue artista pl\u00e1stico, dej\u00f3 una serie de cuadernos con collages que fueron editados en su momento por la Galer\u00eda La Maleta..<\/p>\n<p>El Museo se ubica en un pabell\u00f3n acondicionado especialmente para la ocasi\u00f3n, con un enfoque did\u00e1ctico y accesible. La iniciativa busca sumar un nuevo foco cultural al entorno, complementando otros esfuerzos como la Fundaci\u00f3n Francis Chapelet, ya presente en la localidad. Durante la jornada inaugural, el museo acoger\u00e1 una charla a cargo de Alberto Valverde, fundador de la Escuela Municipal de Grabado de Valladolid.<\/p>\n<p>\u00a0El Museo de Obra Gr\u00e1fica funcionar\u00e1 inicialmente con visitas bajo cita previa, especialmente para grupos o centros educativos. Adem\u00e1s, se prev\u00e9 la organizaci\u00f3n de talleres y cursos de iniciaci\u00f3n en t\u00e9cnicas gr\u00e1ficas, dirigidos por artistas de prestigio y con la intenci\u00f3n de fomentar el contacto directo con el arte desde el \u00e1mbito rural.<\/p>\n","protected":false},"excerpt":{"rendered":"Abarca de Campos \u00a0da un gran paso hacia la dinamizaci\u00f3n cultural del medio rural con la inauguraci\u00f3n del&hellip;\n","protected":false},"author":2,"featured_media":125444,"comment_status":"","ping_status":"","sticky":false,"template":"","format":"standard","meta":{"footnotes":""},"categories":[173],"tags":[40876,229,233,231,230,19155,208,232,234,146,147,25,24,241,11062,17594,40877,4193,23,1607],"class_list":{"0":"post-125443","1":"post","2":"type-post","3":"status-publish","4":"format-standard","5":"has-post-thumbnail","7":"category-arte-y-diseno","8":"tag-antonio-lopez","9":"tag-arte","10":"tag-arte-y-diseno","11":"tag-arts","12":"tag-arts-and-design","13":"tag-barcelo","14":"tag-conciertos","15":"tag-design","16":"tag-diseno","17":"tag-entertainment","18":"tag-entretenimiento","19":"tag-es","20":"tag-espana","21":"tag-exposiciones","22":"tag-joan-miro","23":"tag-plastico","24":"tag-premio-cervantes","25":"tag-siglo-xx","26":"tag-spain","27":"tag-valladolid"},"share_on_mastodon":{"url":"","error":""},"_links":{"self":[{"href":"https:\/\/www.europesays.com\/es\/wp-json\/wp\/v2\/posts\/125443","targetHints":{"allow":["GET"]}}],"collection":[{"href":"https:\/\/www.europesays.com\/es\/wp-json\/wp\/v2\/posts"}],"about":[{"href":"https:\/\/www.europesays.com\/es\/wp-json\/wp\/v2\/types\/post"}],"author":[{"embeddable":true,"href":"https:\/\/www.europesays.com\/es\/wp-json\/wp\/v2\/users\/2"}],"replies":[{"embeddable":true,"href":"https:\/\/www.europesays.com\/es\/wp-json\/wp\/v2\/comments?post=125443"}],"version-history":[{"count":0,"href":"https:\/\/www.europesays.com\/es\/wp-json\/wp\/v2\/posts\/125443\/revisions"}],"wp:featuredmedia":[{"embeddable":true,"href":"https:\/\/www.europesays.com\/es\/wp-json\/wp\/v2\/media\/125444"}],"wp:attachment":[{"href":"https:\/\/www.europesays.com\/es\/wp-json\/wp\/v2\/media?parent=125443"}],"wp:term":[{"taxonomy":"category","embeddable":true,"href":"https:\/\/www.europesays.com\/es\/wp-json\/wp\/v2\/categories?post=125443"},{"taxonomy":"post_tag","embeddable":true,"href":"https:\/\/www.europesays.com\/es\/wp-json\/wp\/v2\/tags?post=125443"}],"curies":[{"name":"wp","href":"https:\/\/api.w.org\/{rel}","templated":true}]}}