{"id":125445,"date":"2025-09-19T15:12:27","date_gmt":"2025-09-19T15:12:27","guid":{"rendered":"https:\/\/www.europesays.com\/es\/125445\/"},"modified":"2025-09-19T15:12:27","modified_gmt":"2025-09-19T15:12:27","slug":"una-piel-nueva-la-columna-de-santiago-loza","status":"publish","type":"post","link":"https:\/\/www.europesays.com\/es\/125445\/","title":{"rendered":"Una piel nueva | La columna de Santiago Loza"},"content":{"rendered":"<p>Un libro tan \u00edntimo como Sutura, de <b>Sof\u00eda Balbuena<\/b>, editado por Seix Barral, me obliga a volverme a\u00fan m\u00e1s personal, autorreferencial y caprichoso en esto que intento escribir. En el a\u00f1o 2002 despu\u00e9s de aquel estallido social y econ\u00f3mico hice mi primer viaje a Europa, casi de casualidad, con un pasaje que no pagu\u00e9. El primer lugar al que recal\u00e9 fue Barcelona, me dieron hospedaje un grupo de argentinos que compart\u00edan un piso, eran ocho en dos cuartos, o nueve o un n\u00famero variable seg\u00fan como terminaran los acontecimientos de cada d\u00eda. Tengo recuerdos difusos de a qu\u00e9 se dedicaban para sobrevivir, un chico se tomaba un tren a Sitges y trabajaba cambiando y lavando toallas en un sauna gay. Otras chicas ganaban su sustento como estatuas vivientes doradas frente a la catedral, ahora no se me vienen a la mente las ocupaciones temporales que ten\u00eda el resto, pero todo ten\u00eda precariedad, tambi\u00e9n aventura, pero sobre todo un cotidiano precario y azaroso.<\/p>\n<p><b>Cuando ca\u00eda el sol, despu\u00e9s de la fatiga del d\u00eda, iban a tomar ca\u00f1as, beb\u00edan como si los bares fueran fuentes de agua, saltaban de bar en bar, as\u00ed, hasta que los encontraba la madrugada. <\/b><\/p>\n<p>En aquel momento ten\u00eda deseos encontrados de emigrar. Pero al observar las formas que adquir\u00eda el cotidiano de quienes se iban, sent\u00ed que no iba a poder. Ya me hab\u00eda costado demasiado el desplazamiento que hab\u00eda tenido de mi provincia a la capital. <b>No me sent\u00ed con las fuerzas suficientes para irme a\u00fan m\u00e1s lejos, no tendr\u00eda el temple para tolerar las derivas infinitas que viven les migrantes. <\/b><\/p>\n<p>Leer Sutura es de alguna manera poder espiar algo de esas vidas que suceden en esa realidad paralela llamada \u201clos que se fueron\u201d,<b> es una historia en fuga<\/b>, una singularidad que de alguna manera refleja, expande y le da cuerpo e identidad a ese colectivo que intent\u00f3 su vida en un pa\u00eds lejano.<\/p>\n<p>Hace unos d\u00edas alguien me dijo que estaba muy enojada con sus amigues que se iban, que no pod\u00eda tolerar sus relatos. Su enojo obturaba la curiosidad de saber c\u00f3mo hab\u00edan continuado sus recorridos. Quien hablaba prefer\u00eda vivir sin pensar en esas ausencias. <\/p>\n<p><b>Sobre ese hueco de quien se fue, sobre varias preguntas que no se responden, sobre el material de la herida profunda est\u00e1 escrito el libro de Sof\u00eda Balbuena. <\/b><\/p>\n<p>La narradora va construyendo de manera implacable un relato con una sensibilidad lacerante. Este libro est\u00e1 partido en dos zonas, la primera narra el devenir de una dolencia f\u00edsica, un coraz\u00f3n con una falla que es intervenido una y otra vez, un t\u00f3rax que se abre, una vida que va sucediendo a la par del temor de una amenaza acechante. <\/p>\n<p>Y la sutura posterior, esa capa de piel nueva que crece sobre la piel del da\u00f1o. <\/p>\n<p>En esa segunda zona, la protagonista sobrevivi\u00f3, estamos a salvo, pero esa fuerza sobrehumana que pon\u00eda en la supervivencia ahora parece estar desbocada y adquiere formas sinuosas.<\/p>\n<p>Sof\u00eda traza recorridos entra\u00f1ables por lugares y personas. <b>\u00bfAcaso las ciudades no est\u00e1n proyectadas tambi\u00e9n sobre las l\u00edneas de antiguas heridas? <\/b><\/p>\n<p>Para quien llega a la ciudad, nuevas heridas, cicatrices y suturas se van sucediendo, multiplicando esa <b>cartograf\u00eda intrincada de los afectos<\/b>. <\/p>\n<p>El desarraigo, el encuentro fortuito, la amistad que sucede casi de manera inesperada, el choque con el amor en sus formas m\u00e1s diversas. Y pongo la palabra \u201cchoque\u201d porque la protagonista parece toparse ah\u00ed con un dilema que la atormenta, con una duda que no se va a despejar. <\/p>\n<p>La amistad, el amor y el sexo son la materia que combustiona el relato, el calor que produce el fen\u00f3meno f\u00edsico de la sutura. <\/p>\n<p>Tambi\u00e9n est\u00e1 el humor, no cualquier humor, es un humor \u00e1spero de quien se sabe sobreviviente. La risa seca de quien lleg\u00f3 hasta aqu\u00ed solo por el deseo de contarlo, escribir para fijar la experiencia desbordante. <\/p>\n<p>Sutura es el deambular por una ciudad desconocida, cenas improvisadas, borracheras, amistades entreveradas, madrugadas, traslados, esperas.<b> El relato de una noche crucial, el a\u00f1o nuevo, un pavo en el horno que nunca se cocina, encuentros, cruces, resaca,<\/b> las horas que se tornar\u00e1n inolvidables, un im\u00e1n temporal al que acude la memoria. <\/p>\n<p>La escritura de Sof\u00eda late de manera musical, por momentos se pone furiosa y de pronto se torna leve y delicada. Sof\u00eda escribe sin red. <\/p>\n<p>Cito un peque\u00f1o p\u00e1rrafo del libro que me resulta una clave para abrazar este relato, ella dice: \u201cMe interesa saber qui\u00e9n soy, en que me voy a convertir. No encuentro en esto ning\u00fan m\u00e9rito. Pero me consuelo repiti\u00e9ndome que por lo menos soy sincera. Puede que todo sea relativo, pero s\u00ed encuentro valor en la sinceridad. Otra cosa es que sirva para algo\u201d.<\/p>\n<p>Me conmueve esta suerte de<b> sincericidio literario<\/b>, esa declaraci\u00f3n que abandona una postura solemne.<\/p>\n<p>Sutura tambi\u00e9n se coloca al costado de la literatura sobre maternidad, Sutura es adem\u00e1s un libro sobre la experiencia de no ser madre. La voz de la relatora no se justifica, no juzga, no pontifica. Hay irreverencia y no pretende conformar. <\/p>\n<p>Cuando plantea un conflicto vincular, no ofrece una resoluci\u00f3n, deja el asunto abierto. Porque la vivencia no tiene una forma definida y los movimientos verdaderos del dolor, de la dicha y la incomodidad no se ajustan a las normas convencionales del relato.<b> No hay un final rimbombante. La protagonista de Sutura reflexiona sobre los causes del amor sin pisar el terreno de la certeza. <\/b><\/p>\n<p>Parte de la potencia de este peque\u00f1o y poderoso libro es esa irreverencia con la que decide no brindarnos una conclusi\u00f3n. No hay cierre porque las heridas siguen ah\u00ed. <\/p>\n<p>Tal vez sirvan para mostrarlas como tatuajes en una noche de borrachera, son nuestra memoria marcada, est\u00e1n expuestas a la espera de una caricia. <\/p>\n<p><b>Hace algunos a\u00f1os un escritor, un var\u00f3n, alguien a quien se considera importante dentro del panorama literario me dijo: \u201cYo escribo libros, no libritos\u201d<\/b>. Esa declaraci\u00f3n me hizo sentir de inmediato una especie de cucaracha que escrib\u00eda algunas cositas. Escribo libros muy cortos, guiones de cine que no tienen mayor extensi\u00f3n, obras de teatro breves; algo se exten\u00faa, me suelo poner sint\u00e9tico, por pereza o imposibilidad. <b>Leer este libro de Sof\u00eda me envalentona, me afirma en la creencia de la brevedad.<\/b> Esa condensaci\u00f3n explosiva que posee Sutura me da fuerzas. Las voces corridas, una manera de enunciar que no pretende abarcarlo todo. Y esa cualidad, de apariencia menor que se agiganta y estalla como un coraz\u00f3n henchido de vida.\u00a0<\/p>\n","protected":false},"excerpt":{"rendered":"Un libro tan \u00edntimo como Sutura, de Sof\u00eda Balbuena, editado por Seix Barral, me obliga a volverme a\u00fan&hellip;\n","protected":false},"author":2,"featured_media":125446,"comment_status":"","ping_status":"","sticky":false,"template":"","format":"standard","meta":{"footnotes":""},"categories":[172],"tags":[224,146,147,25,24,225,40879,23,40878],"class_list":{"0":"post-125445","1":"post","2":"type-post","3":"status-publish","4":"format-standard","5":"has-post-thumbnail","7":"category-libros","8":"tag-books","9":"tag-entertainment","10":"tag-entretenimiento","11":"tag-es","12":"tag-espana","13":"tag-libros","14":"tag-santiago-loza","15":"tag-spain","16":"tag-visto-y-leido"},"share_on_mastodon":{"url":"","error":""},"_links":{"self":[{"href":"https:\/\/www.europesays.com\/es\/wp-json\/wp\/v2\/posts\/125445","targetHints":{"allow":["GET"]}}],"collection":[{"href":"https:\/\/www.europesays.com\/es\/wp-json\/wp\/v2\/posts"}],"about":[{"href":"https:\/\/www.europesays.com\/es\/wp-json\/wp\/v2\/types\/post"}],"author":[{"embeddable":true,"href":"https:\/\/www.europesays.com\/es\/wp-json\/wp\/v2\/users\/2"}],"replies":[{"embeddable":true,"href":"https:\/\/www.europesays.com\/es\/wp-json\/wp\/v2\/comments?post=125445"}],"version-history":[{"count":0,"href":"https:\/\/www.europesays.com\/es\/wp-json\/wp\/v2\/posts\/125445\/revisions"}],"wp:featuredmedia":[{"embeddable":true,"href":"https:\/\/www.europesays.com\/es\/wp-json\/wp\/v2\/media\/125446"}],"wp:attachment":[{"href":"https:\/\/www.europesays.com\/es\/wp-json\/wp\/v2\/media?parent=125445"}],"wp:term":[{"taxonomy":"category","embeddable":true,"href":"https:\/\/www.europesays.com\/es\/wp-json\/wp\/v2\/categories?post=125445"},{"taxonomy":"post_tag","embeddable":true,"href":"https:\/\/www.europesays.com\/es\/wp-json\/wp\/v2\/tags?post=125445"}],"curies":[{"name":"wp","href":"https:\/\/api.w.org\/{rel}","templated":true}]}}