{"id":125455,"date":"2025-09-19T15:17:06","date_gmt":"2025-09-19T15:17:06","guid":{"rendered":"https:\/\/www.europesays.com\/es\/125455\/"},"modified":"2025-09-19T15:17:06","modified_gmt":"2025-09-19T15:17:06","slug":"la-falta-de-tiempo-en-consulta-principal-barrera-para-diagnosticar-pronto-el-alzheimer-en-cantabria-onda-cero","status":"publish","type":"post","link":"https:\/\/www.europesays.com\/es\/125455\/","title":{"rendered":"La falta de tiempo en consulta, principal barrera para diagnosticar pronto el Alzheimer en Cantabria &#8211; Onda Cero"},"content":{"rendered":"<ol>\n<li><a href=\"https:\/\/news.google.com\/rss\/articles\/CBMi_gFBVV95cUxQWnhfUU50OUJCVENCc0hOLWRPZDZOZmo3a3VENjN5SDFIUFhCLWxYd2JUOEpxRUI1Tk00dWk2VWxwNFp6bVVydXE3bF9IR1phVTFsMWxlekJWSEpiNzcwanpvWEFFalZlZ0J3UlRBbnkzV0FZVW9zRjdKMGlfTTFPUmE5YWFTR0FORVlwdWFKTG1BYmtieFU3T1FQMTU0UVd2ajRjUkQzX2JJNDNfZ2pWUGRrNzM3bFZUU0szODBkWW1MTVZzRGx5WXpFNHJrbXRMbXVuTFdYNFZDZmJ4c1N2aEI1T0lwYmlPZ2dyZmNJRGRpRGVyV3JYUFRZcjJQd9IB_gFBVV95cUxOU0VGUjlUVzVmOE5yRmNwMDJOMFkyd3dpZGRmc3VQRGpBTHpsbVdmWDNrSDlqNm0wdXA4czNmTzNFUmtNTjhDeGxxaG45Ym9ZVGlQMUdfOEY1Nnc2Y0hxQ0x1bGZweHYtbVJOaE1TUVlYd0kxT3h5Vlp6VVI2TkRUSXhsNEk4QWxyRTBUTHhvUmtFbG1UYlVjV3YzT211QUo0VkRoaEhUN3o3R1pJdm9uNEV0MEdyNmR0aDhMWVgxbk1DYklFR19wckZMQ29EWmlJVlJFSmRUc2lhZzk3X2RiT1JjaFZXV25vVy1KXzQ5REVBQkU2TGFOeUFLa1NZZw?oc=5\" target=\"_blank\" rel=\"nofollow noopener\">La falta de tiempo en consulta, principal barrera para diagnosticar pronto el Alzheimer en Cantabria<\/a>&nbsp;&nbsp;Onda Cero<\/li>\n<li><a href=\"https:\/\/news.google.com\/rss\/articles\/CBMi5AFBVV95cUxOclNkVm9YeWVHNnpQV1JtemRJVGUwX2M1SC1wVnBvQzdDcHBzeVlsZWR0NDVBMjd3SzdvT0poMU83S3FqbzM0T3dad1ZjaHI5M3RudDBMcVN4anJZWFJTRllqWW96Q3V5MVV4MUlybGJGb2VOWEw3ZHNCd0tJNFdWbTdsdkU0VDVaN0d4cFR5dWluclNBTFEtbGJNM21vTEw0UmlobnhrTmJKemg1Tm50NndFdTZSdU9ib0ljb0lOZmhRcWJ1RHAwSnRMVGtWUGs1Q3B2UE5ZdUlVdURfYk1zSTc0UWHSAeoBQVVfeXFMTW1ldmozWjdnX0VNMDNIUzF4TUxZTWhuYzFsRklZR1k2Q0I5MDJxbmJsNmxZbEtYb2F5LW1MVDQ2Y2NjUFJIbkU2ajJUUVZ5WWxYcllqck85SUpYc1pHdGdINGpwMzYwVU95LThLRTFKSEU5RDNJX1UxU2ZVRTEyVG94TUwxckZtMk81c3VPNzJNdENMeVV2cGJRVVdQNFVvd1VHbk5ySVdhZnRWNlNuWTExZjVpb202YnVyOUs2R01lQk10d19uN3kxWE5FX2k1Q0pHQzRERmtTd2lVTDZWNGtFczJKMDF2MERR?oc=5\" target=\"_blank\" rel=\"nofollow noopener\">El 89% de los expertos en alzh\u00e9imer alerta de que la falta de tiempo en consulta dificulta su detecci\u00f3n precoz<\/a>&nbsp;&nbsp;La Vanguardia<\/li>\n<li><a href=\"https:\/\/news.google.com\/rss\/articles\/CBMi9AFBVV95cUxPMVZBUFVoeng3U3YyR09ZME9pSjJUZXRndTlLRUZrSm9MWGdYLUxhZHpxXzFJNEJ0ZjlPTXpUaUtLekJmNTl1MEVoNVdPREEtV0tjT19aYUk1U1M0Y0dmWU1HRVJGc18tNm0xalk4Q0V2QzVjbDZoakdJVFhCRURoeHdPdU9wdHp6MFl5am8xam1Vb0ZLUTQzS2ZGMGlzNU03Q00yZUdLc2JQemY2YjhlZnpzOGF0NnFCenBpT0E1WGpmTkJ2UWY1ZmI2XzJqUEJkTDZGMWQzUzNidVNaOTI5eW5WbXV5Nzd4VV9CNnFxOWNJRkdu0gH6AUFVX3lxTE5nTjlIemFTOU8tSTQ2RnlmOEhrdFVnTmlTbTFmcGtsaHNkQ0VHSVhTTGg4bnRCd1lpaEdkdDBtMWhDU25yQ0JPV3JXMjRrdEZYZ05FeTl2MWRFUThmdHNNTmJYRzI1Nkc3OTFzUGNKd0haZlJtWnF4SjV4ZzhMT1o5dzNsVF8xUDE5ZnVrcjhJX2F4Y0k2QVhkTW8yeU80MjVhajlPWFNwcVZxLTRCZEtpOExQZi11QVA5VTU4VngwUUxXNDJPQ1hqVUU4ekNUOWJqOHJUUU1YS01QV2Vtak5veHBWT2VnaGNhVFJ4VnAzMldId0kteS1fa2c?oc=5\" target=\"_blank\" rel=\"nofollow noopener\">La falta de tiempo impide el diagn\u00f3stico de alzh\u00e9imer en CyL<\/a>&nbsp;&nbsp;SoriaNoticias<\/li>\n<li><a href=\"https:\/\/news.google.com\/rss\/articles\/CBMi2gFBVV95cUxPQTJRcXU3OHVIVEhucmZaOWxOVDE1MEJIckJwYmpMVHJEdVhSbHFYVkl1NkhKeExkZkxTc0JnWl95WmZYN1pxbDFiQ0NPajRxV2I2VkJ3Tzk5MGVkMC14blV0amljYXBSSVVTM0NRTUtacmdNV2ZPQ2hINDR3VFRiamJTVHoxdk9VWTR5N1laSm9aOFdwVENJRU9NY0hsd2s2TG1oVjNfZmdpOW4tR3E0MEtrSHNfYXFzMEtvTU85czA5YTdtb0JtX2l1QnIzdmZEMzZUR0p4U2psUQ?oc=5\" target=\"_blank\" rel=\"nofollow noopener\">Expertos advierten que la falta de recursos frena el diagn\u00f3stico precoz del Alzheimer en la CAV<\/a>&nbsp;&nbsp;naiz:<\/li>\n<li><a href=\"https:\/\/news.google.com\/rss\/articles\/CBMipAFBVV95cUxPUzdFNjJEN1hFa19LaHpZdGh4ZnpWQWozSmVSeEptbmg0MWNOTTQ3bG1tQThvTFJMc3VxRXBrT3U5elJyS2N6Z1dkZFdiSXlHcUVvR3JUYnJucXhEZTNHS0NMSm8tdUR5SzBJcVN2NHBBaUNNNGZseWsxZFpzYnRiYVlfR2hZd2tHZmxDaEFobFNaRDEzWTZZU2xKMHN1QUU2NnMtdtIBpAFBVV95cUxPZTdINHRUeUdrOGtqMEI5VU9SaWJERjNNUmJjVlVGU0l6RDJhU3lXay1tZkdaYXVFZ2hKcjhLNUQ4TFIzZW1XWlNFZnBUdWRxVlN4YUhBMHNuajllZmhsRXJRRy1nZUh4SXViVGJQc1VUcWxDTGpZQmRlUmpRVm9BQTJoRjVTd294VXVRdVZ3WS1vRTVNT09wRmpWeHpmaGtQWklZSg?oc=5\" target=\"_blank\" rel=\"nofollow noopener\">La falta de tiempo en consulta y de recursos dificultan el diagn\u00f3stico temprano del alzh\u00e9imer en Espa\u00f1a<\/a>&nbsp;&nbsp;El Peri\u00f3dico<\/li>\n<\/ol>\n","protected":false},"excerpt":{"rendered":"La falta de tiempo en consulta, principal barrera para diagnosticar pronto el Alzheimer en Cantabria&nbsp;&nbsp;Onda Cero El 89%&hellip;\n","protected":false},"author":2,"featured_media":123323,"comment_status":"","ping_status":"","sticky":false,"template":"","format":"standard","meta":{"footnotes":""},"categories":[92],"tags":[25,24,165,166,23],"class_list":{"0":"post-125455","1":"post","2":"type-post","3":"status-publish","4":"format-standard","5":"has-post-thumbnail","7":"category-salud","8":"tag-es","9":"tag-espana","10":"tag-health","11":"tag-salud","12":"tag-spain"},"share_on_mastodon":{"url":"","error":""},"_links":{"self":[{"href":"https:\/\/www.europesays.com\/es\/wp-json\/wp\/v2\/posts\/125455","targetHints":{"allow":["GET"]}}],"collection":[{"href":"https:\/\/www.europesays.com\/es\/wp-json\/wp\/v2\/posts"}],"about":[{"href":"https:\/\/www.europesays.com\/es\/wp-json\/wp\/v2\/types\/post"}],"author":[{"embeddable":true,"href":"https:\/\/www.europesays.com\/es\/wp-json\/wp\/v2\/users\/2"}],"replies":[{"embeddable":true,"href":"https:\/\/www.europesays.com\/es\/wp-json\/wp\/v2\/comments?post=125455"}],"version-history":[{"count":0,"href":"https:\/\/www.europesays.com\/es\/wp-json\/wp\/v2\/posts\/125455\/revisions"}],"wp:featuredmedia":[{"embeddable":true,"href":"https:\/\/www.europesays.com\/es\/wp-json\/wp\/v2\/media\/123323"}],"wp:attachment":[{"href":"https:\/\/www.europesays.com\/es\/wp-json\/wp\/v2\/media?parent=125455"}],"wp:term":[{"taxonomy":"category","embeddable":true,"href":"https:\/\/www.europesays.com\/es\/wp-json\/wp\/v2\/categories?post=125455"},{"taxonomy":"post_tag","embeddable":true,"href":"https:\/\/www.europesays.com\/es\/wp-json\/wp\/v2\/tags?post=125455"}],"curies":[{"name":"wp","href":"https:\/\/api.w.org\/{rel}","templated":true}]}}