{"id":125460,"date":"2025-09-19T15:20:12","date_gmt":"2025-09-19T15:20:12","guid":{"rendered":"https:\/\/www.europesays.com\/es\/125460\/"},"modified":"2025-09-19T15:20:12","modified_gmt":"2025-09-19T15:20:12","slug":"minor-international-completa-con-exito-la-opa-de-exclusion-de-mhea-alcanzando-un-87-de-aceptacion","status":"publish","type":"post","link":"https:\/\/www.europesays.com\/es\/125460\/","title":{"rendered":"Minor International completa con \u00e9xito la OPA de exclusi\u00f3n de MHEA alcanzando un 87% de aceptaci\u00f3n"},"content":{"rendered":"<p>Minor International Public Company Limited (MINT) ha finalizado con \u00e9xito su oferta p\u00fablica de adquisici\u00f3n (OPA) de exclusi\u00f3n dirigida a las acciones de Minor Hotels Europe &amp; Americas (MHEA), alcanzando un notable grado de aceptaci\u00f3n del 87% por parte de los accionistas minoritarios de MHEA, quienes participaron en la operaci\u00f3n a un precio de 6,51 euros por acci\u00f3n.<\/p>\n<p>\u00abLa tasa de aceptaci\u00f3n respalda la solidez de la propuesta y el precio ofrecido por MINT, al tiempo que permite consolidar, a\u00fan m\u00e1s, su presencia en MHEA\u00bb, mencionaron desde la compa\u00f1\u00eda mediante un comunicado. Tras este proceso, la participaci\u00f3n de MINT en MHEA se ha incrementado del 95,9% al 99,5%, lo que equivale a la adquisici\u00f3n de unos 15,7 millones de acciones adicionales. Con la finalizaci\u00f3n de la OPA, MHEA dejar\u00e1 de cotizar en la Bolsa espa\u00f1ola.<\/p>\n<p>Esta acci\u00f3n est\u00e1 alineada con los objetivos estrat\u00e9gicos de la empresa, incluyendo la reducci\u00f3n de costes. La exclusi\u00f3n de la cotizaci\u00f3n favorece una mayor flexibilidad operativa y una ejecuci\u00f3n m\u00e1s eficiente de las estrategias corporativas.<\/p>\n<p>Desde la direcci\u00f3n de la compa\u00f1\u00eda hotelera se afirma que \u00abeste paso generar\u00e1 sinergias dentro del grupo al alinear m\u00e1s estrechamente a MHEA con la plataforma global hotelera de MINT, al tiempo que simplifica la estructura corporativa y elimina los costes asociados a la cotizaci\u00f3n\u00bb. Adem\u00e1s, se considera que \u00abtodo ello favorecer\u00e1 una toma de decisiones m\u00e1s \u00e1gil y un mayor enfoque en el crecimiento sostenible a largo plazo y en la creaci\u00f3n de valor para los grupos de inter\u00e9s\u00bb.<\/p>\n<p>MHEA continuar\u00e1 fortaleciendo su compromiso con las buenas pr\u00e1cticas de gobierno corporativo y la transparencia, beneficiando a todos sus grupos de inter\u00e9s y manteniendo su posici\u00f3n de liderazgo en el sector hotelero y corporativo tanto en Espa\u00f1a como en Europa.<\/p>\n<p>\u00abEstamos muy satisfechos con el resultado de la oferta, que refleja la amplia aceptaci\u00f3n de los accionistas de MHEA y nos permite abrir el pr\u00f3ximo cap\u00edtulo de crecimiento de la compa\u00f1\u00eda. Confiamos plenamente en la evoluci\u00f3n de MHEA y en su impacto positivo en el conjunto del sector\u00bb, declar\u00f3 Dillip Rajakarier, consejero delegado del Grupo.<\/p>\n<p>El ejecutivo tambi\u00e9n destac\u00f3 que con la conclusi\u00f3n de la OPA y la exclusi\u00f3n de cotizaci\u00f3n, se refuerza el compromiso con el buen gobierno y la transparencia. \u00abEstos principios seguir\u00e1n guiando las operaciones y la toma de decisiones de MHEA, asegurando la alineaci\u00f3n con los valores de todos los grupos de inter\u00e9s. Esperamos con ilusi\u00f3n esta nueva etapa prometedora para MHEA y las oportunidades que est\u00e1n por venir\u00bb, finaliz\u00f3 el comunicado.<\/p>\n","protected":false},"excerpt":{"rendered":"Minor International Public Company Limited (MINT) ha finalizado con \u00e9xito su oferta p\u00fablica de adquisici\u00f3n (OPA) de exclusi\u00f3n&hellip;\n","protected":false},"author":2,"featured_media":73677,"comment_status":"","ping_status":"","sticky":false,"template":"","format":"standard","meta":{"footnotes":""},"categories":[80],"tags":[82,95,94,25,24,23],"class_list":{"0":"post-125460","1":"post","2":"type-post","3":"status-publish","4":"format-standard","5":"has-post-thumbnail","7":"category-economia","8":"tag-business","9":"tag-economia","10":"tag-economy","11":"tag-es","12":"tag-espana","13":"tag-spain"},"share_on_mastodon":{"url":"","error":""},"_links":{"self":[{"href":"https:\/\/www.europesays.com\/es\/wp-json\/wp\/v2\/posts\/125460","targetHints":{"allow":["GET"]}}],"collection":[{"href":"https:\/\/www.europesays.com\/es\/wp-json\/wp\/v2\/posts"}],"about":[{"href":"https:\/\/www.europesays.com\/es\/wp-json\/wp\/v2\/types\/post"}],"author":[{"embeddable":true,"href":"https:\/\/www.europesays.com\/es\/wp-json\/wp\/v2\/users\/2"}],"replies":[{"embeddable":true,"href":"https:\/\/www.europesays.com\/es\/wp-json\/wp\/v2\/comments?post=125460"}],"version-history":[{"count":0,"href":"https:\/\/www.europesays.com\/es\/wp-json\/wp\/v2\/posts\/125460\/revisions"}],"wp:featuredmedia":[{"embeddable":true,"href":"https:\/\/www.europesays.com\/es\/wp-json\/wp\/v2\/media\/73677"}],"wp:attachment":[{"href":"https:\/\/www.europesays.com\/es\/wp-json\/wp\/v2\/media?parent=125460"}],"wp:term":[{"taxonomy":"category","embeddable":true,"href":"https:\/\/www.europesays.com\/es\/wp-json\/wp\/v2\/categories?post=125460"},{"taxonomy":"post_tag","embeddable":true,"href":"https:\/\/www.europesays.com\/es\/wp-json\/wp\/v2\/tags?post=125460"}],"curies":[{"name":"wp","href":"https:\/\/api.w.org\/{rel}","templated":true}]}}