{"id":125467,"date":"2025-09-19T15:24:07","date_gmt":"2025-09-19T15:24:07","guid":{"rendered":"https:\/\/www.europesays.com\/es\/125467\/"},"modified":"2025-09-19T15:24:07","modified_gmt":"2025-09-19T15:24:07","slug":"el-beach-handball-se-prepara-para-el-ihf-global-tour-2025-marca-personal","status":"publish","type":"post","link":"https:\/\/www.europesays.com\/es\/125467\/","title":{"rendered":"El Beach Handball se prepara para el IHF Global Tour 2025 \u2013 Marca Personal"},"content":{"rendered":"<p><strong>Tras la hist\u00f3rica medalla dorada en los World Games de Chengdu, las Kamikazes volver\u00e1n a tener competencia de primer nivel en el marco de la 4\u00ba edici\u00f3n del Beach Handball Global Tour, <\/strong>el certamen que es organizado por la IHF buscando incrementar la competencia de la modalidad durante el a\u00f1o.<\/p>\n<p><strong>Para la Selecci\u00f3n Masculina significar\u00e1 el segundo evento internacional del a\u00f1o luego de disputar un cuatro naciones en Mar del Plata en el verano. <\/strong>A diferencia de las ediciones anteriores, en donde Argentina particip\u00f3 en ambas ramas en una de las etapas clasificatorias del Global Tour, este a\u00f1o fue invitado a jugar directamente la fase final.<\/p>\n<p><a href=\"https:\/\/handballargentina.org\/cah\/wp-content\/uploads\/2025\/09\/DSC_5247.jpg\" rel=\"nofollow noopener\" target=\"_blank\"><img decoding=\"async\" src=\"https:\/\/www.europesays.com\/es\/wp-content\/uploads\/2025\/09\/DSC_5247-1024x683.jpg\" alt=\"\" class=\"wp-image-39873\"\/><\/a><\/p>\n<p>De cara al evento, los chicos conducidos por Sebasti\u00e1n Ferraro realizaron una nueva concentraci\u00f3n en el CeNARD, en tanto que las chicas al mando de Leticia Brunati retornar\u00e1n a los entrenamientos el pr\u00f3ximo lunes 22 de septiembre.<\/p>\n<p>El Global Tour servir\u00e1 como una buena preparaci\u00f3n para los Sur-Centro, torneo clasificatorio al Mundial de Croacia 2026, que se llevar\u00e1n a cabo en diciembre en Chile.<\/p>\n<p><strong>Las 29 jugadoras convocadas de la Pre-Selecci\u00f3n Femenina:<\/strong><\/p>\n<p><strong>Arqueras:<\/strong>\u00a0Constanza Suarez (Deportivo Mitre), Candela Verduci (Municipalidad de la Costa), Camila Ferman (Municipalidad de Quilmes) y Valentina Riondini (Brutus)<\/p>\n<p><strong>Defensoras:<\/strong>\u00a0Bel\u00e9n Aizen (Brutus), Micaela Corimberto (Brutus), Giuliana Gamba (Municipalidad de la Costa), Juana Medina (IFES), Alma Molina (Brutus), Martina Sandoval Crespo (Only Beach) y Luciana Scordamaglia (Municipalidad de la Costa).<\/p>\n<p><strong>Especialistas:<\/strong>\u00a0Lucila Balsas (Brutus), Brisa Campot (Deportivo Mitre), Constanza Maurer (Only Beach), Zoe Raiman (Municipalidad de la Costa) y Jazmin Villafa\u00f1e (Municipalidad de la Costa).<\/p>\n<p><strong>Laterales:<\/strong>\u00a0Agostina Arcajo (Deportivo Mitre), Fiorella Corimberto (Brutus), Florencia Gallo (Deportivo Mitre), Delfina Gratti (Deportivo Mitre), Delfina Nervi (Only Beach), Camila Lavagna (Municipalidad de la Costa), Guadalupe Mancini (Libre) y Martina Pardal (Libre).<\/p>\n<p><strong>Pivot:\u00a0<\/strong>Magal\u00ed Alfredi (Deportivo Mitre), Emma Bernasconi (Municipalidad de Quilmes), Gisella Bonomi (Brutus), Sofia Dragonetti (Municipalidad de la Costa) y Zoe Turnes (CATS \u2013 ESP)<\/p>\n<p><strong>Cuerpo\u00a0<\/strong><strong>t\u00e9cnico:\u00a0<\/strong>Leticia Brunati (Entrenadora), Celeste Meccia (Asistente), Andr\u00e9s Sanz (Preparador f\u00edsico) y Andr\u00e9s Etienne (Kinesi\u00f3logo).<\/p>\n<p><a href=\"https:\/\/handballargentina.org\/cah\/wp-content\/uploads\/2025\/09\/DSC_5557.jpg\" rel=\"nofollow noopener\" target=\"_blank\"><img decoding=\"async\" src=\"https:\/\/www.europesays.com\/es\/wp-content\/uploads\/2025\/09\/DSC_5557-1024x683.jpg\" alt=\"\" class=\"wp-image-39875\"\/><\/a><\/p>\n<p><strong>Los 26 jugadores convocados de la Pre-Selecci\u00f3n Masculina:<\/strong><\/p>\n<p><strong>Arqueros:<\/strong>\u00a0Nicol\u00e1s Vella (Libre), Felipe Alvarez (IFES), Ramiro Fern\u00e1ndez (Lan\u00fas) y Juan Pedro Lombardi (Municipalidad de Quilmes).<\/p>\n<p><strong>Defensores:\u00a0<\/strong>Joaqu\u00edn Guillam\u00f3n (Los Buitres), Nicol\u00e1s Millet (IFES), Facundo Sanchez Burgardt (Los Buitres), Tomas Paez (Only Beach), Lautaro Barrera (Only Beach), Francisco N\u00fa\u00f1ez Muller (IFES) y Santiago Vidondo (Only Beach)<\/p>\n<p><strong>Especialistas:\u00a0<\/strong>Luka La Delfa (Los Buitres), Ezequiel Rozitchner (IFES), Graciano Gayraud (Uni\u00f3n Argentina), Lucas Coronel (IFES), Francisco Rosseto (Libre) y Francisco Arturo (Uni\u00f3n Argentina)<\/p>\n<p><strong>Laterales:\u00a0<\/strong>Valent\u00edn Zocco (Los Buitres), Santino Sposito (Sol de Mayo), Agust\u00edn Oller (IFES), Francisco Daudinot (Uni\u00f3n Argentina), Nahuel Baptista (Sol de Mayo) y Joaquin Mauch (Los Buitres)<\/p>\n<p><strong>Pivot:\u00a0<\/strong>Jose Basualdo (Uni\u00f3n Argentina), Giovanni Brunetta (Los Buitres) y Juan Bautista Dirr (IFES).<\/p>\n<p><strong>Cuerpo\u00a0<\/strong><strong>t\u00e9cnico:<\/strong>\u00a0Sebasti\u00e1n Ferraro (Entrenador), Andr\u00e9s Bueno (Asistente), Manuel Abalsamo (Preparador f\u00edsico) y Andr\u00e9s Etienne (Kinesi\u00f3logo).<\/p>\n<p>\t\tContinue Reading<\/p>\n","protected":false},"excerpt":{"rendered":"Tras la hist\u00f3rica medalla dorada en los World Games de Chengdu, las Kamikazes volver\u00e1n a tener competencia de&hellip;\n","protected":false},"author":2,"featured_media":125468,"comment_status":"","ping_status":"","sticky":false,"template":"","format":"standard","meta":{"footnotes":""},"categories":[278],"tags":[376,168,25,24,375,23,167],"class_list":{"0":"post-125467","1":"post","2":"type-post","3":"status-publish","4":"format-standard","5":"has-post-thumbnail","7":"category-balonmano","8":"tag-balonmano","9":"tag-deportes","10":"tag-es","11":"tag-espana","12":"tag-handball","13":"tag-spain","14":"tag-sports"},"share_on_mastodon":{"url":"","error":""},"_links":{"self":[{"href":"https:\/\/www.europesays.com\/es\/wp-json\/wp\/v2\/posts\/125467","targetHints":{"allow":["GET"]}}],"collection":[{"href":"https:\/\/www.europesays.com\/es\/wp-json\/wp\/v2\/posts"}],"about":[{"href":"https:\/\/www.europesays.com\/es\/wp-json\/wp\/v2\/types\/post"}],"author":[{"embeddable":true,"href":"https:\/\/www.europesays.com\/es\/wp-json\/wp\/v2\/users\/2"}],"replies":[{"embeddable":true,"href":"https:\/\/www.europesays.com\/es\/wp-json\/wp\/v2\/comments?post=125467"}],"version-history":[{"count":0,"href":"https:\/\/www.europesays.com\/es\/wp-json\/wp\/v2\/posts\/125467\/revisions"}],"wp:featuredmedia":[{"embeddable":true,"href":"https:\/\/www.europesays.com\/es\/wp-json\/wp\/v2\/media\/125468"}],"wp:attachment":[{"href":"https:\/\/www.europesays.com\/es\/wp-json\/wp\/v2\/media?parent=125467"}],"wp:term":[{"taxonomy":"category","embeddable":true,"href":"https:\/\/www.europesays.com\/es\/wp-json\/wp\/v2\/categories?post=125467"},{"taxonomy":"post_tag","embeddable":true,"href":"https:\/\/www.europesays.com\/es\/wp-json\/wp\/v2\/tags?post=125467"}],"curies":[{"name":"wp","href":"https:\/\/api.w.org\/{rel}","templated":true}]}}