{"id":125469,"date":"2025-09-19T15:25:13","date_gmt":"2025-09-19T15:25:13","guid":{"rendered":"https:\/\/www.europesays.com\/es\/125469\/"},"modified":"2025-09-19T15:25:13","modified_gmt":"2025-09-19T15:25:13","slug":"premios-del-club-de-abonados-de-albacete-avance-taurino","status":"publish","type":"post","link":"https:\/\/www.europesays.com\/es\/125469\/","title":{"rendered":"Premios del Club de Abonados de Albacete \u2013 Avance Taurino"},"content":{"rendered":"<p>El Cid ha sido tenido como autor del mejor toreo al natural.<\/p>\n<p>\u00a0<\/p>\n<p>Tambi\u00e9n el Club de Abonados de Albacete, presidido por Jes\u00fas L\u00f3pez Gonz\u00e1lez, ha concedido ya sus premios a los destacados de la reci\u00e9n finalizada feria de esta ciudad. As\u00ed, el premio al mejor toreo al natural ha sido para El Cid, por los enjaretados al toro \u201cHur\u00f3n\u201d, de \u201cLa Quinta\u201d, lidiado el d\u00eda 15 de septiembre; el trofeo al mejor novillero ha sido para Aar\u00f3n Palacios; el instituido para el mejor novillero sin caballos ha ido a parar a Juan Zamora, alumno de la Escuela Taurina de Albacete.<\/p>\n<p>Como toro m\u00e1s completo se ha premiado a \u201cMaloscascos\u201d ,de la ganader\u00eda de \u201cLa Quinta\u201d, lidiado en su primer turno por Alejandro Pe\u00f1aranda el 15 de septiembre, mientras que el premo al mejor subalterno ha sido concedido a Jos\u00e9 Mar\u00eda Arenas, por sus actuaciones de los d\u00edas 8 y 15 de septiembre a las \u00f3rdenes de Molina.<\/p>\n<p>Adem\u00e1s, el trofeo D\u00e1maso Gonz\u00e1lez a los Valores de la Tauromaquia\u00a0 a nivel nacional ha sido para la Casa de Misericordia de Pamplona por su organizaci\u00f3n de la Feria del Toro.<\/p>\n<p>\u00a0<\/p>\n<p><strong>\u00a0\u00a0\u00a0\u00a0\u00a0\u00a0\u00a0\u00a0\u00a0\u00a0\u00a0 <\/strong><\/p>\n<p>\u00a0<\/p>\n","protected":false},"excerpt":{"rendered":"El Cid ha sido tenido como autor del mejor toreo al natural. \u00a0 Tambi\u00e9n el Club de Abonados&hellip;\n","protected":false},"author":2,"featured_media":125470,"comment_status":"","ping_status":"","sticky":false,"template":"","format":"standard","meta":{"footnotes":""},"categories":[277],"tags":[373,168,25,24,23,167,374],"class_list":{"0":"post-125469","1":"post","2":"type-post","3":"status-publish","4":"format-standard","5":"has-post-thumbnail","7":"category-toreo","8":"tag-bullfighting","9":"tag-deportes","10":"tag-es","11":"tag-espana","12":"tag-spain","13":"tag-sports","14":"tag-toreo"},"share_on_mastodon":{"url":"","error":""},"_links":{"self":[{"href":"https:\/\/www.europesays.com\/es\/wp-json\/wp\/v2\/posts\/125469","targetHints":{"allow":["GET"]}}],"collection":[{"href":"https:\/\/www.europesays.com\/es\/wp-json\/wp\/v2\/posts"}],"about":[{"href":"https:\/\/www.europesays.com\/es\/wp-json\/wp\/v2\/types\/post"}],"author":[{"embeddable":true,"href":"https:\/\/www.europesays.com\/es\/wp-json\/wp\/v2\/users\/2"}],"replies":[{"embeddable":true,"href":"https:\/\/www.europesays.com\/es\/wp-json\/wp\/v2\/comments?post=125469"}],"version-history":[{"count":0,"href":"https:\/\/www.europesays.com\/es\/wp-json\/wp\/v2\/posts\/125469\/revisions"}],"wp:featuredmedia":[{"embeddable":true,"href":"https:\/\/www.europesays.com\/es\/wp-json\/wp\/v2\/media\/125470"}],"wp:attachment":[{"href":"https:\/\/www.europesays.com\/es\/wp-json\/wp\/v2\/media?parent=125469"}],"wp:term":[{"taxonomy":"category","embeddable":true,"href":"https:\/\/www.europesays.com\/es\/wp-json\/wp\/v2\/categories?post=125469"},{"taxonomy":"post_tag","embeddable":true,"href":"https:\/\/www.europesays.com\/es\/wp-json\/wp\/v2\/tags?post=125469"}],"curies":[{"name":"wp","href":"https:\/\/api.w.org\/{rel}","templated":true}]}}