{"id":125473,"date":"2025-09-19T15:28:12","date_gmt":"2025-09-19T15:28:12","guid":{"rendered":"https:\/\/www.europesays.com\/es\/125473\/"},"modified":"2025-09-19T15:28:12","modified_gmt":"2025-09-19T15:28:12","slug":"sinner-presenta-su-fundacion-queria-abrirla-hace-tiempo-espero-que-perdure-por-muchos-anos","status":"publish","type":"post","link":"https:\/\/www.europesays.com\/es\/125473\/","title":{"rendered":"Sinner presenta su fundaci\u00f3n: \u00abQuer\u00eda abrirla hace tiempo, espero que perdure por muchos a\u00f1os\u00bb"},"content":{"rendered":"<p class=\"quota-display text-align-center\">\n        <a href=\"https:\/\/www.puntodebreak.com\/MDBA-B3-PDB-QUOTA-25\" rel=\"sponsored nofollow noopener\" title=\"Apuesta en bet365\" target=\"_blank\"><\/p>\n<p>            <img decoding=\"async\" alt=\"Bet365\" class=\"bet-logo lazyload\" loading=\"lazy\" src=\"https:\/\/www.europesays.com\/es\/wp-content\/uploads\/2025\/09\/1758239828_626_b365.jpg\"\/>Streaming Challenger Villa Maria en directo<\/p>\n<p> \ud83c\udfbe Francesco Maestrelli vs Murkel Dellien<\/p>\n<ol class=\"stream-card__steps\">\n<li>Entra aqu\u00ed y reg\u00edstrate en Bet365<\/li>\n<li>Haz tu primer dep\u00f3sito de m\u00ednimo 5\u00a0\u20ac<\/li>\n<li>Entra en la secci\u00f3n \u00abDirecto\u00bb y ve todos los partidos<\/li>\n<\/ol>\n<p>\n                                Ver partido en Bet365\n                            <\/p>\n<p>             <a href=\"https:\/\/www.ordenacionjuego.es\/participantes-juego\/juego-seguro\/rgiaj\" target=\"_blank\" rel=\"nofollow noopener\"><br \/>\n                <img decoding=\"async\" loading=\"lazy\" alt=\"autoexclusion\" width=\"38\" height=\"38\" class=\"lazyload\" src=\"https:\/\/www.europesays.com\/es\/wp-content\/uploads\/2025\/09\/1758239829_850_18.webp.webp\"\/><\/a><br \/>\n             <a href=\"https:\/\/www.ordenacionjuego.es\/participantes-juego\/juego-seguro\/rgiaj\" target=\"_blank\" rel=\"nofollow noopener\"><br \/>\n              <img decoding=\"async\" loading=\"lazy\" alt=\"autoexclusion\" width=\"50\" height=\"38\" class=\"lazyload\" src=\"https:\/\/www.europesays.com\/es\/wp-content\/uploads\/2025\/09\/1758239829_615_autoprohibicion.webp.webp\"\/><\/a><br \/>\n             <a href=\"https:\/\/www.ordenacionjuego.es\/participantes-juego\/juego-seguro\" target=\"_blank\" rel=\"nofollow noopener\"><br \/>\n                <img decoding=\"async\" loading=\"lazy\" alt=\"juego seguro\" width=\"223\" height=\"38\" class=\"lazyload\" src=\"https:\/\/www.europesays.com\/es\/wp-content\/uploads\/2025\/09\/1758239830_577_juego-seguro.webp.webp\"\/><\/a><br \/>\n             <a href=\"https:\/\/www.ordenacionjuego.es\/participantes-juego\" target=\"_blank\" rel=\"nofollow noopener\"><br \/>\n                <img decoding=\"async\" loading=\"lazy\" style=\"background:#000;padding:2px;\" alt=\"juega con responsabilidad\" width=\"206\" height=\"55\" class=\"lazyload\" src=\"https:\/\/www.europesays.com\/es\/wp-content\/uploads\/2025\/09\/1758239831_225_juega-con-responsabilidad.webp.webp\"\/><\/a><br \/>\n             \u00a0PUBLICIDAD<\/p>\n<p>        <\/a>\n      <\/p>\n<p class=\"text-align-justify\"><strong>Jannik Sinner<\/strong> present\u00f3 en el d\u00eda de hoy en Mil\u00e1n su fundaci\u00f3n que llevar\u00e1 su nombre y que busca la igualdad de oportunidades en j\u00f3venes deportistas: \u00abQuer\u00eda abrirla hace tiempo y espero que perdure por mucho tiempo. Intentaremos hacer muchas cosas positivas. Sin mi carrera, nada de esto habr\u00eda sido posible. Vengo de una familia muy normal, que siempre me dej\u00f3 hacer lo que quer\u00eda. Desde ese punto de vista, ten\u00edamos el dinero, pero nada m\u00e1s. Me considero muy afortunado; espero que los ni\u00f1os se sientan afortunados de tenerme a m\u00ed o a otros atletas a quienes intentamos ayudar\u00bb, asegur\u00f3 el n\u00famero dos del mundo en unas declaraciones a<strong> Sky Sports<\/strong>, recogidas por <a href=\"https:\/\/x.com\/giovannipelazzo\/status\/1968933494169481458\" rel=\"nofollow\"><strong>Giovanni Pelazzo.<\/strong><\/a><\/p>\n<blockquote class=\"twitter-tweet\">\n<p dir=\"ltr\" lang=\"it\" xml:lang=\"it\">Sinner \ud83c\uddee\ud83c\uddf9\ud83c\udf99<\/p>\n<p>\u00abIl tennis mi ha insegnato tante cose e mi ha cambiato la vita. La fondazione per me \u00e8 sempre stata molto importante la volevo aprire gi\u00e0 molto molto prima, per\u00f2 ci siamo detti di fare le cose per bene e di prenderci pi\u00f9 tempo.<\/p>\n<p>Speriamo si fare una cosa molto\u2026 <a href=\"https:\/\/t.co\/j5CC6KLA16\" rel=\"nofollow\">pic.twitter.com\/j5CC6KLA16<\/a><\/p>\n<p>\u2014 Giovanni Pelazzo (@giovannipelazzo) <a href=\"https:\/\/twitter.com\/giovannipelazzo\/status\/1968933494169481458?ref_src=twsrc%5Etfw\" rel=\"nofollow noopener\" target=\"_blank\">September 19, 2025<\/a><\/p><\/blockquote>\n<p class=\"text-align-justify\">\u00a0<\/p>\n<p><script async src=\"https:\/\/platform.twitter.com\/widgets.js\" charset=\"utf-8\"><\/script><\/p>\n","protected":false},"excerpt":{"rendered":"Streaming Challenger Villa Maria en directo \ud83c\udfbe Francesco Maestrelli vs Murkel Dellien Entra aqu\u00ed y reg\u00edstrate en Bet365&hellip;\n","protected":false},"author":2,"featured_media":125474,"comment_status":"","ping_status":"","sticky":false,"template":"","format":"standard","meta":{"footnotes":""},"categories":[274],"tags":[168,25,24,23,167,327,326],"class_list":{"0":"post-125473","1":"post","2":"type-post","3":"status-publish","4":"format-standard","5":"has-post-thumbnail","7":"category-tenis","8":"tag-deportes","9":"tag-es","10":"tag-espana","11":"tag-spain","12":"tag-sports","13":"tag-tenis","14":"tag-tennis"},"share_on_mastodon":{"url":"","error":""},"_links":{"self":[{"href":"https:\/\/www.europesays.com\/es\/wp-json\/wp\/v2\/posts\/125473","targetHints":{"allow":["GET"]}}],"collection":[{"href":"https:\/\/www.europesays.com\/es\/wp-json\/wp\/v2\/posts"}],"about":[{"href":"https:\/\/www.europesays.com\/es\/wp-json\/wp\/v2\/types\/post"}],"author":[{"embeddable":true,"href":"https:\/\/www.europesays.com\/es\/wp-json\/wp\/v2\/users\/2"}],"replies":[{"embeddable":true,"href":"https:\/\/www.europesays.com\/es\/wp-json\/wp\/v2\/comments?post=125473"}],"version-history":[{"count":0,"href":"https:\/\/www.europesays.com\/es\/wp-json\/wp\/v2\/posts\/125473\/revisions"}],"wp:featuredmedia":[{"embeddable":true,"href":"https:\/\/www.europesays.com\/es\/wp-json\/wp\/v2\/media\/125474"}],"wp:attachment":[{"href":"https:\/\/www.europesays.com\/es\/wp-json\/wp\/v2\/media?parent=125473"}],"wp:term":[{"taxonomy":"category","embeddable":true,"href":"https:\/\/www.europesays.com\/es\/wp-json\/wp\/v2\/categories?post=125473"},{"taxonomy":"post_tag","embeddable":true,"href":"https:\/\/www.europesays.com\/es\/wp-json\/wp\/v2\/tags?post=125473"}],"curies":[{"name":"wp","href":"https:\/\/api.w.org\/{rel}","templated":true}]}}