{"id":125475,"date":"2025-09-19T15:29:07","date_gmt":"2025-09-19T15:29:07","guid":{"rendered":"https:\/\/www.europesays.com\/es\/125475\/"},"modified":"2025-09-19T15:29:07","modified_gmt":"2025-09-19T15:29:07","slug":"majka-destapa-las-diferencias-entre-contador-y-pogacar-tadej-habla-menos","status":"publish","type":"post","link":"https:\/\/www.europesays.com\/es\/125475\/","title":{"rendered":"Majka destapa las diferencias entre Contador y Pogacar: \u00abTadej habla menos&#8230;\u00bb"},"content":{"rendered":"<p data-mrf-recirculation=\"Links P\u00e1rrafos\" class=\"ue-c-article__paragraph paragraph ue-c-article--first-letter-highlighted\">Rafal Majka, uno de los gregarios de lujo m\u00e1s reconocidos del pelot\u00f3n, empieza a despedirse del ciclismo profesional dejando frases que no pasan desapercibidas. En una entrevista con Bici.Pro, el polaco, que comparti\u00f3 equipo tanto con Alberto Contador como con Tadej Pogacar, se anim\u00f3 a comparar a dos campeones generacionales.<\/p>\n<p>La inevitable comparaci\u00f3n<\/p>\n<p data-mrf-recirculation=\"Links P\u00e1rrafos\" class=\"ue-c-article__paragraph paragraph\">\u201c<strong>Alberto pod\u00eda decir que iba a ganar<\/strong> Giro, Tour o Vuelta\u2026 y lo hac\u00eda. <strong>Pogacar no dice nada, pero gana todo. Habla menos y gana m\u00e1s<\/strong>\u201d, lanz\u00f3 Majka con la sinceridad que siempre lo ha caracterizado.<\/p>\n<p data-mrf-recirculation=\"Links P\u00e1rrafos\" class=\"ue-c-article__paragraph paragraph\">Majka debut\u00f3 en el WorldTour en <strong>2011 <\/strong>con Saxo Bank y r\u00e1pidamente mostr\u00f3 cualidades de l\u00edder. Incluso lleg\u00f3 a tener sus roces con <strong>Contador<\/strong>, pero a la vez lo arrop\u00f3 en grandes batallas. Despu\u00e9s vivi\u00f3 una etapa en <strong>BORA <\/strong>como jefe absoluto, con la presi\u00f3n que eso conlleva, hasta que en 2017 decidi\u00f3 dar un giro: \u201c<strong>Necesitaba un cambio y llegu\u00e9 a UAE, <\/strong>donde conoc\u00ed a un joven llamado Pogacar. Pens\u00e9 que ganar\u00eda alguna que otra carrera y de repente me encontr\u00e9 con alguien que gana todo y ser\u00e1 una leyenda\u201d, confes\u00f3.<\/p>\n<p data-mrf-recirculation=\"Links P\u00e1rrafos\" class=\"ue-c-article__paragraph paragraph\">Su <strong>palmar\u00e9s <\/strong>es m\u00e1s que digno: victorias de etapa en<strong> Tour y Vuelta, <\/strong>podio en\u00a0 <strong>LaVuelta<\/strong>, campe\u00f3n nacional de Polonia y un papel clave en los \u00e9xitos de Pogacar. Pero, sobre todo, <strong>Majka <\/strong>se consolid\u00f3 como ese gregario fiable que todo l\u00edder necesita.<\/p>\n<p data-mrf-recirculation=\"Links P\u00e1rrafos\" class=\"ue-c-article__paragraph paragraph\">A sus<strong> 36 a\u00f1os, <\/strong>Majka asegura que no deja el ciclismo por falta de piernas. \u201cTodav\u00eda tengo nivel, pero quiero pasar m\u00e1s tiempo con mis hijos. Estuve lejos de mi familia 24 a\u00f1os, viajando ocho meses al a\u00f1o. Ahora mis ni\u00f1os tienen nueve y cinco a\u00f1os, y el tiempo vuela\u201d, explic\u00f3.<\/p>\n<p data-mrf-recirculation=\"Links P\u00e1rrafos\" class=\"ue-c-article__paragraph paragraph\">El polaco se retira con la satisfacci\u00f3n de haber estado junto a los m\u00e1s grandes y con una frase que define su experiencia al lado del esloveno: \u201cHa sido divertido correr con el mejor ciclista del mundo, quiz\u00e1s de la historia\u201d.<\/p>\n","protected":false},"excerpt":{"rendered":"Rafal Majka, uno de los gregarios de lujo m\u00e1s reconocidos del pelot\u00f3n, empieza a despedirse del ciclismo profesional&hellip;\n","protected":false},"author":2,"featured_media":125476,"comment_status":"","ping_status":"","sticky":false,"template":"","format":"standard","meta":{"footnotes":""},"categories":[273],"tags":[313,312,168,25,24,23,167],"class_list":{"0":"post-125475","1":"post","2":"type-post","3":"status-publish","4":"format-standard","5":"has-post-thumbnail","7":"category-ciclismo","8":"tag-ciclismo","9":"tag-cycling","10":"tag-deportes","11":"tag-es","12":"tag-espana","13":"tag-spain","14":"tag-sports"},"share_on_mastodon":{"url":"","error":""},"_links":{"self":[{"href":"https:\/\/www.europesays.com\/es\/wp-json\/wp\/v2\/posts\/125475","targetHints":{"allow":["GET"]}}],"collection":[{"href":"https:\/\/www.europesays.com\/es\/wp-json\/wp\/v2\/posts"}],"about":[{"href":"https:\/\/www.europesays.com\/es\/wp-json\/wp\/v2\/types\/post"}],"author":[{"embeddable":true,"href":"https:\/\/www.europesays.com\/es\/wp-json\/wp\/v2\/users\/2"}],"replies":[{"embeddable":true,"href":"https:\/\/www.europesays.com\/es\/wp-json\/wp\/v2\/comments?post=125475"}],"version-history":[{"count":0,"href":"https:\/\/www.europesays.com\/es\/wp-json\/wp\/v2\/posts\/125475\/revisions"}],"wp:featuredmedia":[{"embeddable":true,"href":"https:\/\/www.europesays.com\/es\/wp-json\/wp\/v2\/media\/125476"}],"wp:attachment":[{"href":"https:\/\/www.europesays.com\/es\/wp-json\/wp\/v2\/media?parent=125475"}],"wp:term":[{"taxonomy":"category","embeddable":true,"href":"https:\/\/www.europesays.com\/es\/wp-json\/wp\/v2\/categories?post=125475"},{"taxonomy":"post_tag","embeddable":true,"href":"https:\/\/www.europesays.com\/es\/wp-json\/wp\/v2\/tags?post=125475"}],"curies":[{"name":"wp","href":"https:\/\/api.w.org\/{rel}","templated":true}]}}