{"id":125479,"date":"2025-09-19T15:31:10","date_gmt":"2025-09-19T15:31:10","guid":{"rendered":"https:\/\/www.europesays.com\/es\/125479\/"},"modified":"2025-09-19T15:31:10","modified_gmt":"2025-09-19T15:31:10","slug":"quiero-dar-un-paso-adelante","status":"publish","type":"post","link":"https:\/\/www.europesays.com\/es\/125479\/","title":{"rendered":"\u201cQuiero dar un paso adelante\u201d"},"content":{"rendered":"<p class=\"paragraph-atom &#10;        B-500-500-700-N B-600-500-700-N--md  \"><strong>Fue de los primeros en dar el \u201cs\u00ed quiero\u201d, pero el \u00faltimo en llegar<\/strong>. Por el medio, una operaci\u00f3n y un <strong>Eurobasket<\/strong> que le ha revalorizado. <strong>Rafa Lisboa<\/strong> (Oeiras -Portugal-, 1999) suda ya la nueva equipaci\u00f3n de entrenamiento del <a href=\"https:\/\/www.laregion.es\/zona-cob\/\" rel=\"nofollow noopener\" target=\"_blank\">COB<\/a>. El luso vivir\u00e1 su segunda temporada en el Pazo, la tercera en la Primera FEB. Lo har\u00e1 despu\u00e9s de un curso con altos y bajos, donde los problemas f\u00edsicos le frenaron por momentos. <strong>\u201cQuiero dar un paso adelante\u201d, se marca como objetivo para lo que est\u00e1 por venir<\/strong>. Y no queda mucho para que empiece lo bueno. De momento, Lisboa no oculta su ilusi\u00f3n tras empaparse del nuevo equipo cobista en sus primeras sesiones de trabajo<\/p>\n<p class=\"paragraph-atom &#10;        B-500-500-700-N B-600-500-700-N--md  \">\u201cEstoy muy contento de seguir en el COB. Me gusta lo que he visto, un equipo con gente comprometida, trabajadora y de buenas personas. Estamos trabajando en conocernos, en aprender el sistema del entrenador, encajando las piezas. Se est\u00e1 trabajando muy duro en este proceso de pretemporada. Y tambi\u00e9n en crear esos lazos personales, que son muy importantes. Lo estamos haciendo bien\u201d, <strong>explica el base<\/strong>.<\/p>\n<p class=\"paragraph-atom &#10;        B-500-500-700-N B-600-500-700-N--md  \">Su <strong>renovaci\u00f3n <\/strong>se oficializ\u00f3 al principio del ya lejano mes de julio, cuando las vacaciones estaban en su m\u00e1ximo apogeo. No fue complicado llegar al apret\u00f3n de manos y prolongar el v\u00ednculo. \u201cFue un proceso de renovaci\u00f3n f\u00e1cil. Conozco al club, la ciudad, al entrenador\u2026 No tardamos en llegar a un acuerdo. Es verdad que me oper\u00e9 por un problema en la rodilla y al comienzo del verano estuve centrado en recuperarme, pero fue r\u00e1pido\u201d, <strong>recuerda Lisboa<\/strong>.<\/p>\n<p class=\"paragraph-atom &#10;        B-500-500-700-N B-600-500-700-N--md  \">Ser\u00e1 <strong>su segundo a\u00f1o en el Pazo y el tercero en Espa\u00f1a<\/strong>, ya que se estren\u00f3 en <strong>Cantabria<\/strong>. Y <strong>no quiere que sea una temporada m\u00e1s<\/strong>. \u201cEn lo colectivo, el objetivo real del equipo debe ser clasificarse para el play off. Sabemos que ser\u00e1 duro, que es una competici\u00f3n de alto nivel. Y en lo personal, mi objetivo es tener una mejor temporada y, sobre todo, m\u00e1s consistente. Para ello tengo que evitar las lesiones. Creo que en la pasada temporada tuve momentos buenos y otros en los que no estuve tan bien. No me gusta poner disculpas, pero en mis dos a\u00f1os en Espa\u00f1a siempre tuve esas lesiones que evitaron que estuviese fino. Pienso que no demostr\u00e9 todo mi potencial y quiero dar un paso adelante\u201d, <strong>analiza el portugu\u00e9s<\/strong>.<\/p>\n<p class=\"paragraph-atom &#10;        B-500-500-700-N B-600-500-700-N--md  \"><strong>Unas expectativas que se han visto avaladas por su actuaci\u00f3n en el reciente Eurobasket<\/strong>, donde fue <strong>uno de los referentes de la selecci\u00f3n de Portugal<\/strong>, promediando 10 puntos por partido y casi cuatro asistencias, contribuyendo a que los lusos se metieran en el top-16 del torneo. \u201cHa sido un verano espectacular, es cierto. Jugar un Eurobasket ya es algo especial para cualquier jugador. Hacerlo adem\u00e1s con una selecci\u00f3n que no se clasificaba para este torneo desde el 2011 y, adem\u00e1s, meterse entre los 16 mejores. Ganamos los partidos clave y perdimos aquellos que era m\u00e1s l\u00f3gico que perdi\u00e9ramos. Fue una gran experiencia. En lo personal creo que jugu\u00e9 bien, hago un balance positivo\u201d, recuerda el jugador cobista. Un Eurobasket en el que un buen n\u00famero de jugadores de presente o pasado en Primera FEB brillaron, demostrando el nivel que est\u00e1 alcanzando la categor\u00eda. \u201cEso demuestra lo competitiva que es esta liga, el nivel t\u00e9cnico y t\u00e1ctico que tiene. Y eso beneficia tambi\u00e9n a los pa\u00edses\u201d.<\/p>\n<p>        \u00daltimo test<\/p>\n<p class=\"paragraph-atom &#10;        B-500-500-700-N B-600-500-700-N--md  \">Una liga que asoma por el horizonte. <strong>Antes, Rafa Lisboa jugar\u00e1 su primer partido de pretemporada con el COB,<\/strong> que ser\u00e1 precisamente el \u00faltimo ensayo de los ourensanos. Ma\u00f1ana, en Lal\u00edn, duelo ante el Basquet Coru\u00f1a desde las 12:30 horas. \u201cPara m\u00ed es muy importante jugar un partido antes de empezar la liga. Entrenar es entrenar, y quiero estar con el equipo en ritmo de partido, para adaptarme a lo que est\u00e1 pidiendo Moncho. No es una cuesti\u00f3n de estado f\u00edsico porque creo que estoy bien tras jugar todo el verano, pero es estar en ese ambiente de juego, tener ese \u2018feeling\u2019 con el resto del equipo\u201d, <strong>avanza el cobista<\/strong>.<\/p>\n<p class=\"paragraph-atom &#10;        B-500-500-700-N B-600-500-700-N--md  \">Un hombre llamado a ser fundamental. <strong>El COB confi\u00f3 en \u00e9l confi\u00f3 en el COB<\/strong>. El parquet pondr\u00e1 a prueba a un Rafa Lisboa que quiere ser importante y quiere serlo durante m\u00e1s tiempo. Por falta de ganas no va a ser.<\/p>\n<p>\n        Relacionado\n    <\/p>\n","protected":false},"excerpt":{"rendered":"Fue de los primeros en dar el \u201cs\u00ed quiero\u201d, pero el \u00faltimo en llegar. Por el medio, una&hellip;\n","protected":false},"author":2,"featured_media":125480,"comment_status":"","ping_status":"","sticky":false,"template":"","format":"standard","meta":{"footnotes":""},"categories":[269],"tags":[299,298,22068,2527,168,25,24,4577,10474,12830,23,167],"class_list":{"0":"post-125479","1":"post","2":"type-post","3":"status-publish","4":"format-standard","5":"has-post-thumbnail","7":"category-baloncesto","8":"tag-baloncesto","9":"tag-basketball","10":"tag-cob","11":"tag-dar","12":"tag-deportes","13":"tag-es","14":"tag-espana","15":"tag-lisboa","16":"tag-quiero","17":"tag-rafa","18":"tag-spain","19":"tag-sports"},"share_on_mastodon":{"url":"","error":""},"_links":{"self":[{"href":"https:\/\/www.europesays.com\/es\/wp-json\/wp\/v2\/posts\/125479","targetHints":{"allow":["GET"]}}],"collection":[{"href":"https:\/\/www.europesays.com\/es\/wp-json\/wp\/v2\/posts"}],"about":[{"href":"https:\/\/www.europesays.com\/es\/wp-json\/wp\/v2\/types\/post"}],"author":[{"embeddable":true,"href":"https:\/\/www.europesays.com\/es\/wp-json\/wp\/v2\/users\/2"}],"replies":[{"embeddable":true,"href":"https:\/\/www.europesays.com\/es\/wp-json\/wp\/v2\/comments?post=125479"}],"version-history":[{"count":0,"href":"https:\/\/www.europesays.com\/es\/wp-json\/wp\/v2\/posts\/125479\/revisions"}],"wp:featuredmedia":[{"embeddable":true,"href":"https:\/\/www.europesays.com\/es\/wp-json\/wp\/v2\/media\/125480"}],"wp:attachment":[{"href":"https:\/\/www.europesays.com\/es\/wp-json\/wp\/v2\/media?parent=125479"}],"wp:term":[{"taxonomy":"category","embeddable":true,"href":"https:\/\/www.europesays.com\/es\/wp-json\/wp\/v2\/categories?post=125479"},{"taxonomy":"post_tag","embeddable":true,"href":"https:\/\/www.europesays.com\/es\/wp-json\/wp\/v2\/tags?post=125479"}],"curies":[{"name":"wp","href":"https:\/\/api.w.org\/{rel}","templated":true}]}}