{"id":125485,"date":"2025-09-19T15:34:13","date_gmt":"2025-09-19T15:34:13","guid":{"rendered":"https:\/\/www.europesays.com\/es\/125485\/"},"modified":"2025-09-19T15:34:13","modified_gmt":"2025-09-19T15:34:13","slug":"no-se-trataba-solo-de-disenar-unas-oficinas-sino-de-crear-un-campus-empresarial","status":"publish","type":"post","link":"https:\/\/www.europesays.com\/es\/125485\/","title":{"rendered":"No se trataba solo de dise\u00f1ar unas oficinas, sino de crear un campus empresarial"},"content":{"rendered":"<p>En las oficinas modernas, cada vez es menos habitual contar con un puesto fijo de trabajo. Prima eso que se llama hot-desking; es decir, se elige el lugar de trabajo en funci\u00f3n de si ese d\u00eda toca reunirse con alg\u00fan compa\u00f1ero, con todo el equipo o si hay que realizar alguna tarea individual. As\u00ed pasa, por ejemplo, en l<strong>as nuevas oficinas de Mercadona,<\/strong> que <a href=\"https:\/\/errearquitectura.com\/proyectos\/\" rel=\"nofollow noopener\" target=\"_blank\">Erre Arquitectura,<\/a> estudio liderado por Jos\u00e9 Mart\u00ed, Amparo Roig y M. \u00c1ngeles Ros, ha proyectado \u201ccon el objetivo de generar espacios di\u00e1fanos y vers\u00e1tiles capaces de adaptarse a las necesidades cambiantes de la empresa y los empleados\u201d. <strong>En total, las oficinas disponen de 15 tipos de espacios diferentes:<\/strong> \u201cdesde cabinas de uso individual hasta aulas equipadas con grandes pantallas para la realizaci\u00f3n de workshops y sesiones colaborativas\u201d.\u00a0<\/p>\n<p>&#13;<img loading=\"lazy\" decoding=\"async\"   src=\"https:\/\/www.europesays.com\/es\/wp-content\/uploads\/2025\/09\/fachada-oficinas-centrales-mercadona-valencia-proyecto-erre-arquiectura_d3977bdb_250904193145_1920x7.webp\" alt=\"Fachada oficinas centrales Mercadona, Valencia. Proyecto: Erre Arquiectura\" class=\"lazyload\" width=\"1920\" height=\"771\" data-aspectratio=\"1920\/771\"\/><\/p>\n<p>Fachada oficinas centrales Mercadona, Valencia. Proyecto: Erre Arquiectura<\/p>\n<p>&#13;Imagen Subliminal<br \/>\n 40.000 metros cuadrados de oficinas\u2026<\/p>\n<p>Formado por cuatro bloques paralelos interconectados con orientaci\u00f3n norte-sur, <strong>las oficinas de Mercadona disfrutan en total de 85.000 m\u00b2:<\/strong> 40.000 m\u00b2 de oficinas y 45.000 m\u00b2 de aparcamiento subterr\u00e1neo (con capacidad para 1.300 veh\u00edculos). El primer bloque acomoda la entrada principal, las zonas de servicio y cuatro aulas de formaci\u00f3n. Los tres restantes, de 155 metros de largo x 16 metros de ancho, albergan las oficinas.<\/p>\n<p><a href=\"https:\/\/www.arquitecturaydiseno.es\/arquitectura\/charlotte-perriand-cocinas-abiertas-mujer-que-revoluciono-mundo-arquitectura-transformo-open-concept_12406\" data-ga4_event=\"custom_event\" data-ga4_event_name=\"click_intext\" data-ga4_link_url=\"https:\/\/www.arquitecturaydiseno.es\/arquitectura\/charlotte-perriand-cocinas-abiertas-mujer-que-revoluciono-mundo-arquitectura-transformo-open-concept_12406\" data-ga4_link_text=\"charlotte_perriand_la_primera_arquitecta_que_unio_salon_y_cocina_creo_que_le_corbusier_me_contrato_porque_creia_que_podia_transmitir_ideas\" data-ga4_content_type=\"photo\" data-ga4_element=\"related\" rel=\"nofollow noopener\" target=\"_blank\">&#13;&#13;<img loading=\"lazy\" decoding=\"async\" src=\"https:\/\/www.europesays.com\/es\/wp-content\/uploads\/2025\/09\/charlotte-perriand_21b153d5_b582cafa_250919144833_600x600.webp.webp\" alt=\"charlotte perriand\" class=\"lazyload\" width=\"600\" height=\"600\" data-aspectratio=\"600\/600\"\/>&#13;&#13;<\/p>\n<p class=\"epigraph\">&#13;Noticia relacionada<\/p>\n<p class=\"title\">Charlotte Perriand, la primera arquitecta que uni\u00f3 sal\u00f3n y cocina: \u00abCreo que Le Corbusier me contrat\u00f3 porque cre\u00eda que pod\u00eda transmitir ideas\u00bb<\/p>\n<p class=\"author-title\">Pablo S\u00e1nchez-Monta\u00f1\u00e9s Quintana<\/p>\n<p><\/a>&#13;<img loading=\"lazy\" decoding=\"async\"   src=\"https:\/\/www.europesays.com\/es\/wp-content\/uploads\/2025\/09\/patio-ajardinado-en-las-nuevas-oficinas-centrales-de-mercadona_f80ac914_250904192604_1920x1247.webp.webp\" alt=\"Patio ajardinado en las nuevas oficinas centrales de Mercadona\" class=\"lazyload\" width=\"1920\" height=\"1247\" data-aspectratio=\"1920\/1247\"\/><\/p>\n<p>Patio ajardinado en las nuevas oficinas centrales de Mercadona<\/p>\n<p>&#13;Imagen Subliminal<br \/>\n \u2026 Con grandes patios ajardinados<\/p>\n<p>Uno de los aspectos m\u00e1s destacados es que entre <strong>los vol\u00famenes se abren generosos patios ajardinados, que act\u00faan como espacios intermedios<\/strong> y dejan que la luz natural inunde las zonas de trabajo y los aparcamientos subterr\u00e1neos. Desde Erre explican que los patios \u201cintegran celos\u00edas met\u00e1licas orientadas seg\u00fan la incidencia solar, que tamizan la luz, reducen la radiaci\u00f3n directa y mejoran el confort t\u00e9rmico de los interiores\u201d.<\/p>\n<p>&#13;<img loading=\"lazy\" decoding=\"async\"   src=\"https:\/\/www.europesays.com\/es\/wp-content\/uploads\/2025\/09\/las-fachadas-garantizan-la-eficiencia-energetica-del-edificio_e91ce230_250904193404_1640x1920.webp.webp\" alt=\"Las fachadas garantizan la eficiencia energ\u00e9tica del edificio\" class=\"lazyload\" width=\"1640\" height=\"1920\" data-aspectratio=\"1640\/1920\"\/><\/p>\n<p>Las fachadas garantizan la eficiencia energ\u00e9tica del edificio<\/p>\n<p>&#13;Imagen Subliminal<br \/>\n Y fachadas que garantizan la eficiencia clim\u00e1tica del edificio<\/p>\n<p>Vidrio, aluminio y hormig\u00f3n prefabricado son los tres materiales usados en las fachadas. Este \u00faltimo se utiliza tanto en lamas verticales como en paneles opacos, con una textura que remite a los tradicionales carritos met\u00e1licos de los supermercados Mercadona. La fachada sur incorpora un sistema de lamas horizontales que filtra el sol, <strong>mejorando as\u00ed el comportamiento energ\u00e9tico del edificio.<\/strong> La climatizaci\u00f3n se realiza por aerotermia con 380 placas fotovoltaicas y un sistema de gesti\u00f3n inteligente que garantiza el uso eficiente de los recursos en las oficinas.<\/p>\n<p><a href=\"https:\/\/www.arquitecturaydiseno.es\/arquitectura\/este-edificio-oficinas-cerca-madrid-es-sostenible-por-partida-triple_11063\" data-ga4_event=\"custom_event\" data-ga4_event_name=\"click_intext\" data-ga4_link_url=\"https:\/\/www.arquitecturaydiseno.es\/arquitectura\/este-edificio-oficinas-cerca-madrid-es-sostenible-por-partida-triple_11063\" data-ga4_link_text=\"este_edificio_de_oficinas_cerca_de_madrid_es_sostenible_por_partida_triple\" data-ga4_content_type=\"photo\" data-ga4_element=\"related\" rel=\"nofollow noopener\" target=\"_blank\">&#13;&#13;<img loading=\"lazy\" decoding=\"async\" src=\"https:\/\/www.europesays.com\/es\/wp-content\/uploads\/2025\/09\/edificio-zero-detalle_bba93567_241021113456_600x600.webp.webp\" alt=\"Edificio Zero detalle\" class=\"lazyload\" width=\"600\" height=\"600\" data-aspectratio=\"600\/600\"\/>&#13;&#13;<\/p>\n<p class=\"epigraph\">&#13;Noticia relacionada<\/p>\n<p class=\"title\">Este edificio de oficinas cerca de Madrid es sostenible por partida triple<\/p>\n<p><\/a>&#13;<img loading=\"lazy\" decoding=\"async\"   src=\"https:\/\/www.europesays.com\/es\/wp-content\/uploads\/2025\/09\/la-distribucion-interior-es-funcional_fb7e814d_250904193239_1920x1280.webp.webp\" alt=\"La distribuci\u00f3n interior es funcional\" class=\"lazyload\" width=\"1920\" height=\"1280\" data-aspectratio=\"1920\/1280\"\/><\/p>\n<p>La distribuci\u00f3n interior es funcional<\/p>\n<p>&#13;Imagen Subliminal<br \/>\n Una distribuci\u00f3n funcional\u2026<\/p>\n<p>Dos corredores principales en verde y naranja, colores corporativos de Mercadona, conectan transversalmente los cuatro vol\u00famenes. \u201cM\u00e1s que simples ejes de circulaci\u00f3n, estos corredores se conciben como puntos de encuentro, articulados por espacios de relaci\u00f3n conocidos como las \u2018plazas\u2019, que dan servicio a las necesidades de los empleados fuera de las zonas de trabajo\u201d. Los arquitectos apuntan que en este proyecto, \u201cno se trataba solo de dise\u00f1ar unas oficinas, sino de crear un campus empresarial que mire al futuro y d\u00e9 respuesta al acelerado ritmo laboral de una empresa en constante transformaci\u00f3n\u201d.<\/p>\n<p>&#13;<img loading=\"lazy\" decoding=\"async\"   src=\"https:\/\/www.europesays.com\/es\/wp-content\/uploads\/2025\/09\/el-interior-de-las-oficinas-es-sereno-y-con-espacios-versatiles_69ef3c97_250904193451_1920x1808.webp.webp\" alt=\"El interior de las oficinas es sereno y con espacios vers\u00e1tiles\" class=\"lazyload\" width=\"1920\" height=\"1808\" data-aspectratio=\"1920\/1808\"\/><\/p>\n<p>El interior de las oficinas es sereno y con espacios vers\u00e1tiles<\/p>\n<p>&#13;Imagen Subliminal<br \/>\n \u2026 Y un interiorismo sereno y amable<\/p>\n<p>En cuanto al interiorismo, \u201capuesta por una paleta de tonos neutros que contribuye a crear un entorno de trabajo sereno y agradable\u201d. El blanco es el color escogido en los techos t\u00e9cnicos. El gris se ha elegido para los suelos de moqueta y la madera de roble ha sido la elecci\u00f3n las paredes para introducir la nota c\u00e1lida.<\/p>\n<p><a href=\"https:\/\/www.arquitecturaydiseno.es\/arquitectura\/uso-vidrio-arquitectura-moderna-como-muros-cortina-y-disenos-transparentes-redefinen-espacios_11186\" data-ga4_event=\"custom_event\" data-ga4_event_name=\"click_intext\" data-ga4_link_url=\"https:\/\/www.arquitecturaydiseno.es\/arquitectura\/uso-vidrio-arquitectura-moderna-como-muros-cortina-y-disenos-transparentes-redefinen-espacios_11186\" data-ga4_link_text=\"que_son_los_muros_cortina_y_como_el_vidrio_ha_redefinido_nuestras_casas_y_oficinas\" data-ga4_content_type=\"photo\" data-ga4_element=\"related\" rel=\"nofollow noopener\" target=\"_blank\">&#13;&#13;<img loading=\"lazy\" decoding=\"async\" src=\"https:\/\/www.europesays.com\/es\/wp-content\/uploads\/2025\/09\/the-sage-gateshead-un-proyecto-de-norman-foster_fcb8d003_241126165513_600x600.webp.webp\" alt=\"The Sage Gateshead, un proyecto de Norman Foster\" class=\"lazyload\" width=\"600\" height=\"600\" data-aspectratio=\"600\/600\"\/>&#13;&#13;<\/p>\n<p class=\"epigraph\">&#13;Noticia relacionada<\/p>\n<p class=\"title\">Qu\u00e9 son los muros cortina y c\u00f3mo el vidrio ha redefinido nuestras casas y oficinas<\/p>\n<p><\/a>&#13;<img loading=\"lazy\" decoding=\"async\"   src=\"https:\/\/www.europesays.com\/es\/wp-content\/uploads\/2025\/09\/en-las-oficinas-centrales-de-mercadona-no-hay-puestos-de-trabajo-fijos_8bbde0e6_250904193553_1920x12.webp\" alt=\"En las oficinas centrales de Mercadona no hay puestos de trabajo fijos\" class=\"lazyload\" width=\"1920\" height=\"1280\" data-aspectratio=\"1920\/1280\"\/><\/p>\n<p>En las oficinas centrales de Mercadona no hay puestos de trabajo fijos<\/p>\n<p>&#13;Imagen Subliminal<\/p>\n<p>El mobiliario elegido es de destacadas marcas de mueble de oficina, como Sedus, Steelcase y Herman Miller; y de algunas de las mejores <strong>empresas valencianas de mobiliario contempor\u00e1neo, <\/strong>como Vondom, Viccarbe y Andreu World.<\/p>\n<p>&#13;<img loading=\"lazy\" decoding=\"async\"   src=\"https:\/\/www.europesays.com\/es\/wp-content\/uploads\/2025\/09\/en-la-planta-superior-hay-una-terraza-mirador-proyecto-erre-arquitectura_2c8f067a_250904193734_1920x.webp\" alt=\"En la planta superior hay una terraza-mirador. Proyecto: Erre Arquitectura\" class=\"lazyload\" width=\"1920\" height=\"1280\" data-aspectratio=\"1920\/1280\"\/><\/p>\n<p>En la planta superior hay una terraza-mirador. Proyecto: Erre Arquitectura<\/p>\n<p>&#13;Imagen Subliminal<br \/>\n La guinda del pastel es una terraza-mirador para disfrutar del paisaje<\/p>\n<p>En la planta superior, el edificio cuenta con una terraza que ofrece privilegiadas vistas a la huerta valenciana. Se trata de \u201cun espacio semicubierto con un techo revestido de madera que se abre al cielo\u201d. El mirador es un lugar perfecto para desconectar siquiera unos minutos, pero tambi\u00e9n <strong>da fe de la cuidada relaci\u00f3n entre arquitectura y entorno <\/strong>que Erre propone en las nuevas oficinas de Mercadona.<\/p>\n","protected":false},"excerpt":{"rendered":"En las oficinas modernas, cada vez es menos habitual contar con un puesto fijo de trabajo. Prima eso&hellip;\n","protected":false},"author":2,"featured_media":125486,"comment_status":"","ping_status":"","sticky":false,"template":"","format":"standard","meta":{"footnotes":""},"categories":[173],"tags":[229,233,231,230,232,234,146,147,25,24,23],"class_list":{"0":"post-125485","1":"post","2":"type-post","3":"status-publish","4":"format-standard","5":"has-post-thumbnail","7":"category-arte-y-diseno","8":"tag-arte","9":"tag-arte-y-diseno","10":"tag-arts","11":"tag-arts-and-design","12":"tag-design","13":"tag-diseno","14":"tag-entertainment","15":"tag-entretenimiento","16":"tag-es","17":"tag-espana","18":"tag-spain"},"share_on_mastodon":{"url":"","error":""},"_links":{"self":[{"href":"https:\/\/www.europesays.com\/es\/wp-json\/wp\/v2\/posts\/125485","targetHints":{"allow":["GET"]}}],"collection":[{"href":"https:\/\/www.europesays.com\/es\/wp-json\/wp\/v2\/posts"}],"about":[{"href":"https:\/\/www.europesays.com\/es\/wp-json\/wp\/v2\/types\/post"}],"author":[{"embeddable":true,"href":"https:\/\/www.europesays.com\/es\/wp-json\/wp\/v2\/users\/2"}],"replies":[{"embeddable":true,"href":"https:\/\/www.europesays.com\/es\/wp-json\/wp\/v2\/comments?post=125485"}],"version-history":[{"count":0,"href":"https:\/\/www.europesays.com\/es\/wp-json\/wp\/v2\/posts\/125485\/revisions"}],"wp:featuredmedia":[{"embeddable":true,"href":"https:\/\/www.europesays.com\/es\/wp-json\/wp\/v2\/media\/125486"}],"wp:attachment":[{"href":"https:\/\/www.europesays.com\/es\/wp-json\/wp\/v2\/media?parent=125485"}],"wp:term":[{"taxonomy":"category","embeddable":true,"href":"https:\/\/www.europesays.com\/es\/wp-json\/wp\/v2\/categories?post=125485"},{"taxonomy":"post_tag","embeddable":true,"href":"https:\/\/www.europesays.com\/es\/wp-json\/wp\/v2\/tags?post=125485"}],"curies":[{"name":"wp","href":"https:\/\/api.w.org\/{rel}","templated":true}]}}